{"id":91243,"date":"2024-11-01T08:57:00","date_gmt":"2024-11-01T05:57:00","guid":{"rendered":"https:\/\/www.tgrthaber.com\/mavikadin\/?p=91243"},"modified":"2024-11-15T15:46:33","modified_gmt":"2024-11-15T12:46:33","slug":"kizilcik-serbetinin-dogasi-sila-turkoglu-sevgilisi-ata-ayyildiz-ile-pariste","status":"publish","type":"post","link":"https:\/\/www.tgrthaber.com\/mavikadin\/kizilcik-serbetinin-dogasi-sila-turkoglu-sevgilisi-ata-ayyildiz-ile-pariste\/","title":{"rendered":"K\u0131z\u0131lc\u0131k \u015eerbeti&#8217;nin Do\u011fa&#8217;s\u0131 S\u0131la T\u00fcrko\u011flu sevgilisi Ata Ayy\u0131ld\u0131z ile Paris&#8217;te"},"content":{"rendered":"<p>K\u0131z\u0131lc\u0131k \u015eerbeti&#8217;nin Do\u011fa&#8217;s\u0131 S\u0131la T\u00fcrko\u011flu, sevgilisi Ata Ayy\u0131ld\u0131z ile Paris&#8217;e gitti. S\u0131la T\u00fcrko\u011flu bir s\u00fcredir beraber oldu\u011fu Ata Ayy\u0131ld\u0131z ile Paris&#8217;te g\u00f6r\u00fcnt\u00fclendi.\u00a0<\/p>\n<p>\u0130\u015f insan\u0131 Ata Ayy\u0131ld\u0131z ile K\u0131z\u0131lc\u0131k \u015eerbeti&#8217;nin Do\u011fa&#8217;s\u0131 S\u0131la T&uuml;rko\u011flu bir s&uuml;redir beraber.&nbsp;SHOW TV&#8217;nin reyting rekortmeni dizisi &#8216;K\u0131z\u0131lc\u0131k \u015eerbeti&#8217;nde &nbsp;Do\u011fa karakterini oynayan S\u0131la T&uuml;rko\u011flu, set d\u0131\u015f\u0131nda kalan vaktini sevgilisiyle ge&ccedil;iriyor.&nbsp;<\/p>\n<p>Sosyal medyada s\u0131k s\u0131k payla\u015f\u0131m yapan &ccedil;ift bu kez Paris&#8217;te &ccedil;ekildi\u011fi foto\u011fraflar\u0131 takip&ccedil;ilerinin be\u011fenisine sundu.<\/p>\n<h3>SILA T&Uuml;RKO\u011eLU A\u015eKA GELD\u0130<\/h3>\n<p>Tuileries Bah&ccedil;esi&#8217;ne giden Ata Ayy\u0131ld\u0131z ile S\u0131la T&uuml;rko\u011flu payla\u015f\u0131m\u0131na kalp emojisi koymay\u0131 da ihmal etmedi.&nbsp;<\/p>\n<p>\u015eehirde gezmedik yer b\u0131rakmayan S\u0131la T&uuml;rko\u011flu ile Ata Ayy\u0131ld\u0131z, &ccedil;ekildikleri foto\u011fraflar\u0131 sosyal medya hesaplar\u0131ndan yay\u0131nlad\u0131.&nbsp;<\/p>\n<p><img decoding=\"async\" src=\"https:\/\/www.tgrthaber.com\/mavikadin\/wp-content\/images\/haberler\/24-11\/01\/haber-iciii-sila-2.jpg\" alt=\"\" title=\"\"><\/p>\n<p><img decoding=\"async\" src=\"https:\/\/www.tgrthaber.com\/mavikadin\/wp-content\/images\/haberler\/24-11\/01\/haber-iciii-sila.jpg\" alt=\"\" title=\"\"><\/p>\n<h3>D&Uuml;\u011e&Uuml;NDE ORTAYA &Ccedil;IKMI\u015eLARDI<\/h3>\n<p>S\u0131la T&uuml;rko\u011flu ile Ata Ayy\u0131ld\u0131z Mardin&#8217;de gittikleri bir d&uuml;\u011f&uuml;nde birlikte g&ouml;r&uuml;lm&uuml;\u015flerdi.<\/p>\n<p>Daha &ouml;nce fenomen Bet&uuml;l &Ccedil;akmak ile ili\u015fki ya\u015fayan Ayy\u0131ld\u0131z \u015fimdilerde T&uuml;rko\u011flu ile mutlu bir birliktelik ya\u015f\u0131yor.&nbsp;<\/p><\/p>\n","protected":false},"excerpt":{"rendered":"<p>K\u0131z\u0131lc\u0131k \u015eerbeti&#8217;nin Do\u011fa&#8217;s\u0131 S\u0131la T\u00fcrko\u011flu, sevgilisi Ata Ayy\u0131ld\u0131z ile Paris&#8217;e gitti. S\u0131la T\u00fcrko\u011flu bir s\u00fcredir beraber oldu\u011fu Ata Ayy\u0131ld\u0131z ile Paris&#8217;te g\u00f6r\u00fcnt\u00fclendi.\u00a0 \u0130\u015f insan\u0131 Ata Ayy\u0131ld\u0131z ile K\u0131z\u0131lc\u0131k \u015eerbeti&#8217;nin Do\u011fa&#8217;s\u0131 S\u0131la T&uuml;rko\u011flu bir s&uuml;redir beraber.&nbsp;SHOW TV&#8217;nin reyting rekortmeni dizisi &#8216;K\u0131z\u0131lc\u0131k \u015eerbeti&#8217;nde &nbsp;Do\u011fa karakterini oynayan S\u0131la T&uuml;rko\u011flu, set d\u0131\u015f\u0131nda kalan vaktini sevgilisiyle ge&ccedil;iriyor.&nbsp; Sosyal medyada s\u0131k [&hellip;]<\/p>\n","protected":false},"author":5,"featured_media":91242,"comment_status":"closed","ping_status":"open","sticky":false,"template":"","format":"standard","meta":{"rank_math_lock_modified_date":false,"footnotes":""},"categories":[76],"tags":[3541,157,807,2182],"class_list":["post-91243","post","type-post","status-publish","format-standard","has-post-thumbnail","hentry","category-magazin","tag-ata-ayyildiz","tag-kizilcik-serbeti","tag-paris","tag-sila-turkoglu"],"_links":{"self":[{"href":"https:\/\/www.tgrthaber.com\/mavikadin\/wp-json\/wp\/v2\/posts\/91243"}],"collection":[{"href":"https:\/\/www.tgrthaber.com\/mavikadin\/wp-json\/wp\/v2\/posts"}],"about":[{"href":"https:\/\/www.tgrthaber.com\/mavikadin\/wp-json\/wp\/v2\/types\/post"}],"author":[{"embeddable":true,"href":"https:\/\/www.tgrthaber.com\/mavikadin\/wp-json\/wp\/v2\/users\/5"}],"replies":[{"embeddable":true,"href":"https:\/\/www.tgrthaber.com\/mavikadin\/wp-json\/wp\/v2\/comments?post=91243"}],"version-history":[{"count":1,"href":"https:\/\/www.tgrthaber.com\/mavikadin\/wp-json\/wp\/v2\/posts\/91243\/revisions"}],"predecessor-version":[{"id":91244,"href":"https:\/\/www.tgrthaber.com\/mavikadin\/wp-json\/wp\/v2\/posts\/91243\/revisions\/91244"}],"wp:featuredmedia":[{"embeddable":true,"href":"https:\/\/www.tgrthaber.com\/mavikadin\/wp-json\/wp\/v2\/media\/91242"}],"wp:attachment":[{"href":"https:\/\/www.tgrthaber.com\/mavikadin\/wp-json\/wp\/v2\/media?parent=91243"}],"wp:term":[{"taxonomy":"category","embeddable":true,"href":"https:\/\/www.tgrthaber.com\/mavikadin\/wp-json\/wp\/v2\/categories?post=91243"},{"taxonomy":"post_tag","embeddable":true,"href":"https:\/\/www.tgrthaber.com\/mavikadin\/wp-json\/wp\/v2\/tags?post=91243"}],"curies":[{"name":"wp","href":"https:\/\/api.w.org\/{rel}","templated":true}]}}