{"id":91255,"date":"2024-11-01T10:22:00","date_gmt":"2024-11-01T07:22:00","guid":{"rendered":"https:\/\/www.tgrthaber.com\/mavikadin\/?p=91255"},"modified":"2024-11-15T15:46:56","modified_gmt":"2024-11-15T12:46:56","slug":"arjantinli-futbolcu-enzo-fernandez-esini-terk-etti-hayatin-tadini-bekar-bir-sekilde-cikarmak-istiyorum","status":"publish","type":"post","link":"https:\/\/www.tgrthaber.com\/mavikadin\/arjantinli-futbolcu-enzo-fernandez-esini-terk-etti-hayatin-tadini-bekar-bir-sekilde-cikarmak-istiyorum\/","title":{"rendered":"Arjantinli futbolcu Enzo Fernandez e\u015fini terk etti &#8220;Hayat\u0131n tad\u0131n\u0131 bekar bir \u015fekilde \u00e7\u0131karmak istiyorum&#8221;"},"content":{"rendered":"<p>Chelsea formas\u0131 giyen Arjantinli futbolcu Enzo Fernandez \u00e7ocukluk a\u015fk\u0131 ve iki \u00e7ocu\u011funun annesi Valentina Cervantes ile ayr\u0131lma karar\u0131 ald\u0131. Fernandez, &#8220;Hayat\u0131n tad\u0131n\u0131 bekar bir \u015fekilde \u00e7\u0131karmak istiyorum&#8221; \u015feklinde a\u00e7\u0131klama yapt\u0131.\u00a0<\/p>\n<p>Chelsea&#8217;nin 2023 y\u0131l\u0131nda 121 milyon euro bonservisle transfer etti\u011fi Enzo Fernandez &ouml;zel hayat\u0131yla ilgili &ccedil;ok &ouml;nemli bir karar ald\u0131.&nbsp;<br \/>Hen&uuml;z 23 ya\u015f\u0131nda olan Arjantinli futbolcu gen&ccedil; ya\u015fta baba olman\u0131n bunal\u0131m\u0131na girip e\u015finden ayr\u0131ld\u0131.&nbsp;<\/p>\n<h3>HAYATININ TADINI &Ccedil;IKARMAK \u0130ST\u0130YOR<\/h3>\n<p>Enzo Fernandez, &#8220;Hayat\u0131n tad\u0131n\u0131 bekar bir \u015fekilde &ccedil;\u0131karmak istiyorum&#8221; diyerek &ccedil;ocukluk a\u015fk\u0131 olan e\u015fi Valentina&#8217;dan ayr\u0131 ya\u015famak istedi\u011fini a&ccedil;\u0131klad\u0131.&nbsp;<\/p>\n<p>Gen&ccedil; ya\u015fta 2 &ccedil;ocuk sahibi olan Enzo Fernandez&#8217;in Londra&#8217;da tek ba\u015f\u0131na bekar hayat\u0131 ya\u015famak istedi\u011fi &ouml;\u011frenildi.&nbsp;<br \/>Valentina Cervantes ise e\u015finden ayr\u0131larak &ccedil;ocuklar\u0131yla Arjantin&#8217;e d&ouml;necek.&nbsp;<\/p>\n<p>6 y\u0131ll\u0131k birlikteli\u011fi sonland\u0131ran &ccedil;ift 18 ya\u015f\u0131ndan beri tan\u0131\u015f\u0131yor.&nbsp;<\/p>\n<p><img decoding=\"async\" src=\"https:\/\/www.tgrthaber.com\/mavikadin\/wp-content\/images\/haberler\/24-11\/01\/haber-iciii-enzo.jpg\" alt=\"\" title=\"\"><\/p>\n<h3>VALENTINA CERVANTES: A\u0130LE OLARAK KALACA\u011eIZ<\/h3>\n<p>Instagram hesab\u0131ndan payla\u015f\u0131m yapan Valentina Cervantes, &#8220;Biz her zaman aile olarak kalaca\u011f\u0131z ve birbirimize destek olaca\u011f\u0131z. &Ccedil;&uuml;nk&uuml; iki &ccedil;ocu\u011fumuz var. Enzo, m&uuml;kemmel bir baba ve harika bir kalbi var.&#8221; dedi.<\/p><\/p>\n","protected":false},"excerpt":{"rendered":"<p>Chelsea formas\u0131 giyen Arjantinli futbolcu Enzo Fernandez \u00e7ocukluk a\u015fk\u0131 ve iki \u00e7ocu\u011funun annesi Valentina Cervantes ile ayr\u0131lma karar\u0131 ald\u0131. Fernandez, &#8220;Hayat\u0131n tad\u0131n\u0131 bekar bir \u015fekilde \u00e7\u0131karmak istiyorum&#8221; \u015feklinde a\u00e7\u0131klama yapt\u0131.\u00a0 Chelsea&#8217;nin 2023 y\u0131l\u0131nda 121 milyon euro bonservisle transfer etti\u011fi Enzo Fernandez &ouml;zel hayat\u0131yla ilgili &ccedil;ok &ouml;nemli bir karar ald\u0131.&nbsp;Hen&uuml;z 23 ya\u015f\u0131nda olan Arjantinli futbolcu gen&ccedil; [&hellip;]<\/p>\n","protected":false},"author":5,"featured_media":91254,"comment_status":"closed","ping_status":"open","sticky":false,"template":"","format":"standard","meta":{"rank_math_lock_modified_date":false,"footnotes":""},"categories":[76],"tags":[1315,59323,59322,6531],"class_list":["post-91255","post","type-post","status-publish","format-standard","has-post-thumbnail","hentry","category-magazin","tag-ayrilik","tag-chelsea","tag-enzo-fernandez","tag-futbol"],"_links":{"self":[{"href":"https:\/\/www.tgrthaber.com\/mavikadin\/wp-json\/wp\/v2\/posts\/91255"}],"collection":[{"href":"https:\/\/www.tgrthaber.com\/mavikadin\/wp-json\/wp\/v2\/posts"}],"about":[{"href":"https:\/\/www.tgrthaber.com\/mavikadin\/wp-json\/wp\/v2\/types\/post"}],"author":[{"embeddable":true,"href":"https:\/\/www.tgrthaber.com\/mavikadin\/wp-json\/wp\/v2\/users\/5"}],"replies":[{"embeddable":true,"href":"https:\/\/www.tgrthaber.com\/mavikadin\/wp-json\/wp\/v2\/comments?post=91255"}],"version-history":[{"count":1,"href":"https:\/\/www.tgrthaber.com\/mavikadin\/wp-json\/wp\/v2\/posts\/91255\/revisions"}],"predecessor-version":[{"id":91256,"href":"https:\/\/www.tgrthaber.com\/mavikadin\/wp-json\/wp\/v2\/posts\/91255\/revisions\/91256"}],"wp:featuredmedia":[{"embeddable":true,"href":"https:\/\/www.tgrthaber.com\/mavikadin\/wp-json\/wp\/v2\/media\/91254"}],"wp:attachment":[{"href":"https:\/\/www.tgrthaber.com\/mavikadin\/wp-json\/wp\/v2\/media?parent=91255"}],"wp:term":[{"taxonomy":"category","embeddable":true,"href":"https:\/\/www.tgrthaber.com\/mavikadin\/wp-json\/wp\/v2\/categories?post=91255"},{"taxonomy":"post_tag","embeddable":true,"href":"https:\/\/www.tgrthaber.com\/mavikadin\/wp-json\/wp\/v2\/tags?post=91255"}],"curies":[{"name":"wp","href":"https:\/\/api.w.org\/{rel}","templated":true}]}}