{"id":91333,"date":"2024-11-01T21:31:49","date_gmt":"2024-11-01T18:31:49","guid":{"rendered":"https:\/\/www.tgrthaber.com\/mavikadin\/?p=91333"},"modified":"2024-11-15T15:49:22","modified_gmt":"2024-11-15T12:49:22","slug":"ortacag-salgini-verem-yeniden-nuksetti-covid-19u-geride-birakti-milyonlarca-insan-tehdit-altinda","status":"publish","type":"post","link":"https:\/\/www.tgrthaber.com\/mavikadin\/ortacag-salgini-verem-yeniden-nuksetti-covid-19u-geride-birakti-milyonlarca-insan-tehdit-altinda\/","title":{"rendered":"Orta\u00e7a\u011f salg\u0131n\u0131 verem yeniden n\u00fcksetti! Covid 19&#8217;u geride b\u0131rakt\u0131, milyonlarca insan tehdit alt\u0131nda!"},"content":{"rendered":"<p>Son y\u0131llarda d\u00fcnya genelinde milyonlarca insan\u0131 tehdit eden t\u00fcberk\u00fcloz, halk aras\u0131nda bilinen ad\u0131yla verem, 2023 itibar\u0131yla yeniden en \u00f6l\u00fcmc\u00fcl bula\u015f\u0131c\u0131 hastal\u0131k unvan\u0131n\u0131 kazand\u0131. Peki, verem nedir, nas\u0131l bula\u015f\u0131r? \u0130\u015fte bu hastal\u0131\u011f\u0131n risk fakt\u00f6rleri ve korunma y\u00f6ntemleri hakk\u0131nda bilmeniz gerekenler&#8230;<\/p>\n<p class=\"p1\">T&uuml;berk&uuml;loz, halk aras\u0131nda verem olarak bilinen, d&uuml;nya genelinde milyonlarca bireyi etkileyen bir hastal\u0131k. 2023 y\u0131l\u0131 itibar\u0131yla verem, yeniden en &ouml;l&uuml;mc&uuml;l bula\u015f\u0131c\u0131 hastal\u0131k olarak g&uuml;ndeme oturdu. Bu durum, hem t\u0131bbi hem de sosyal a&ccedil;\u0131dan b&uuml;y&uuml;k bir endi\u015feye neden oluyor. Peki, verem tam olarak nedir ve nas\u0131l bula\u015f\u0131r? Vereme yol a&ccedil;an risk fakt&ouml;rleri neler? Bu yaz\u0131da sizler i&ccedil;in t&uuml;berk&uuml;lozun neden oldu\u011fu tehditleri ve onunla ba\u015fa &ccedil;\u0131kman\u0131n yollar\u0131n\u0131 derledik.<span class=\"Apple-converted-space\">&nbsp;<\/span><\/p>\n<h3 class=\"p1\">VEREM NED\u0130R?<\/h3>\n<p class=\"p1\">Verem, Mycobacterium tuberculosis ad\u0131 verilen bir bakterinin sebep oldu\u011fu bir enfeksiyon hastal\u0131\u011f\u0131d\u0131r. Genellikle akci\u011ferlerde g&ouml;r&uuml;len bu hastal\u0131k, zamanla v&uuml;cudun di\u011fer organlar\u0131na da yay\u0131labilir. Semptomlar\u0131 aras\u0131nda uzun s&uuml;reli &ouml;ks&uuml;r&uuml;k, gece terlemeleri, kilo kayb\u0131 ve bitkinlik yer al\u0131r. Verem, &ccedil;o\u011funlukla havada bulunan damlac\u0131klar arac\u0131l\u0131\u011f\u0131yla bula\u015f\u0131r; bir hasta &ouml;ks&uuml;rd&uuml;\u011f&uuml;nde veya hap\u015f\u0131rd\u0131\u011f\u0131nda, bakteriler havaya kar\u0131\u015f\u0131r ve bu havay\u0131 soluyan sa\u011fl\u0131kl\u0131 bireylere ge&ccedil;i\u015f yapar.<\/p>\n<p class=\"p1\"><img decoding=\"async\" src=\"https:\/\/www.tgrthaber.com\/mavikadin\/wp-content\/images\/haberler\/24-11\/01\/ekran-resmi-2024-11-01-215134.png\" alt=\"\" title=\"\"><\/p>\n<h3 class=\"p1\">VEREM NASIL BULA\u015eIR?<\/h3>\n<p class=\"p1\">Veremin bula\u015fma yollar\u0131 olduk&ccedil;a yayg\u0131nd\u0131r. Hastal\u0131\u011f\u0131 ta\u015f\u0131yan bir ki\u015fi ile yak\u0131n temas, enfeksiyonun en &ouml;nemli yollar\u0131ndan biridir. Bunun yan\u0131 s\u0131ra, kapal\u0131 alanlarda uzun s&uuml;re bulunmak, yetersiz havaland\u0131rma ve zay\u0131f ba\u011f\u0131\u015f\u0131kl\u0131k sistemi gibi durumlar, t&uuml;berk&uuml;loz riskini art\u0131r\u0131r. Ayr\u0131ca, kalabal\u0131k ya\u015fam ko\u015fullar\u0131 ve k&ouml;t&uuml; sa\u011fl\u0131k hizmetleri, hastal\u0131\u011f\u0131n yay\u0131lmas\u0131n\u0131 kolayla\u015ft\u0131ran di\u011fer fakt&ouml;rlerdir.<\/p>\n<p class=\"p1\"><img decoding=\"async\" src=\"https:\/\/www.tgrthaber.com\/mavikadin\/wp-content\/images\/haberler\/24-11\/01\/ekran-resmi-2024-11-01-215138.png\" alt=\"\" title=\"\"><\/p>\n<h3 class=\"p1\">VEREME NEDEN OLAN R\u0130SK FAKT&Ouml;RLER\u0130 NELER?<\/h3>\n<p class=\"p1\">Verem hastal\u0131\u011f\u0131, &ouml;zellikle belirli gruplar i&ccedil;in &ouml;nemli risk fakt&ouml;rleri ta\u015f\u0131r. Ba\u011f\u0131\u015f\u0131kl\u0131k sistemi zay\u0131f olan ki\u015filer, HIV pozitif bireyler, kronik hastal\u0131klara sahip olanlar ve yetersiz beslenen bireyler, t&uuml;berk&uuml;loza kar\u015f\u0131 daha hassast\u0131r. Bunun yan\u0131 s\u0131ra, veremin yayg\u0131n oldu\u011fu b&ouml;lgelerde ya\u015fayan veya bu b&ouml;lgelere seyahat eden insanlar da y&uuml;ksek risk alt\u0131ndad\u0131r. Bu durum, hastal\u0131\u011f\u0131n bula\u015fma olas\u0131l\u0131\u011f\u0131n\u0131 art\u0131r\u0131rken, sa\u011fl\u0131k sistemlerinin durumu ve ya\u015fam ko\u015fullar\u0131 da hastal\u0131\u011f\u0131n kontrol alt\u0131na al\u0131nmas\u0131n\u0131 zorla\u015ft\u0131rmaktad\u0131r.<\/p>\n<h3 class=\"p1\">TOPLUM SA\u011eLI\u011eINI TEHD\u0130T ED\u0130YOR<\/h3>\n<p class=\"p1\">Sosyal ve ekonomik fakt&ouml;rler, veremle m&uuml;cadelede &ouml;nemli engeller te\u015fkil eder. Sa\u011fl\u0131k hizmetlerine eri\u015fimdeki eksiklikler, d&uuml;\u015f&uuml;k ya\u015fam standartlar\u0131 ve yetersiz beslenme, bu hastal\u0131\u011f\u0131n yay\u0131lmas\u0131na zemin haz\u0131rlar. T&uuml;m bu risk fakt&ouml;rlerinin bir araya gelmesi, &ouml;zellikle savunmas\u0131z gruplar\u0131n veremle kar\u015f\u0131la\u015fma olas\u0131l\u0131\u011f\u0131n\u0131 art\u0131rmakta ve toplum sa\u011fl\u0131\u011f\u0131n\u0131 tehdit eden bir durum olu\u015fturmaktad\u0131r.<\/p>\n<p class=\"p1\"><img decoding=\"async\" src=\"https:\/\/www.tgrthaber.com\/mavikadin\/wp-content\/images\/haberler\/24-11\/01\/ekran-resmi-2024-11-01-215142.png\" alt=\"\" title=\"\"><\/p>\n<h3 class=\"p1\">VEREMLE M&Uuml;CADELEDE ALINACAK &Ouml;NLEMLER NELER?<\/h3>\n<p class=\"p1\">Vereme kar\u015f\u0131 al\u0131nabilecek &ouml;nlemler aras\u0131nda a\u015f\u0131lama, d&uuml;zenli sa\u011fl\u0131k kontrolleri ve tedaviye erken ba\u015flama yer al\u0131r. BCG a\u015f\u0131s\u0131, &ouml;zellikle &ccedil;ocuklar i&ccedil;in vereme kar\u015f\u0131 koruma sa\u011flar. Hastal\u0131\u011f\u0131n yay\u0131lmas\u0131n\u0131 &ouml;nlemek i&ccedil;in, hastalar\u0131n maske takmas\u0131 ve hijyen kurallar\u0131na uymas\u0131 &ouml;nemlidir. Sa\u011fl\u0131k sistemlerinin g&uuml;&ccedil;lendirilmesi, verem tarama programlar\u0131n\u0131n art\u0131r\u0131lmas\u0131 ve kamuoyunu bilin&ccedil;lendirme kampanyalar\u0131 da kritik &ouml;neme sahiptir.<\/p>\n<p class=\"p1\"><img decoding=\"async\" src=\"https:\/\/www.tgrthaber.com\/mavikadin\/wp-content\/images\/haberler\/24-11\/01\/ekran-resmi-2024-11-01-215157.png\" alt=\"\" title=\"\"><\/p>\n<h3 class=\"p1\">F\u0130NANSMAN A&Ccedil;I\u011eI SA\u011eLIK S\u0130STEM\u0130N\u0130 TEHD\u0130T ED\u0130YOR<span class=\"Apple-converted-space\">&nbsp;<\/span><\/h3>\n<p class=\"p3\">2023 y\u0131l\u0131 itibar\u0131yla Birle\u015fmi\u015f Milletler, t&uuml;berk&uuml;loz (verem) ile m&uuml;cadele hedeflerini belirlemi\u015f olsa da, bu &ouml;nemli sa\u011fl\u0131k sorununa ayr\u0131lan b&uuml;t&ccedil;e yetersiz kal\u0131yor. D&uuml;nya genelinde, verem tedavi s&uuml;re&ccedil;leri, te\u015fhis y&ouml;ntemleri ve ara\u015ft\u0131rmalar i&ccedil;in gerekli fonlar\u0131n yaln\u0131zca %26&rsquo;s\u0131 kar\u015f\u0131lanabilmi\u015f durumda. Bu finansman a&ccedil;\u0131\u011f\u0131, &ouml;zellikle d&uuml;\u015f&uuml;k ve orta gelirli &uuml;lkelerde hastal\u0131\u011f\u0131n yay\u0131lmas\u0131n\u0131 kontrol alt\u0131na almay\u0131 zorla\u015ft\u0131r\u0131yor.<\/p>\n<p class=\"p3\"><img loading=\"lazy\" decoding=\"async\" src=\"https:\/\/www.tgrthaber.com\/mavikadin\/wp-content\/images\/haberler\/24-11\/01\/ekran-resmi-2024-11-01-215203.png\" width=\"692\" height=\"462\" alt=\"\" title=\"\"><\/p>\n<h3 class=\"p3\">GELECEK \u0130&Ccedil;\u0130N UMUT VAR MI?<\/h3>\n<p class=\"p3\">D&uuml;nya Sa\u011fl\u0131k &Ouml;rg&uuml;t&uuml;&rsquo;n&uuml;n veremle m&uuml;cadele program\u0131n\u0131n y&ouml;neticisi Dr. Tereza Kasaeva, bu alanda umut verici geli\u015fmeler ya\u015fand\u0131\u011f\u0131n\u0131 belirtiyor. Verem tedavisinde daha etkili a\u015f\u0131lar\u0131n ve tedavi y&ouml;ntemlerinin &uuml;zerinde &ccedil;al\u0131\u015f\u0131ld\u0131\u011f\u0131n\u0131 ifade eden Kasaeva, y&uuml;ksek vaka say\u0131s\u0131na sahip &uuml;lkelerdeki klinik ara\u015ft\u0131rmalar\u0131n da h\u0131z kazand\u0131\u011f\u0131n\u0131 vurgulad\u0131.<\/p>\n<p class=\"p3\"><img decoding=\"async\" src=\"https:\/\/www.tgrthaber.com\/mavikadin\/wp-content\/images\/haberler\/24-11\/01\/ekran-resmi-2024-11-01-215212.png\" alt=\"\" title=\"\"><\/p>\n<p class=\"p3\">Gelecek y\u0131llarda bu &ccedil;al\u0131\u015fmalardan elde edilen verilerle, en az bir yeni a\u015f\u0131n\u0131n piyasaya s&uuml;r&uuml;lmesi bekleniyor. Ancak veremle m&uuml;cadeledeki bu umutlar, k&uuml;resel i\u015f birli\u011fi ve finansal kaynaklar\u0131n art\u0131r\u0131lmas\u0131yla ger&ccedil;e\u011fe d&ouml;n&uuml;\u015febilir.<\/p>\n<p class=\"p3\">\n<p class=\"p2\">&nbsp;<\/p>\n<p class=\"p3\">&nbsp;<\/p>\n<p class=\"p3\">&nbsp;<\/p>\n<p class=\"p3\">&nbsp;<\/p>\n","protected":false},"excerpt":{"rendered":"<p>Son y\u0131llarda d\u00fcnya genelinde milyonlarca insan\u0131 tehdit eden t\u00fcberk\u00fcloz, halk aras\u0131nda bilinen ad\u0131yla verem, 2023 itibar\u0131yla yeniden en \u00f6l\u00fcmc\u00fcl bula\u015f\u0131c\u0131 hastal\u0131k unvan\u0131n\u0131 kazand\u0131. Peki, verem nedir, nas\u0131l bula\u015f\u0131r? \u0130\u015fte bu hastal\u0131\u011f\u0131n risk fakt\u00f6rleri ve korunma y\u00f6ntemleri hakk\u0131nda bilmeniz gerekenler&#8230; T&uuml;berk&uuml;loz, halk aras\u0131nda verem olarak bilinen, d&uuml;nya genelinde milyonlarca bireyi etkileyen bir hastal\u0131k. 2023 y\u0131l\u0131 itibar\u0131yla [&hellip;]<\/p>\n","protected":false},"author":16,"featured_media":91332,"comment_status":"closed","ping_status":"open","sticky":false,"template":"","format":"standard","meta":{"rank_math_lock_modified_date":false,"footnotes":""},"categories":[1991],"tags":[7310,173,34941,59354,59353],"class_list":["post-91333","post","type-post","status-publish","format-standard","has-post-thumbnail","hentry","category-saglik","tag-bulasici-hastalik","tag-saglik","tag-tip","tag-tuberkuloz","tag-verem"],"_links":{"self":[{"href":"https:\/\/www.tgrthaber.com\/mavikadin\/wp-json\/wp\/v2\/posts\/91333"}],"collection":[{"href":"https:\/\/www.tgrthaber.com\/mavikadin\/wp-json\/wp\/v2\/posts"}],"about":[{"href":"https:\/\/www.tgrthaber.com\/mavikadin\/wp-json\/wp\/v2\/types\/post"}],"author":[{"embeddable":true,"href":"https:\/\/www.tgrthaber.com\/mavikadin\/wp-json\/wp\/v2\/users\/16"}],"replies":[{"embeddable":true,"href":"https:\/\/www.tgrthaber.com\/mavikadin\/wp-json\/wp\/v2\/comments?post=91333"}],"version-history":[{"count":1,"href":"https:\/\/www.tgrthaber.com\/mavikadin\/wp-json\/wp\/v2\/posts\/91333\/revisions"}],"predecessor-version":[{"id":91334,"href":"https:\/\/www.tgrthaber.com\/mavikadin\/wp-json\/wp\/v2\/posts\/91333\/revisions\/91334"}],"wp:featuredmedia":[{"embeddable":true,"href":"https:\/\/www.tgrthaber.com\/mavikadin\/wp-json\/wp\/v2\/media\/91332"}],"wp:attachment":[{"href":"https:\/\/www.tgrthaber.com\/mavikadin\/wp-json\/wp\/v2\/media?parent=91333"}],"wp:term":[{"taxonomy":"category","embeddable":true,"href":"https:\/\/www.tgrthaber.com\/mavikadin\/wp-json\/wp\/v2\/categories?post=91333"},{"taxonomy":"post_tag","embeddable":true,"href":"https:\/\/www.tgrthaber.com\/mavikadin\/wp-json\/wp\/v2\/tags?post=91333"}],"curies":[{"name":"wp","href":"https:\/\/api.w.org\/{rel}","templated":true}]}}