{"id":91366,"date":"2024-11-02T07:49:54","date_gmt":"2024-11-02T04:49:54","guid":{"rendered":"https:\/\/www.tgrthaber.com\/mavikadin\/?p=91366"},"modified":"2024-11-15T15:50:17","modified_gmt":"2024-11-15T12:50:17","slug":"tek-tip-beslenme-yuzunden-gorme-ve-isitme-yetisini-kaybetti-diyette-dikkat-edilmesi-gerekenler","status":"publish","type":"post","link":"https:\/\/www.tgrthaber.com\/mavikadin\/tek-tip-beslenme-yuzunden-gorme-ve-isitme-yetisini-kaybetti-diyette-dikkat-edilmesi-gerekenler\/","title":{"rendered":"Tek tip beslenme y\u00fcz\u00fcnden g\u00f6rme ve  i\u015fitme yetisini kaybetti! Diyette dikkat edilmesi gerekenler"},"content":{"rendered":"<p>Hastaneye ba\u015fvuran son vakalardan biri, t\u0131p d\u00fcnyas\u0131nda kayda ge\u00e7ecek kadar s\u0131ra d\u0131\u015f\u0131yd\u0131. 17 ya\u015f\u0131ndaki bir gencin sadece patates yemesi sonucu kal\u0131c\u0131 g\u00f6rme kayb\u0131 ya\u015famas\u0131, b\u00fcy\u00fck bir endi\u015fe meydana getirirken uzmanlardan da \u00f6nemli uyar\u0131lar geldi. Sadece patates t\u00fcketme \u015fekliniz bir daha g\u00f6rme yetinizi kaybetmenize yol a\u00e7abilir! \u0130\u015fte ayr\u0131nt\u0131lar&#8230;<\/p>\n<p>17 ya\u015f\u0131ndaki bir gencin beslenme al\u0131\u015fkanl\u0131klar\u0131na ba\u011fl\u0131 olarak ciddi bir g&ouml;rme kayb\u0131 ya\u015fad\u0131\u011f\u0131, Bristol G&ouml;z Hastanesi&#8217;nde g&ouml;rev yapan doktorlar\u0131n a&ccedil;\u0131klamalar\u0131yla g&uuml;ndemde yer buldu. G&ouml;rme kayb\u0131n\u0131n bir y\u0131la yakla\u015fan bir s&uuml;re i&ccedil;inde artmas\u0131, gencin tek tip beslenme al\u0131\u015fkanl\u0131\u011f\u0131ndan kaynakland\u0131\u011f\u0131 ortaya &ccedil;\u0131kt\u0131.<\/p>\n<h3>KEND\u0130N\u0130 \u0130Y\u0130 H\u0130SSETMED\u0130\u011e\u0130N\u0130 S&Ouml;YLED\u0130<\/h3>\n<p>14 ya\u015f\u0131nda doktora ba\u015fvuran gen&ccedil;, s&uuml;rekli halsiz oldu\u011funu ve kendini iyi hissetmedi\u011fini ifade etti. Yap\u0131lan testlerde demir eksikli\u011fi (mikrositer anemi) ve B12 vitamini yetersizli\u011fi tespit edilen gence, B12 vitamini takviyesi uyguland\u0131 ve beslenme d&uuml;zenine &ouml;zen g&ouml;stermesi konusunda &ouml;nerilerde bulunuldu.<\/p>\n<p><img decoding=\"async\" src=\"https:\/\/www.tgrthaber.com\/mavikadin\/wp-content\/images\/haberler\/24-11\/02\/stock-photo-cropped-view-senior-self-employed-farmer-holding-wooden-box-potatoes.jpeg\" alt=\"\" title=\"\"><\/p>\n<h3>1 YILDA G&Ouml;Z&Uuml;N&Uuml; KAYBETME NOKTASINA GELD\u0130<\/h3>\n<p>Birka&ccedil; y\u0131l sonra, i\u015fitme sorunlar\u0131 ya\u015famaya ba\u015flayan gencin g&ouml;rme kayb\u0131 da h\u0131zla ilerledi ve sonunda kendisine &#8220;optik n&ouml;ropati&#8221; te\u015fhisi kondu. Optik n&ouml;ropati, g&ouml;z ile beyin aras\u0131ndaki sinirlerin hasar g&ouml;rmesi sonucunda olu\u015fan ve g&ouml;rme kayb\u0131na yol a&ccedil;abilen bir rahats\u0131zl\u0131kt\u0131r.<\/p>\n<p>Cleveland Clinic&#8217;e g&ouml;re, sinirlerde meydana gelen bu t&uuml;r bir hasar, sinir sinyallerinin iletilmesinde aksamalara neden olur ve g&ouml;rme problemlerine sebebiyet verir.<\/p>\n<p><img decoding=\"async\" src=\"https:\/\/www.tgrthaber.com\/mavikadin\/wp-content\/images\/haberler\/24-11\/02\/stock-photo-close-up-of-beautiful-little-girl-brown-eyes.jpeg\" alt=\"\" title=\"\"><\/p>\n<h3>TEK T\u0130P BESLENME ALI\u015eKANLI\u011eI<\/h3>\n<p>Gencin doktoru Dr. Denize Atan&#8217;\u0131n aktard\u0131\u011f\u0131 bilgilere g&ouml;re, gen&ccedil; neredeyse yaln\u0131zca her g&uuml;n yerel bir bal\u0131k ve cips d&uuml;kkan\u0131ndan ald\u0131\u011f\u0131 patates k\u0131zartmas\u0131, cips, beyaz ekmek ve ara s\u0131ra jambonla besleniyordu.<\/p>\n<p>Meyve ve sebze t&uuml;ketmeyen gen&ccedil;, baz\u0131 yiyeceklere kar\u015f\u0131 bir &#8220;doku duyarl\u0131l\u0131\u011f\u0131&#8221; ya\u015fad\u0131\u011f\u0131n\u0131, patates k\u0131zartmas\u0131 ve cips gibi g\u0131dalar d\u0131\u015f\u0131nda ba\u015fka bir \u015fey yiyemedi\u011fini ifade etti.<\/p>\n<p><img decoding=\"async\" src=\"https:\/\/www.tgrthaber.com\/mavikadin\/wp-content\/images\/haberler\/24-11\/02\/stock-photo-top-view-assorted-junk-food-wooden-table.jpeg\" alt=\"\" title=\"\"><\/p>\n<h3>SONU&Ccedil;LAR VE TAVS\u0130YELER<\/h3>\n<p>Bu tekd&uuml;ze beslenme \u015fekli, v&uuml;cutta B12, bak\u0131r, selenyum ve D vitamini gibi hayati minerallerin azalmas\u0131na neden oldu.&nbsp;Dr. Atan, gencin test sonu&ccedil;lar\u0131n\u0131n ya\u015f\u0131na k\u0131yasla olduk&ccedil;a \u015fa\u015f\u0131rt\u0131c\u0131 oldu\u011funu ifade ederek, bu eksikliklerin v&uuml;cutta ciddi tahribat meydana getirebilece\u011fini belirtti.<\/p>\n<h3>YETERS\u0130Z BESLENME SONUCU ORTAYA &Ccedil;IKIYOR<\/h3>\n<p>Beslenme eksikli\u011fine ba\u011fl\u0131 optik n&ouml;ropati, yetersiz beslenme sonucunda sinirlerin hasar g&ouml;rmesiyle ortaya &ccedil;\u0131kan bir g&ouml;rme rahats\u0131zl\u0131\u011f\u0131d\u0131r.&nbsp;Bu durum, gencin kitap okuma, televizyon izleme ve y&uuml;zleri tan\u0131ma gibi becerilerinde zorluk ya\u015famas\u0131na yol a&ccedil;\u0131yor.<\/p>\n<p>Sadece &ccedil;evresel g&ouml;r&uuml;\u015f&uuml; (yan g&ouml;r&uuml;\u015f) korundu\u011fundan kendi ba\u015f\u0131na y&uuml;r&uuml;yebiliyor ancak g&ouml;rme yetisini b&uuml;y&uuml;k &ouml;l&ccedil;&uuml;de kaybetmi\u015f oluyor.&nbsp;Gencin sa\u011fl\u0131\u011f\u0131n\u0131 iyile\u015ftirmek i&ccedil;in vitamin takviyeleri ve diyetisyen deste\u011fi sa\u011flan\u0131rken, doktorlar ailelere &ccedil;ocuklar\u0131n\u0131n beslenme d&uuml;zenine bir veya iki yeni besin ekleyerek onlar\u0131 dengeli bir beslenme al\u0131\u015fkanl\u0131\u011f\u0131na te\u015fvik etmelerini &ouml;neriyor. Dr. Atan, besin takviyelerinden ziyade dengeli ve &ccedil;e\u015fitli bir diyetin daha faydal\u0131 olaca\u011f\u0131n\u0131 ifade ediyor.<\/p><\/p>\n","protected":false},"excerpt":{"rendered":"<p>Hastaneye ba\u015fvuran son vakalardan biri, t\u0131p d\u00fcnyas\u0131nda kayda ge\u00e7ecek kadar s\u0131ra d\u0131\u015f\u0131yd\u0131. 17 ya\u015f\u0131ndaki bir gencin sadece patates yemesi sonucu kal\u0131c\u0131 g\u00f6rme kayb\u0131 ya\u015famas\u0131, b\u00fcy\u00fck bir endi\u015fe meydana getirirken uzmanlardan da \u00f6nemli uyar\u0131lar geldi. Sadece patates t\u00fcketme \u015fekliniz bir daha g\u00f6rme yetinizi kaybetmenize yol a\u00e7abilir! \u0130\u015fte ayr\u0131nt\u0131lar&#8230; 17 ya\u015f\u0131ndaki bir gencin beslenme al\u0131\u015fkanl\u0131klar\u0131na ba\u011fl\u0131 olarak [&hellip;]<\/p>\n","protected":false},"author":2,"featured_media":91365,"comment_status":"closed","ping_status":"open","sticky":false,"template":"","format":"standard","meta":{"rank_math_lock_modified_date":false,"footnotes":""},"categories":[1991],"tags":[283,52418,173,59364,6750],"class_list":["post-91366","post","type-post","status-publish","format-standard","has-post-thumbnail","hentry","category-saglik","tag-beslenme","tag-gorme-kaybi","tag-saglik","tag-tek-tip-beslenme","tag-vitamin-eksikligi"],"_links":{"self":[{"href":"https:\/\/www.tgrthaber.com\/mavikadin\/wp-json\/wp\/v2\/posts\/91366"}],"collection":[{"href":"https:\/\/www.tgrthaber.com\/mavikadin\/wp-json\/wp\/v2\/posts"}],"about":[{"href":"https:\/\/www.tgrthaber.com\/mavikadin\/wp-json\/wp\/v2\/types\/post"}],"author":[{"embeddable":true,"href":"https:\/\/www.tgrthaber.com\/mavikadin\/wp-json\/wp\/v2\/users\/2"}],"replies":[{"embeddable":true,"href":"https:\/\/www.tgrthaber.com\/mavikadin\/wp-json\/wp\/v2\/comments?post=91366"}],"version-history":[{"count":1,"href":"https:\/\/www.tgrthaber.com\/mavikadin\/wp-json\/wp\/v2\/posts\/91366\/revisions"}],"predecessor-version":[{"id":91367,"href":"https:\/\/www.tgrthaber.com\/mavikadin\/wp-json\/wp\/v2\/posts\/91366\/revisions\/91367"}],"wp:featuredmedia":[{"embeddable":true,"href":"https:\/\/www.tgrthaber.com\/mavikadin\/wp-json\/wp\/v2\/media\/91365"}],"wp:attachment":[{"href":"https:\/\/www.tgrthaber.com\/mavikadin\/wp-json\/wp\/v2\/media?parent=91366"}],"wp:term":[{"taxonomy":"category","embeddable":true,"href":"https:\/\/www.tgrthaber.com\/mavikadin\/wp-json\/wp\/v2\/categories?post=91366"},{"taxonomy":"post_tag","embeddable":true,"href":"https:\/\/www.tgrthaber.com\/mavikadin\/wp-json\/wp\/v2\/tags?post=91366"}],"curies":[{"name":"wp","href":"https:\/\/api.w.org\/{rel}","templated":true}]}}