{"id":91453,"date":"2024-11-03T14:30:27","date_gmt":"2024-11-03T11:30:27","guid":{"rendered":"https:\/\/www.tgrthaber.com\/mavikadin\/?p=91453"},"modified":"2024-11-15T15:53:00","modified_gmt":"2024-11-15T12:53:00","slug":"ofkemi-nasil-kontrol-ederim-iste-carpici-ip-uclari-ofkenizi-kontrol-edebiliyorsaniz-zekisinizdir","status":"publish","type":"post","link":"https:\/\/www.tgrthaber.com\/mavikadin\/ofkemi-nasil-kontrol-ederim-iste-carpici-ip-uclari-ofkenizi-kontrol-edebiliyorsaniz-zekisinizdir\/","title":{"rendered":"\u00d6fkemi nas\u0131l kontrol ederim? \u0130\u015fte \u00e7arp\u0131c\u0131 ip u\u00e7lar\u0131: &#8216;\u00d6fkenizi kontrol edebiliyorsan\u0131z zekisinizdir!&#8217;"},"content":{"rendered":"<p>\u00d6fke duygusu olumsuz bir etiket ta\u015f\u0131sa da olduk\u00e7a insani ve do\u011fal bir tepkidir. Gerekti\u011finde ifade edilmesi yerinde olsa da kontrol alt\u0131na al\u0131nmas\u0131 gereken i\u00e7ten bir y\u00f6n\u00fcm\u00fczd\u00fcr. Haks\u0131zl\u0131\u011fa u\u011frad\u0131\u011f\u0131n\u0131zda, g\u00fcveniniz sars\u0131ld\u0131\u011f\u0131nda veya hararetli bir tart\u0131\u015fma s\u0131ras\u0131nda, bazen \u00f6fkenizi dizginlemekte zorlanabilirsiniz. Ancak, \u00f6fke kontrol edilmedi\u011finde olumsuz sonu\u00e7lar do\u011furabilir; s\u00f6ylemek istemedi\u011finiz s\u00f6zler s\u00f6yleyebilir, yapmak istemedi\u011finiz davran\u0131\u015flarda bulunabilir ve sonras\u0131nda pi\u015fmanl\u0131k ya\u015fayabilirsiniz. Bu sebeple, \u00f6fke duygusunun y\u00f6netimi, ili\u015fkiler ve ileti\u015fim a\u00e7\u0131s\u0131ndan b\u00fcy\u00fck \u00f6nem ta\u015f\u0131r. i\u015fte uzmanlardan \u00f6fke kontrol\u00fc hakk\u0131nda \u00e7arp\u0131c\u0131 ip u\u00e7lar\u0131&#8230;<\/p>\n<p>Her birimiz fark\u0131nda olmadan temas kurdu\u011fumuz insanlar\u0131n davran\u0131\u015flar\u0131n\u0131 s&uuml;rekli etkiler ve y&ouml;nlendiririz. &Ouml;fkelendi\u011fimizde insanlar ses tonlar\u0131n\u0131 y&uuml;kseltir ve sonunda ba\u011f\u0131rmaya ba\u015flar. Hatta en sakin g&ouml;rd&uuml;\u011f&uuml;m&uuml;z bir ki\u015finin bile aniden kontrol&uuml;n&uuml; kaybetmesine \u015fa\u015f\u0131rabiliriz. \u0130\u015fte Uzman Psikolog Esra Ezmeci&#8217;den &ouml;fke kontrol&uuml;n&uuml; sa\u011flayacak ip u&ccedil;lar\u0131&#8230;<\/p>\n<h3>&#8220;&Ouml;FKEY\u0130 KONTROL EDEB\u0130L\u0130YORSANIZ ZEK\u0130S\u0130N\u0130Z DEMEK&#8221;<\/h3>\n<p>&Ouml;fkeyi a\u015f\u0131r\u0131 bask\u0131 ve gerilim alt\u0131nda zihnimizi ve bedenimizi saran bu etkileri uzakla\u015ft\u0131rmak i&ccedil;in a&ccedil;\u0131lan bir g&uuml;venlik valfi gibi g&ouml;r&uuml;r&uuml;m. Bazen alan\u0131m\u0131z\u0131 korumak, bazen benli\u011fimize y&ouml;nelen bir tehdidi savu\u015fturmak, bazen de hi&ccedil;bir neden olmadan bu tepkiyi veririz. Mant\u0131kl\u0131 sebepleri olsa da olmasa da &ouml;fke, hedef ald\u0131\u011f\u0131n\u0131z ki\u015fiden &ccedil;ok size zarar verir asl\u0131nda.<\/p>\n<p>&Ouml;fke y&ouml;netimi, duygusal zekan\u0131n bir g&ouml;stergesidir. Yani, &ouml;fkenizi ne kadar kolay kontrol edebiliyorsan\u0131z, duygusal zekan\u0131z\u0131n o kadar y&uuml;ksek oldu\u011funu s&ouml;yleyebiliriz.<\/p>\n<p><img decoding=\"async\" src=\"https:\/\/www.tgrthaber.com\/mavikadin\/wp-content\/images\/haberler\/24-11\/03\/stock-photo-angry-businessman-hit-fist-table-office-workstation-very-aggressive-mad.jpeg\" alt=\"\" title=\"\"><\/p>\n<h3>PEK\u0130 &Ouml;FKEN\u0130Z\u0130 KONTROL ETMEK \u0130&Ccedil;\u0130N NELER YAPAB\u0130L\u0130RS\u0130N\u0130Z?<\/h3>\n<p>&Ouml;fkelendi\u011fimizde bedenimizde &ccedil;e\u015fitli tepkiler olu\u015fur. Kan bas\u0131nc\u0131m\u0131z y&uuml;kselir, nefes al\u0131\u015fveri\u015fimiz h\u0131zlan\u0131r ve kalbimiz daha h\u0131zl\u0131 atmaya ba\u015flar. Bu belirtileri hissetti\u011finizde, e\u011fer bir tart\u0131\u015fma ortam\u0131ndaysan\u0131z, ara vermek i&ccedil;in izin isteyin. &Ccedil;&uuml;nk&uuml; bedensel tepkileriniz, kontrol&uuml;n&uuml;z&uuml; kaybetmenize yol a&ccedil;abilir. \u0130&ccedil;inizde biriken yo\u011fun duygulardan uzakla\u015fabilmek i&ccedil;in ortamdan ayr\u0131l\u0131n. Yaln\u0131z kald\u0131\u011f\u0131n\u0131zda nefesinizi d&uuml;zenlemeye odaklan\u0131n. 5-6 derin nefes almak, ruhsal gerginli\u011finizin azalmas\u0131na yard\u0131mc\u0131 olur.<\/p>\n<p>\u0130kinci ad\u0131m olarak, sizi sakinle\u015ftirecek d&uuml;\u015f&uuml;ncelere odaklan\u0131n. &Ouml;fkenizi yat\u0131\u015ft\u0131rmak i&ccedil;in mizahi i&ccedil;erikler izleyebilir veya sizi rahatlatan d&uuml;\u015f&uuml;ncelerin zihninize akmas\u0131na izin verebilirsiniz.<\/p>\n<p>&Ouml;fkelendi\u011finizde v&uuml;cudunuzda adrenalin seviyesi y&uuml;kselir. Bu adrenalini fiziksel aktivitelere y&ouml;nlendirmek, y&uuml;r&uuml;y&uuml;\u015fe &ccedil;\u0131kmak veya ko\u015fmak etkili bir y&ouml;ntemdir. Bu, bedensel olarak gev\u015femenize yard\u0131mc\u0131 olur.<\/p>\n<p><img decoding=\"async\" src=\"https:\/\/www.tgrthaber.com\/mavikadin\/wp-content\/images\/haberler\/24-11\/03\/stock-photo-close-up-of-man-dealing-with-anger-management-issues-in-front-of-people-at-aa.jpeg\" alt=\"\" title=\"\"><\/p>\n<h3>KEND\u0130N\u0130Z\u0130 DE\u011eERLEND\u0130R\u0130N<\/h3>\n<p>Kendinizi de\u011ferlendirmek, biraz sakinle\u015ftikten sonra gelen bir ad\u0131md\u0131r. Neden &ouml;fkelendiniz, bu duygunun alt\u0131nda yatan ger&ccedil;ek neden nedir? Belki sizi rahats\u0131z eden \u015fey, kendinizle ilgili geli\u015ftirdi\u011finiz yanl\u0131\u015f d&uuml;\u015f&uuml;nceler olabilir. Bunlar\u0131 g&ouml;zden ge&ccedil;irmek ve b&uuml;y&uuml;k tepkiler vermeden &ouml;nce olaylar\u0131 sa\u011fl\u0131kl\u0131 bir \u015fekilde analiz etmek &ccedil;ok &ouml;nemlidir. H\u0131zl\u0131 kararlar almadan &ouml;nce sizde nelerin tetiklendi\u011fini ke\u015ffedin.<\/p>\n<p>&Ouml;fke, bir sorunun i\u015fareti demektir; ancak yaln\u0131zca soruna odaklan\u0131rsan\u0131z bir sonuca ula\u015famazs\u0131n\u0131z. Sorun varsa &ccedil;&ouml;z&uuml;m &uuml;retmek gerekir. &Ouml;rne\u011fin, &ccedil;ocuklar\u0131n\u0131z oday\u0131 da\u011f\u0131tt\u0131\u011f\u0131nda onlara ba\u011f\u0131rmak yerine bir &ccedil;&ouml;z&uuml;m geli\u015ftirmeye &ccedil;al\u0131\u015f\u0131n; onlara oday\u0131 nas\u0131l d&uuml;zenli tutacaklar\u0131n\u0131 g&ouml;sterin ve birlikte nas\u0131l yap\u0131laca\u011f\u0131n\u0131 &ouml;\u011frenmelerine yard\u0131mc\u0131 olun.<\/p>\n<h3>&#8220;&Ouml;FKE KONTROL&Uuml; ETK\u0130L\u0130 \u0130LET\u0130\u015e\u0130M BECER\u0130S\u0130NE SAH\u0130P OLMAKTIR&#8221;<\/h3>\n<p>&Ouml;fke kontrol&uuml;, etkili ileti\u015fim becerisine sahip olmak demektir. Savunmaya ge&ccedil;mek veya kar\u015f\u0131n\u0131zdakini su&ccedil;lamak yerine &#8220;ben&#8221; dilini kullan\u0131n. &#8220;Sen b&ouml;yle davrand\u0131\u011f\u0131nda, ben b&ouml;yle hissediyorum; bunu yapma nedenini tam anlayamad\u0131m&#8221; demek, yine &ccedil;&ouml;z&uuml;m odakl\u0131 bir yakla\u015f\u0131m olacakt\u0131r. Duygular\u0131n\u0131z\u0131 ifade etti\u011finizde, kar\u015f\u0131n\u0131zdaki ki\u015fi de savunma ihtiyac\u0131 hissetmeyecektir. B&ouml;ylelikle hem kendi &ouml;fkenizi hem de kar\u015f\u0131n\u0131zdakinin &ouml;fkesini kontrol alt\u0131na alm\u0131\u015f olursunuz.<\/p>\n<h3>&#8220;SES\u0130N\u0130Z\u0130 NORMAL TUTMAYA &Ccedil;ALI\u015eIN&#8221;<\/h3>\n<p>Kar\u015f\u0131n\u0131zdaki ki\u015finin sesinin y&uuml;kselmeye ba\u015flad\u0131\u011f\u0131n\u0131 duydu\u011funuzda, onun &ouml;fkelendi\u011fini fark edersiniz. Bu durumda, kendi ses tonunuzu kullanarak kar\u015f\u0131 taraf\u0131n &ouml;fkesini kontrol edebilirsiniz. Ne kadar y&uuml;ksek sesle konu\u015fursan\u0131z, &ouml;fkeniz de o kadar artar. Sesinizi al&ccedil;ak ve sakin bir tonda tuttu\u011funuzda, hem kendi &ouml;fkenizi ertelemi\u015f olur hem de kar\u015f\u0131n\u0131zdaki ki\u015finin &ouml;fkesini yat\u0131\u015ft\u0131rabilirsiniz. &Ccedil;&uuml;nk&uuml; kar\u015f\u0131n\u0131zdaki ki\u015fi &ouml;fkeli bile olsa, sizin sesinizi sakin ve yumu\u015fak tutman\u0131z onu da ayn\u0131 tonda konu\u015fmaya y&ouml;nlendirecektir. Elbette bu tekni\u011fi, &ouml;fkenin zirveye ula\u015fmas\u0131ndan &ouml;nce, &ouml;fkenin gelmeye ba\u015flad\u0131\u011f\u0131n\u0131 hissetti\u011finiz anda uygulamal\u0131s\u0131n\u0131z. Bu y&ouml;ntem &ccedil;ok yo\u011fun bir &ouml;fke an\u0131nda etkili olmayabilir, ancak &ouml;fkenin ba\u015flang\u0131c\u0131n\u0131 ve y&uuml;kselmesini engelleyebilir.<\/p>\n<p>Unutmay\u0131n, sakin bir durumda kendinizi ifade etmeniz &ccedil;ok daha kolay olacak ve kar\u015f\u0131n\u0131zdaki ki\u015fiyi ikna etme olas\u0131l\u0131\u011f\u0131n\u0131z artacakt\u0131r. &Ouml;fkeli bir durumda birinin sizi anlamas\u0131 ve empati yapabilmesi olduk&ccedil;a zordur.<\/p><\/p>\n","protected":false},"excerpt":{"rendered":"<p>\u00d6fke duygusu olumsuz bir etiket ta\u015f\u0131sa da olduk\u00e7a insani ve do\u011fal bir tepkidir. Gerekti\u011finde ifade edilmesi yerinde olsa da kontrol alt\u0131na al\u0131nmas\u0131 gereken i\u00e7ten bir y\u00f6n\u00fcm\u00fczd\u00fcr. Haks\u0131zl\u0131\u011fa u\u011frad\u0131\u011f\u0131n\u0131zda, g\u00fcveniniz sars\u0131ld\u0131\u011f\u0131nda veya hararetli bir tart\u0131\u015fma s\u0131ras\u0131nda, bazen \u00f6fkenizi dizginlemekte zorlanabilirsiniz. Ancak, \u00f6fke kontrol edilmedi\u011finde olumsuz sonu\u00e7lar do\u011furabilir; s\u00f6ylemek istemedi\u011finiz s\u00f6zler s\u00f6yleyebilir, yapmak istemedi\u011finiz davran\u0131\u015flarda bulunabilir ve [&hellip;]<\/p>\n","protected":false},"author":2,"featured_media":91452,"comment_status":"closed","ping_status":"open","sticky":false,"template":"","format":"standard","meta":{"rank_math_lock_modified_date":false,"footnotes":""},"categories":[78],"tags":[45457,43266,1759,51224,33645],"class_list":["post-91453","post","type-post","status-publish","format-standard","has-post-thumbnail","hentry","category-yasam","tag-duygusal-zeka","tag-iletisim-becerileri","tag-ofke-kontrolu","tag-ofke-yonetimi","tag-stres-yonetimi"],"_links":{"self":[{"href":"https:\/\/www.tgrthaber.com\/mavikadin\/wp-json\/wp\/v2\/posts\/91453"}],"collection":[{"href":"https:\/\/www.tgrthaber.com\/mavikadin\/wp-json\/wp\/v2\/posts"}],"about":[{"href":"https:\/\/www.tgrthaber.com\/mavikadin\/wp-json\/wp\/v2\/types\/post"}],"author":[{"embeddable":true,"href":"https:\/\/www.tgrthaber.com\/mavikadin\/wp-json\/wp\/v2\/users\/2"}],"replies":[{"embeddable":true,"href":"https:\/\/www.tgrthaber.com\/mavikadin\/wp-json\/wp\/v2\/comments?post=91453"}],"version-history":[{"count":1,"href":"https:\/\/www.tgrthaber.com\/mavikadin\/wp-json\/wp\/v2\/posts\/91453\/revisions"}],"predecessor-version":[{"id":91454,"href":"https:\/\/www.tgrthaber.com\/mavikadin\/wp-json\/wp\/v2\/posts\/91453\/revisions\/91454"}],"wp:featuredmedia":[{"embeddable":true,"href":"https:\/\/www.tgrthaber.com\/mavikadin\/wp-json\/wp\/v2\/media\/91452"}],"wp:attachment":[{"href":"https:\/\/www.tgrthaber.com\/mavikadin\/wp-json\/wp\/v2\/media?parent=91453"}],"wp:term":[{"taxonomy":"category","embeddable":true,"href":"https:\/\/www.tgrthaber.com\/mavikadin\/wp-json\/wp\/v2\/categories?post=91453"},{"taxonomy":"post_tag","embeddable":true,"href":"https:\/\/www.tgrthaber.com\/mavikadin\/wp-json\/wp\/v2\/tags?post=91453"}],"curies":[{"name":"wp","href":"https:\/\/api.w.org\/{rel}","templated":true}]}}