{"id":91459,"date":"2024-11-03T15:38:54","date_gmt":"2024-11-03T12:38:54","guid":{"rendered":"https:\/\/www.tgrthaber.com\/mavikadin\/?p=91459"},"modified":"2024-11-15T15:53:16","modified_gmt":"2024-11-15T12:53:16","slug":"alperen-duymaz-kac-yasinda-kimin-oglu-evli-mi","status":"publish","type":"post","link":"https:\/\/www.tgrthaber.com\/mavikadin\/alperen-duymaz-kac-yasinda-kimin-oglu-evli-mi\/","title":{"rendered":"Alperen Duymaz ka\u00e7 ya\u015f\u0131nda kimin o\u011flu evli mi?"},"content":{"rendered":"<p>\u015eimdilerde Leyla dizisi ile ekrana gelen Alperen Duymaz\u2019\u0131n ya\u015fam\u0131na dair detaylar ilgi \u00e7ekiyor. \u0130lk b\u00fcy\u00fck \u00e7\u0131k\u0131\u015f\u0131n\u0131 \u00c7ukur dizisinde yapan Alperen Duymaz, ard\u0131ndan \u00c7arp\u0131\u015fma, Zemheri ve Son Yaz gibi projelerde yer ald\u0131. \u0130zleyicilerin Son Yaz dizisinde oynad\u0131\u011f\u0131 Akg\u00fcn G\u00f6kalp Ta\u015fk\u0131n karakteriyle ak\u0131llarda kalan Alperen Duymaz, 2020 y\u0131l\u0131nda K\u00fcbra Kelkit ile evlendi. Peki, Alperen Duymaz kimdir, ka\u00e7 ya\u015f\u0131nda ve nerelidir? \u0130\u015fte, ayr\u0131nt\u0131lar\u2026<\/p>\n<p>Oynad\u0131\u011f\u0131 karakterle izleyicilerin ilgisini &ccedil;eken Alperen Duymaz&rsquo;\u0131n kariyeri hakk\u0131nda bilgiler merak ediliyor. Ankara&rsquo;da do\u011fan Duymaz, &uuml;niversite e\u011fitimini Hacettepe &Uuml;niversitesi Ankara Devlet Konservatuvar\u0131 b&ouml;l&uuml;m&uuml;nde tamamlad\u0131. \u0130lk kez Tatl\u0131 K&uuml;&ccedil;&uuml;k Yalanc\u0131lar adl\u0131 yap\u0131mda oyunculu\u011fa ad\u0131m atan Alperen Duymaz, ard\u0131ndan &Ccedil;arp\u0131\u015fma, Zemheri ve Son Yaz dizilerinde rol ald\u0131. \u015eu s\u0131ralar Leyla dizisinde Civan karakterini oynuyor. Peki, Alperen Duymaz kimdir, ka&ccedil; ya\u015f\u0131nda ve nerelidir? \u0130\u015fte, Alperen Duymaz&rsquo;\u0131n ya\u015fam\u0131na dair detaylar&hellip;<\/p>\n<h3>ALPEREN DUYMAZ K\u0130MD\u0130R?<\/h3>\n<p>1992 y\u0131l\u0131nda Ankara&rsquo;da do\u011fan Alperen Duymaz, Hacettepe &Uuml;niversitesi Ankara Devlet Konservatuvar\u0131 Tiyatro b&ouml;l&uuml;m&uuml;nde e\u011fitim g&ouml;rmektedir. \u0130lk kez Tatl\u0131 K&uuml;&ccedil;&uuml;k Yalanc\u0131lar yap\u0131m\u0131nda Cesur karakteriyle tan\u0131nan Alperen Duymaz, sonras\u0131nda Ac\u0131 A\u015fk dizisinde Ali, Bodrum Masal\u0131 dizisinde Ate\u015f, &Ccedil;ukur dizisinde Emrah, &Ccedil;arp\u0131\u015fma dizisinde Kerem ve Zemheri dizisinde Ayaz karakterlerini oynad\u0131.<\/p>\n<p><img decoding=\"async\" src=\"https:\/\/www.tgrthaber.com\/mavikadin\/wp-content\/images\/haberler\/24-11\/03\/basliksiz-1-1730638198.jpg\" alt=\"\" title=\"\"><\/p>\n<h3>ALPEREN DUYMAZ&#8217;IN &Ccedil;OCU\u011eU VAR MI?<\/h3>\n<p>Alperen Duymaz, iki y\u0131l &ouml;nce e\u011fitimci K&uuml;bra Duymaz ile sessiz sakin bir t&ouml;renle evlenmi\u015fti. Gen&ccedil; &ccedil;ift, 11 Ekim 2024 sabah\u0131 ilk &ccedil;ocuklar\u0131n\u0131 kucaklar\u0131na alarak ebeveyn olman\u0131n mutlulu\u011funu ya\u015fad\u0131. Duymaz ve e\u015fi, bebeklerine &#8220;G&uuml;n&#8221; ad\u0131n\u0131 verdi.<\/p>\n<p><img decoding=\"async\" src=\"https:\/\/www.tgrthaber.com\/mavikadin\/wp-content\/images\/haberler\/24-11\/03\/basliksiz-4.jpg\" alt=\"\" title=\"\"><\/p>\n<h3>ALPEREN DUYMAZ EVL\u0130 M\u0130?<\/h3>\n<p>Alperen Duymaz 2020 y\u0131l\u0131nda &ouml;\u011fretmen sevgilisi K&uuml;bra Kelkit ile d&uuml;nya evine girmi\u015ftir. &Ccedil;iftin bo\u015fanma haberleri ge&ccedil;ti\u011fimiz aylarda g&uuml;ndeme gelse de ikili haberlerin do\u011fru olmad\u0131\u011f\u0131n\u0131 a&ccedil;\u0131klam\u0131\u015ft\u0131r.<\/p>\n<p><strong>Alperen Duymaz&rsquo;\u0131n Rol Ald\u0131\u011f\u0131 Yap\u0131mlar<\/strong><\/p>\n<p>Son Yaz \/ Akg&uuml;n \/ 2021<\/p>\n<p>Zemheri \/ Ayaz \/ 2020<\/p>\n<p>&Ccedil;arp\u0131\u015fma \/ Kerem \/ 2018-2019<\/p>\n<p>&Ccedil;ukur \/ Emrah \/ 2018<\/p>\n<p>Bodrum Masal\u0131 \/ Ate\u015f \/ 2016-2017<\/p>\n<p>Ac\u0131 A\u015fk \/ Ali \/ 2015-2016<\/p>\n<p>Tatl\u0131 K&uuml;&ccedil;&uuml;k Yalanc\u0131lar \/ Cesur \/ 2015<\/p>\n","protected":false},"excerpt":{"rendered":"<p>\u015eimdilerde Leyla dizisi ile ekrana gelen Alperen Duymaz\u2019\u0131n ya\u015fam\u0131na dair detaylar ilgi \u00e7ekiyor. \u0130lk b\u00fcy\u00fck \u00e7\u0131k\u0131\u015f\u0131n\u0131 \u00c7ukur dizisinde yapan Alperen Duymaz, ard\u0131ndan \u00c7arp\u0131\u015fma, Zemheri ve Son Yaz gibi projelerde yer ald\u0131. \u0130zleyicilerin Son Yaz dizisinde oynad\u0131\u011f\u0131 Akg\u00fcn G\u00f6kalp Ta\u015fk\u0131n karakteriyle ak\u0131llarda kalan Alperen Duymaz, 2020 y\u0131l\u0131nda K\u00fcbra Kelkit ile evlendi. Peki, Alperen Duymaz kimdir, ka\u00e7 [&hellip;]<\/p>\n","protected":false},"author":2,"featured_media":91458,"comment_status":"closed","ping_status":"open","sticky":false,"template":"","format":"standard","meta":{"rank_math_lock_modified_date":false,"footnotes":""},"categories":[491],"tags":[2528,59405,41761,494,1055],"class_list":["post-91459","post","type-post","status-publish","format-standard","has-post-thumbnail","hentry","category-biyografi","tag-alperen-duymaz","tag-evli-mi","tag-kac-yasinda","tag-kimdir","tag-leyla"],"_links":{"self":[{"href":"https:\/\/www.tgrthaber.com\/mavikadin\/wp-json\/wp\/v2\/posts\/91459"}],"collection":[{"href":"https:\/\/www.tgrthaber.com\/mavikadin\/wp-json\/wp\/v2\/posts"}],"about":[{"href":"https:\/\/www.tgrthaber.com\/mavikadin\/wp-json\/wp\/v2\/types\/post"}],"author":[{"embeddable":true,"href":"https:\/\/www.tgrthaber.com\/mavikadin\/wp-json\/wp\/v2\/users\/2"}],"replies":[{"embeddable":true,"href":"https:\/\/www.tgrthaber.com\/mavikadin\/wp-json\/wp\/v2\/comments?post=91459"}],"version-history":[{"count":1,"href":"https:\/\/www.tgrthaber.com\/mavikadin\/wp-json\/wp\/v2\/posts\/91459\/revisions"}],"predecessor-version":[{"id":91460,"href":"https:\/\/www.tgrthaber.com\/mavikadin\/wp-json\/wp\/v2\/posts\/91459\/revisions\/91460"}],"wp:featuredmedia":[{"embeddable":true,"href":"https:\/\/www.tgrthaber.com\/mavikadin\/wp-json\/wp\/v2\/media\/91458"}],"wp:attachment":[{"href":"https:\/\/www.tgrthaber.com\/mavikadin\/wp-json\/wp\/v2\/media?parent=91459"}],"wp:term":[{"taxonomy":"category","embeddable":true,"href":"https:\/\/www.tgrthaber.com\/mavikadin\/wp-json\/wp\/v2\/categories?post=91459"},{"taxonomy":"post_tag","embeddable":true,"href":"https:\/\/www.tgrthaber.com\/mavikadin\/wp-json\/wp\/v2\/tags?post=91459"}],"curies":[{"name":"wp","href":"https:\/\/api.w.org\/{rel}","templated":true}]}}