{"id":91745,"date":"2024-11-06T14:23:00","date_gmt":"2024-11-06T11:23:00","guid":{"rendered":"https:\/\/www.tgrthaber.com\/mavikadin\/?p=91745"},"modified":"2024-11-15T16:02:59","modified_gmt":"2024-11-15T13:02:59","slug":"en-iyi-8-sac-kurutma-makinesi-fircasi-ile-saclariniza-evde-kuafor-dokunusu-yapin","status":"publish","type":"post","link":"https:\/\/www.tgrthaber.com\/mavikadin\/en-iyi-8-sac-kurutma-makinesi-fircasi-ile-saclariniza-evde-kuafor-dokunusu-yapin\/","title":{"rendered":"En iyi 8 sa\u00e7 kurutma makinesi f\u0131r\u00e7as\u0131 ile sa\u00e7lar\u0131n\u0131za evde kuaf\u00f6r dokunu\u015fu yap\u0131n!"},"content":{"rendered":"<p>Evde sa\u00e7 kurutma makinesi ve yuvarlak f\u0131r\u00e7a kullanarak \u015f\u0131k bir f\u00f6n \u00e7ekmenin zor olabilece\u011fi bir s\u0131r de\u011fil; koordinasyon, kol g\u00fcc\u00fc ve beceri gerektirir. \u0130\u015fte tam bu noktada devreye sa\u00e7 kurutma makinesi f\u0131r\u00e7alar\u0131 giriyor. Siz de sa\u00e7 bak\u0131m rutininizi kolayla\u015ft\u0131rmak ve profesyonel sonu\u00e7lar elde etmek istiyorsan\u0131z, en iyi 8 sa\u00e7 kurutma makinesi f\u0131r\u00e7as\u0131 \u00fcr\u00fcnlerinden birini deneyebilirsiniz.<\/p>\n<p>Evde sa&ccedil; bak\u0131m\u0131 yaparken profesyonel bir dokunu\u015f eklemek isteyenler i&ccedil;in sa&ccedil; kurutma makinesi f\u0131r&ccedil;alar\u0131 olduk&ccedil;a faydal\u0131 olabilir. En iyi 8 sa&ccedil; kurutma makinesi f\u0131r&ccedil;as\u0131 ile sa&ccedil;lar\u0131n\u0131za evde kuaf&ouml;r dokunu\u015fu yapman\u0131n incelikleriyle sa&ccedil;lar\u0131n\u0131za p&uuml;r&uuml;zs&uuml;zl&uuml;k kazand\u0131rabilirsiniz. Kuaf&ouml;rden yeni &ccedil;\u0131km\u0131\u015f gibi hissedebilirsiniz. Sa&ccedil;\u0131n\u0131za an\u0131nda hacim ve \u015fekil verebilecek en kaliteli f\u0131r&ccedil;a modellerini inceleyece\u011fiz.<\/p>\n<h3>EN \u0130Y\u0130 8 SA&Ccedil; KURUTMA MAK\u0130NES\u0130 FIR&Ccedil;ASI<\/h3>\n<p>\u0130\u015fte en iyi 8 sa&ccedil; kurutma makinesi f\u0131r&ccedil;as\u0131:<\/p>\n<p><img decoding=\"async\" src=\"https:\/\/www.tgrthaber.com\/mavikadin\/wp-content\/images\/haberler\/24-11\/06\/yeni-proje-8.jpg\" alt=\"\" title=\"\"><\/p>\n<h3>HER SA&Ccedil; T\u0130P\u0130NE UYGUN REVLON ONE-STEP SA&Ccedil; KURUTMA MAK\u0130NES\u0130 FIR&Ccedil;ASI<\/h3>\n<p>Revlon One-Step sa&ccedil; kurutma makinesi f\u0131r&ccedil;as\u0131, sa&ccedil;lar\u0131n\u0131z\u0131 \u015fekillendirmenin ve d&uuml;zle\u015ftirmenin en pratik yolu. Bu elektrikli f\u0131r&ccedil;a, k\u0131v\u0131rc\u0131k, dalgal\u0131 ve d&uuml;z sa&ccedil; tipleri i&ccedil;in m&uuml;kemmel bir &ccedil;&ouml;z&uuml;m sunar. &Uuml;&ccedil; farkl\u0131 mod se&ccedil;ene\u011fi ile istedi\u011finiz tarza kolayca&nbsp;ula\u015fabilirsiniz.<\/p>\n<p>Sa&ccedil; d&uuml;zle\u015ftirici f\u0131r&ccedil;a, seramik kaplamas\u0131 sayesinde sa&ccedil;lar\u0131n\u0131za zarar vermeden \u015fekil almas\u0131n\u0131 sa\u011flar. Ayr\u0131ca sa&ccedil; hacminizi artt\u0131rarak canl\u0131 ve dolgun g&ouml;r&uuml;nmesini sa\u011flar. \u0130yon &ouml;zellikli yap\u0131s\u0131yla sa&ccedil;lar\u0131n\u0131z\u0131n daha sa\u011fl\u0131kl\u0131 olmas\u0131na yard\u0131mc\u0131 olurken, ayn\u0131 zamanda statik elektri\u011fi de&nbsp;azalt\u0131r.<\/p>\n<p><img decoding=\"async\" src=\"https:\/\/www.tgrthaber.com\/mavikadin\/wp-content\/images\/haberler\/24-11\/06\/yeni-proje-7.jpg\" alt=\"\" title=\"\"><\/p>\n<h3>YUMU\u015eAK VE D&Uuml;Z SA&Ccedil;LAR \u0130&Ccedil;\u0130N DYSON A\u0130RWRAP STYLER SA&Ccedil; KURUTMA MAK\u0130NES\u0130 FIR&Ccedil;ASI<\/h3>\n<p>En sa&ccedil; kurutma makinesi f\u0131r&ccedil;as\u0131 aras\u0131nda yuvarlak hacimli f\u0131r&ccedil;a &ouml;zelli\u011fiyle Dyson airwrap, sa&ccedil; tellerinizi korur ve an\u0131nda hacimli bir g&ouml;r&uuml;n&uuml;m verir. Ayn\u0131 zamanda tara\u011f\u0131n benzersiz di\u015fleri, sa&ccedil; k&ouml;klerini kald\u0131rarak \u015fekillendirmeyi kolayla\u015ft\u0131r\u0131r ve f&ouml;n &ccedil;ekerken sa&ccedil;a gerginlik&nbsp;kazand\u0131r\u0131r.<\/p>\n<p>Yenilik&ccedil;i &uuml;r&uuml;n, her sa&ccedil; tipine uygun olarak tasarlanm\u0131\u015ft\u0131r. Yuvarlak hacimli f\u0131r&ccedil;a, sa&ccedil;\u0131n\u0131za kolayca hacim kazand\u0131rman\u0131z\u0131 ve kurutma i\u015flemi s\u0131ras\u0131nda sa&ccedil;\u0131n\u0131z\u0131 istedi\u011finiz \u015fekle sokman\u0131z\u0131 sa\u011flar. Sa&ccedil;lar\u0131n\u0131za do\u011fal bir hareketlilik ve&nbsp;canl\u0131l\u0131k katar.<\/p>\n<p><img decoding=\"async\" src=\"https:\/\/www.tgrthaber.com\/mavikadin\/wp-content\/images\/haberler\/24-11\/06\/yeni-proje-6.jpg\" alt=\"\" title=\"\"><\/p>\n<h3>&Ccedil;OK AMA&Ccedil;LI \u015eEK\u0130LLEND\u0130R\u0130C\u0130 SHARK FLEXSTYLE&reg; SA&Ccedil; KURUTMA MAK\u0130NES\u0130 FIR&Ccedil;ASI<\/h3>\n<p>Shark FlexStyle&reg; sa&ccedil; kurutma makinesi f\u0131r&ccedil;as\u0131 sa&ccedil; bak\u0131m rutininizi devrim niteli\u011finde bir deneyime d&ouml;n&uuml;\u015ft&uuml;rmek i&ccedil;in tasarland\u0131. G&uuml;c&uuml; ve h\u0131z\u0131 ile sa&ccedil;lar\u0131n\u0131z\u0131 kusursuz bir \u015fekilde kuruturken ultra &ccedil;ok y&ouml;nl&uuml; \u015fekillendirme &ouml;zelli\u011fi sayesinde istedi\u011finiz tarz\u0131 olu\u015fturman\u0131za olanak&nbsp;tan\u0131yor.<\/p>\n<p>Is\u0131 hasar\u0131na neden olmayan bir teknolojik &ouml;zelli\u011fi sayesinde sa&ccedil;lar\u0131n\u0131z her kullan\u0131mda sa\u011fl\u0131kl\u0131 ve parlak kal\u0131r. D&uuml;z veya dalgal\u0131 sa&ccedil; dokusuna sahip ince, orta ve kal\u0131n telli sa&ccedil;lar i&ccedil;in idealdir. Otomatik sarmal\u0131 sa&ccedil; k\u0131v\u0131r\u0131c\u0131 &ouml;zelli\u011fi sayesinde de kolayca ve h\u0131zla&nbsp;bukleler olu\u015fturabilirsiniz. Sa&ccedil; kurutma makinesi f\u0131r&ccedil;as\u0131 kullananlar istekleri sa&ccedil; \u015feklini elde edebiliyorlar.<\/p>\n<p><img decoding=\"async\" src=\"https:\/\/www.tgrthaber.com\/mavikadin\/wp-content\/images\/haberler\/24-11\/06\/yeni-proje-5.jpg\" alt=\"\" title=\"\"><\/p>\n<h3>KALIN SA&Ccedil;LAR \u0130&Ccedil;\u0130N HOT TOOLS PROFESYONEL SA&Ccedil; KURUTMA MAK\u0130NES\u0130 FIR&Ccedil;ASI<\/h3>\n<p>Yo\u011fun, sert veya k\u0131v\u0131rc\u0131k sa&ccedil; tellerini kolayca tarayabilir ve h\u0131zl\u0131 bir \u015fekilde istedi\u011finiz \u015fekle sokabilirsiniz. &Uuml;r&uuml;n, &uuml;&ccedil; farkl\u0131 \u0131s\u0131 ayar\u0131na sahip d&ouml;ner s\u0131cakl\u0131k kontrol&uuml;yle kullan\u0131m kolayl\u0131\u011f\u0131 sa\u011flarken, havaland\u0131rma platformlar\u0131 sayesinde kal\u0131n ve k\u0131v\u0131rc\u0131k sa&ccedil; tellerinde bile h\u0131zl\u0131 kurutma imk&acirc;n\u0131&nbsp;sunar.<\/p>\n<p>Hot Tools profesyonel 24 ayar alt\u0131n k&ouml;m&uuml;r a\u015f\u0131lanm\u0131\u015f f&ouml;n \u015fekillendirici, Beauty Lab uzmanlar\u0131n\u0131n da onaylad\u0131\u011f\u0131 &uuml;st&uuml;n performans\u0131yla &ouml;ne &ccedil;\u0131k\u0131yor. Testlerde %100&#8217;l&uuml;k bir ba\u015far\u0131 elde eden &uuml;r&uuml;n, sa&ccedil;lar\u0131 h\u0131zla \u015fekillendirirken kolayca taranmas\u0131n\u0131 sa\u011flar. Di\u011fer f&ouml;n f\u0131r&ccedil;alar\u0131na g&ouml;re daha hafif olmas\u0131na ra\u011fmen g&uuml;&ccedil;l&uuml; performans sergiler.<\/p>\n<p><img decoding=\"async\" src=\"https:\/\/www.tgrthaber.com\/mavikadin\/wp-content\/images\/haberler\/24-11\/06\/yeni-proje-4.jpg\" alt=\"\" title=\"\"><\/p>\n<h3>SERAM\u0130K KAPLAMALI ROWENTA CF 3910 F0 SA&Ccedil; KURUTMA MAK\u0130NES\u0130 FIR&Ccedil;ASI<\/h3>\n<p>Rowenta CF 3910 F0 turmalin kaplamal\u0131 sa&ccedil; \u015fekillendirici ile her g&uuml;n m&uuml;kemmel sa&ccedil;lara sahip olun. Bu &uuml;st&uuml;n teknolojiye sahip sa&ccedil; \u015fekillendirici, s\u0131cakl\u0131k sens&ouml;r&uuml; sayesinde ince ve kal\u0131n telli sa&ccedil;lar i&ccedil;in ideal s\u0131cakl\u0131\u011f\u0131 sa\u011flar. 160&deg;, 180&deg; ve 200&deg;C olmak &uuml;zere farkl\u0131 s\u0131cakl\u0131k se&ccedil;enekleriyle istedi\u011finiz tarz\u0131 kolayca elde&nbsp;edebilirsiniz.<\/p>\n<p>Sa&ccedil; diplerinden ba\u015flayarak tutamlar\u0131 yakalayan 40 k&ouml;k yakalay\u0131c\u0131 ucu sayesinde daha d&uuml;zg&uuml;n ve profesyonel sonu&ccedil;lar elde edebilirsiniz. Ayr\u0131ca elektriklenmeyi &ouml;nlemek i&ccedil;in tasarlanm\u0131\u015f 2 farkl\u0131 f\u0131r&ccedil;a ucuyla sa&ccedil;lar\u0131n\u0131za istedi\u011finiz \u015fekli verirken ayn\u0131 zamanda sa&ccedil;lar\u0131n\u0131z\u0131n&nbsp;sa\u011fl\u0131\u011f\u0131n\u0131 koruyabilirsiniz.<\/p>\n<p><img decoding=\"async\" src=\"https:\/\/www.tgrthaber.com\/mavikadin\/wp-content\/images\/haberler\/24-11\/06\/yeni-proje-3.jpg\" alt=\"\" title=\"\"><\/p>\n<h3>SA&Ccedil;INIZA \u0130STED\u0130\u011e\u0130N\u0130Z G&Ouml;R&Uuml;N&Uuml;M&Uuml; VEREN BOSCH PHA 7371 SA&Ccedil; KURUTUMA MAK\u0130NES\u0130 FIR&Ccedil;ASI<\/h3>\n<p>Bosch PHA 7371 sa&ccedil; kurutma makinesi, sa&ccedil; bak\u0131m rutininizi m&uuml;kemmelle\u015ftirmek i&ccedil;in tasarlanm\u0131\u015f bir &uuml;r&uuml;n. Kullan\u0131c\u0131 dostu EasyCurl teknolojisi sayesinde sa&ccedil;\u0131n\u0131z\u0131 kuruturken ayn\u0131 zamanda dola\u015fmas\u0131n\u0131 da &ouml;nler. Bu &ouml;zellikle dalgal\u0131 veya k\u0131v\u0131rc\u0131k sa&ccedil;lara sahip olanlar i&ccedil;in b&uuml;y&uuml;k bir&nbsp;kolayl\u0131k sa\u011flar.<\/p>\n<p>&Uuml;r&uuml;n, her sa&ccedil; tipine uygun ayarlar\u0131 sunarak size en iyi sonucu elde etme imk&acirc;n\u0131 verir. \u0130ki farkl\u0131 h\u0131z ve &uuml;&ccedil; s\u0131cakl\u0131k seviyesi ile istedi\u011finiz tarz\u0131 olu\u015fturman\u0131za olanak tan\u0131r. Sa\u011fl\u0131kl\u0131 sa&ccedil;lar i&ccedil;in tasarlanan iyonizasyon i\u015fleviyle bukleleri daha belirgin hale getirirken elektriklenmeyi de &ouml;nler.<\/p>\n<h3>EN \u0130Y\u0130 SA&Ccedil; KURUTUMA FIR&Ccedil;ASI NASIL SE&Ccedil;\u0130L\u0130R?<\/h3>\n<p>En iyi sa&ccedil; kurutma f\u0131r&ccedil;as\u0131n\u0131 se&ccedil;erken dikkate alman\u0131z gereken baz\u0131 fakt&ouml;rler \u015funlard\u0131r:<\/p>\n<ul>\n<li>\u0130nce telli sa&ccedil;lar i&ccedil;in daha nazik ve d&uuml;\u015f&uuml;k \u0131s\u0131da &ccedil;al\u0131\u015fan f\u0131r&ccedil;alar tercih edilmelidir. Kal\u0131n telli sa&ccedil;lar i&ccedil;in ise daha g&uuml;&ccedil;l&uuml; ve y&uuml;ksek \u0131s\u0131 ayarlar\u0131na sahip f\u0131r&ccedil;alar daha etkili olabilir.<\/li>\n<li>Sa&ccedil;\u0131n\u0131z\u0131n uzunlu\u011funa ve \u015fekline uygun bir f\u0131r&ccedil;a ba\u015fl\u0131\u011f\u0131 se&ccedil;ilmelidir. Daha b&uuml;y&uuml;k ba\u015fl\u0131klar uzun sa&ccedil;lar i&ccedil;in, daha k&uuml;&ccedil;&uuml;k ba\u015fl\u0131klar ise k\u0131sa sa&ccedil;lar veya k\u0131v\u0131rc\u0131k sa&ccedil;lar i&ccedil;in uygundur.<\/li>\n<li>Farkl\u0131 \u0131s\u0131 ayarlar\u0131na sahip olan f\u0131r&ccedil;alar, sa&ccedil;a zarar vermeden istenilen sonucu elde etmenizi sa\u011flar. Hassas sa&ccedil;lar i&ccedil;in d&uuml;\u015f&uuml;k \u0131s\u0131 seviyelerine sahip f\u0131r&ccedil;alar tercih edilmelidir.<\/li>\n<li>Baz\u0131 f\u0131r&ccedil;alar d&ouml;nebilen ba\u015fl\u0131klara sahiptir. Sa&ccedil;a \u015fekil verirken kolayl\u0131k sa\u011flar ve kabarma riskini azalt\u0131r.<\/li>\n<li>G&uuml;venilir markalar\u0131n &uuml;r&uuml;nlerini tercih etmek, uzun vadede daha iyi performans ve dayan\u0131kl\u0131l\u0131k sa\u011flayabilir.<\/li>\n<\/ul>\n","protected":false},"excerpt":{"rendered":"<p>Evde sa\u00e7 kurutma makinesi ve yuvarlak f\u0131r\u00e7a kullanarak \u015f\u0131k bir f\u00f6n \u00e7ekmenin zor olabilece\u011fi bir s\u0131r de\u011fil; koordinasyon, kol g\u00fcc\u00fc ve beceri gerektirir. \u0130\u015fte tam bu noktada devreye sa\u00e7 kurutma makinesi f\u0131r\u00e7alar\u0131 giriyor. Siz de sa\u00e7 bak\u0131m rutininizi kolayla\u015ft\u0131rmak ve profesyonel sonu\u00e7lar elde etmek istiyorsan\u0131z, en iyi 8 sa\u00e7 kurutma makinesi f\u0131r\u00e7as\u0131 \u00fcr\u00fcnlerinden birini deneyebilirsiniz. [&hellip;]<\/p>\n","protected":false},"author":10,"featured_media":91744,"comment_status":"closed","ping_status":"open","sticky":false,"template":"","format":"standard","meta":{"rank_math_lock_modified_date":false,"footnotes":""},"categories":[],"tags":[59584,59583,2832,59582,11096],"class_list":["post-91745","post","type-post","status-publish","format-standard","has-post-thumbnail","hentry","tag-en-iyi-fircalar","tag-fon-fircasi","tag-sac-bakimi","tag-sac-kurutma-fircasi","tag-sac-sekillendirme"],"_links":{"self":[{"href":"https:\/\/www.tgrthaber.com\/mavikadin\/wp-json\/wp\/v2\/posts\/91745"}],"collection":[{"href":"https:\/\/www.tgrthaber.com\/mavikadin\/wp-json\/wp\/v2\/posts"}],"about":[{"href":"https:\/\/www.tgrthaber.com\/mavikadin\/wp-json\/wp\/v2\/types\/post"}],"author":[{"embeddable":true,"href":"https:\/\/www.tgrthaber.com\/mavikadin\/wp-json\/wp\/v2\/users\/10"}],"replies":[{"embeddable":true,"href":"https:\/\/www.tgrthaber.com\/mavikadin\/wp-json\/wp\/v2\/comments?post=91745"}],"version-history":[{"count":1,"href":"https:\/\/www.tgrthaber.com\/mavikadin\/wp-json\/wp\/v2\/posts\/91745\/revisions"}],"predecessor-version":[{"id":91746,"href":"https:\/\/www.tgrthaber.com\/mavikadin\/wp-json\/wp\/v2\/posts\/91745\/revisions\/91746"}],"wp:featuredmedia":[{"embeddable":true,"href":"https:\/\/www.tgrthaber.com\/mavikadin\/wp-json\/wp\/v2\/media\/91744"}],"wp:attachment":[{"href":"https:\/\/www.tgrthaber.com\/mavikadin\/wp-json\/wp\/v2\/media?parent=91745"}],"wp:term":[{"taxonomy":"category","embeddable":true,"href":"https:\/\/www.tgrthaber.com\/mavikadin\/wp-json\/wp\/v2\/categories?post=91745"},{"taxonomy":"post_tag","embeddable":true,"href":"https:\/\/www.tgrthaber.com\/mavikadin\/wp-json\/wp\/v2\/tags?post=91745"}],"curies":[{"name":"wp","href":"https:\/\/api.w.org\/{rel}","templated":true}]}}