{"id":91796,"date":"2024-11-06T20:22:22","date_gmt":"2024-11-06T17:22:22","guid":{"rendered":"https:\/\/www.tgrthaber.com\/mavikadin\/?p=91796"},"modified":"2024-11-15T16:04:32","modified_gmt":"2024-11-15T13:04:32","slug":"serenay-sarikayanin-annesi-umran-seyhan-ile-cansu-tosunun-babasi-kenan-tosunun-iliskisi-tum-hiziyla-devam-ediyor","status":"publish","type":"post","link":"https:\/\/www.tgrthaber.com\/mavikadin\/serenay-sarikayanin-annesi-umran-seyhan-ile-cansu-tosunun-babasi-kenan-tosunun-iliskisi-tum-hiziyla-devam-ediyor\/","title":{"rendered":"Serenay Sar\u0131kaya\u2019n\u0131n annesi \u00dcmran Seyhan ile Cansu Tosun\u2019un babas\u0131 Kenan Tosun\u2019un ili\u015fkisi t\u00fcm h\u0131z\u0131yla devam ediyor"},"content":{"rendered":"<p>Serenay Sar\u0131kaya\u2019n\u0131n annesi \u00dcmran Seyhan ile Cansu Tosun\u2019un babas\u0131 Kenan Tosun\u2019un magazin d\u00fcnyas\u0131nda b\u00fcy\u00fck yank\u0131 uyand\u0131ran ili\u015fkisi h\u0131zla s\u00fcr\u00fcyor. \u00dcnl\u00fc ikili, saatler \u00f6nce bir al\u0131\u015fveri\u015f merkezinde g\u00f6r\u00fcnt\u00fclendi.<\/p>\n<p>Serenay Sar\u0131kaya&rsquo;n\u0131n annesi &Uuml;mran Seyhan ile Cansu Tosun&rsquo;un babas\u0131 Kenan Tosun&rsquo;un magazin d&uuml;nyas\u0131nda b&uuml;y&uuml;k yank\u0131 uyand\u0131ran ili\u015fkisi t&uuml;m h\u0131z\u0131yla s&uuml;r&uuml;yor. \u0130ki &uuml;nl&uuml; ismin anne ve babas\u0131 bu kez bir al\u0131\u015fveri\u015f merkezinde g&ouml;r&uuml;nt&uuml;lendi.<\/p>\n<h3>KENAN TOSUN VE &Uuml;MRAN SEYHAN ALI\u015eVER\u0130\u015eTE<\/h3>\n<p>35 y\u0131ll\u0131k evlili\u011fini bitiren Cansu Tosun&#8217;un babas\u0131 Kenan Tosun ve bekar olan Serenay Sar\u0131kaya&#8217;n\u0131n annesi &Uuml;mran Seyhan, saatler &ouml;nce bir al\u0131\u015fveri\u015f merkezinde g&ouml;r&uuml;nt&uuml;lendi. Bir s&uuml;redir olduk&ccedil;a mutlu olduklar\u0131n\u0131 s&ouml;yleyerek ili\u015fkilerine devam eden &uuml;nl&uuml; anne baba, birlikte al\u0131\u015fveri\u015fin tad\u0131n\u0131 &ccedil;\u0131kartt\u0131.<\/p>\n<h3>\u0130LK KEZ EL ELE G&Ouml;R&Uuml;NT&Uuml;LEND\u0130LER<\/h3>\n<p>Serenay Sar\u0131kaya&rsquo;n\u0131n annesi &Uuml;mran Seyhan ve Cansu Tosun&rsquo;un babas\u0131 Kenan Tosun ilk kez el ele g&ouml;r&uuml;nt&uuml;lendi. Daha &ouml;nce Serenay Sar\u0131kaya&rsquo;n\u0131n annesi &Uuml;mran Seyhan, Ni\u015fanta\u015f\u0131&rsquo;nda bir erkekle y&uuml;r&uuml;y&uuml;\u015f yaparken kameralara yans\u0131m\u0131\u015ft\u0131. Bu ki\u015finin, Serpil Tosun ile evli olan Cansu Tosun&rsquo;un babas\u0131 Kenan Tosun oldu\u011fu anla\u015f\u0131lm\u0131\u015ft\u0131.<\/p>\n<p><img decoding=\"async\" src=\"https:\/\/www.tgrthaber.com\/mavikadin\/wp-content\/images\/haberler\/24-11\/06\/basliksiz-2dddd.jpg\" alt=\"\" title=\"\"><\/p>\n<h3>&#8220;ALLAH&rsquo;A HAVALE ED\u0130YORUM&#8221;&nbsp;<\/h3>\n<p>Yazl\u0131k evlerinde bir araya gelen ve ailece g&ouml;r&uuml;\u015fen &Uuml;mran Seyhan ile Kenan Tosun&rsquo;un dostluklar\u0131n\u0131n bir s&uuml;re sonra a\u015fka d&ouml;n&uuml;\u015ft&uuml;\u011f&uuml; iddialar\u0131 hakk\u0131nda konu\u015fan Serpil Tosun, &ldquo;Her \u015fey do\u011fru. S&ouml;yleyecek bir \u015fey yok. Onlar\u0131 Allah&rsquo;a havale ediyorum&rdquo; demi\u015fti.<\/p>\n<h3>KENAN TOSUN&#8217;DAN \u0130LK A&Ccedil;IKLAMA<\/h3>\n<p>M&uuml;ge ve G&uuml;l\u015fen&#8217;le 2 Sayfa program\u0131nda konu\u015fan Kenan Tosun, evlili\u011finin sona erdi\u011fini duyurmu\u015ftu: 1 ay &ouml;nce bo\u015fand\u0131k. Kimsenin bilgisi yoktu, bunu ilk kez s&ouml;yl&uuml;yorum. Anla\u015fmal\u0131 olarak ayr\u0131ld\u0131k. Bu konu kapand\u0131; zaten evlili\u011fimiz bo\u015fanma noktas\u0131na gelmi\u015fti. Ne konu\u015fsak yanl\u0131\u015f anla\u015f\u0131labilir. G&ouml;r&uuml;yorsunuz, &Uuml;mran Han\u0131m&rsquo;la birlikteyiz ve mutluyuz. Hakk\u0131m\u0131zda yaz\u0131lan \u015feyler var ama &ouml;yle bir durum yok. 3 ayd\u0131r beraber ya\u015f\u0131yoruz. Nerede oldu\u011fumuz belli; kimseden gizlenmiyoruz. &Ccedil;ocuklarla aram\u0131zda k&uuml;sl&uuml;k yok, olamaz da&#8230; G&ouml;r&uuml;\u015fmemek m&uuml;mk&uuml;n m&uuml;?,<\/p>\n<p><img decoding=\"async\" src=\"https:\/\/www.tgrthaber.com\/mavikadin\/wp-content\/images\/haberler\/24-11\/06\/basliksiz-3ccc.jpg\" alt=\"\" title=\"\"><\/p>\n<h3>BABA KIZ KIRGINLI\u011eI B\u0130T\u0130RD\u0130<\/h3>\n<p>Aylar sonra Cansu Tosun&rsquo;un babas\u0131yla aras\u0131ndaki k\u0131rg\u0131nl\u0131\u011f\u0131 sona erdirdi\u011fi ortaya &ccedil;\u0131km\u0131\u015ft\u0131. Cansu Tosun, aralar\u0131ndaki so\u011fuklu\u011fu giderdi\u011fi babas\u0131 ve o\u011flu Marsel ile Ni\u015fanta\u015f\u0131&rsquo;nda birlikte gezintiye &ccedil;\u0131kt\u0131klar\u0131 s\u0131rada ilk kez kameralara yans\u0131m\u0131\u015ft\u0131.<\/p>\n<p><img decoding=\"async\" src=\"https:\/\/www.tgrthaber.com\/mavikadin\/wp-content\/images\/haberler\/24-11\/06\/basliksffffiz-1.jpg\" alt=\"\" title=\"\"><\/p>\n<h3>EL ELE KAMERALARA POZ VERD\u0130LER<\/h3>\n<p>Kenan Tosun, 35 y\u0131ll\u0131k evlili\u011fini sonland\u0131rd\u0131\u011f\u0131 Serenay Sar\u0131kaya&rsquo;n\u0131n annesi &Uuml;mran Seyhan ile ge&ccedil;ti\u011fimiz g&uuml;n Ni\u015fanta\u015f\u0131 City&rsquo;s &ccedil;\u0131k\u0131\u015f\u0131nda el ele g&ouml;r&uuml;nt&uuml;lenmi\u015fti. Bas\u0131n mensuplar\u0131n\u0131 fark edince el ele tutu\u015farak adeta poz veren ikili, sorular\u0131 yan\u0131ts\u0131z b\u0131rakarak al\u0131\u015fveri\u015f turuna devam etti.<\/p><\/p>\n","protected":false},"excerpt":{"rendered":"<p>Serenay Sar\u0131kaya\u2019n\u0131n annesi \u00dcmran Seyhan ile Cansu Tosun\u2019un babas\u0131 Kenan Tosun\u2019un magazin d\u00fcnyas\u0131nda b\u00fcy\u00fck yank\u0131 uyand\u0131ran ili\u015fkisi h\u0131zla s\u00fcr\u00fcyor. \u00dcnl\u00fc ikili, saatler \u00f6nce bir al\u0131\u015fveri\u015f merkezinde g\u00f6r\u00fcnt\u00fclendi. Serenay Sar\u0131kaya&rsquo;n\u0131n annesi &Uuml;mran Seyhan ile Cansu Tosun&rsquo;un babas\u0131 Kenan Tosun&rsquo;un magazin d&uuml;nyas\u0131nda b&uuml;y&uuml;k yank\u0131 uyand\u0131ran ili\u015fkisi t&uuml;m h\u0131z\u0131yla s&uuml;r&uuml;yor. \u0130ki &uuml;nl&uuml; ismin anne ve babas\u0131 bu kez [&hellip;]<\/p>\n","protected":false},"author":2,"featured_media":91795,"comment_status":"closed","ping_status":"open","sticky":false,"template":"","format":"standard","meta":{"rank_math_lock_modified_date":false,"footnotes":""},"categories":[76],"tags":[41545,60141,16351,59610,60140,46589],"class_list":["post-91796","post","type-post","status-publish","format-standard","has-post-thumbnail","hentry","category-magazin","tag-ciftler","tag-el-ele","tag-magazin-gundemi","tag-serenay-sarikaya-umran-seyhan-kenan-tosun-magazin-cansu-tosun","tag-umran-seyhan-kenan-tosun","tag-yeni-iliski"],"_links":{"self":[{"href":"https:\/\/www.tgrthaber.com\/mavikadin\/wp-json\/wp\/v2\/posts\/91796"}],"collection":[{"href":"https:\/\/www.tgrthaber.com\/mavikadin\/wp-json\/wp\/v2\/posts"}],"about":[{"href":"https:\/\/www.tgrthaber.com\/mavikadin\/wp-json\/wp\/v2\/types\/post"}],"author":[{"embeddable":true,"href":"https:\/\/www.tgrthaber.com\/mavikadin\/wp-json\/wp\/v2\/users\/2"}],"replies":[{"embeddable":true,"href":"https:\/\/www.tgrthaber.com\/mavikadin\/wp-json\/wp\/v2\/comments?post=91796"}],"version-history":[{"count":1,"href":"https:\/\/www.tgrthaber.com\/mavikadin\/wp-json\/wp\/v2\/posts\/91796\/revisions"}],"predecessor-version":[{"id":91797,"href":"https:\/\/www.tgrthaber.com\/mavikadin\/wp-json\/wp\/v2\/posts\/91796\/revisions\/91797"}],"wp:featuredmedia":[{"embeddable":true,"href":"https:\/\/www.tgrthaber.com\/mavikadin\/wp-json\/wp\/v2\/media\/91795"}],"wp:attachment":[{"href":"https:\/\/www.tgrthaber.com\/mavikadin\/wp-json\/wp\/v2\/media?parent=91796"}],"wp:term":[{"taxonomy":"category","embeddable":true,"href":"https:\/\/www.tgrthaber.com\/mavikadin\/wp-json\/wp\/v2\/categories?post=91796"},{"taxonomy":"post_tag","embeddable":true,"href":"https:\/\/www.tgrthaber.com\/mavikadin\/wp-json\/wp\/v2\/tags?post=91796"}],"curies":[{"name":"wp","href":"https:\/\/api.w.org\/{rel}","templated":true}]}}