{"id":91799,"date":"2024-11-06T20:41:59","date_gmt":"2024-11-06T17:41:59","guid":{"rendered":"https:\/\/www.tgrthaber.com\/mavikadin\/?p=91799"},"modified":"2024-11-15T16:04:36","modified_gmt":"2024-11-15T13:04:36","slug":"masterchef-sirin-sadegzade-kimdir-aslen-nereli","status":"publish","type":"post","link":"https:\/\/www.tgrthaber.com\/mavikadin\/masterchef-sirin-sadegzade-kimdir-aslen-nereli\/","title":{"rendered":"MasterChef \u015eirin Sadegzade kimdir, aslen nereli?"},"content":{"rendered":"<p>MasterChef yar\u0131\u015fmas\u0131nda ad\u0131ndan s\u0131k\u00e7a s\u00f6z ettiren \u015eirin Sadegzade, yar\u0131\u015fmaya yedeklerden kat\u0131larak ana kadroya y\u00fckselmeyi ba\u015farm\u0131\u015f ve g\u00f6sterdi\u011fi performansla dikkatleri \u00fczerine \u00e7ekmi\u015f bir isim. Yar\u0131\u015fman\u0131n takip\u00e7ileri, \u015eirin Sadegzade&#8217;nin hayat\u0131na ve k\u00f6kenine dair meraklar\u0131n\u0131 gidermeye \u00e7al\u0131\u015f\u0131yor. Herkes \u2018\u015eirin Sadegzade kimdir ve aslen nereli, ka\u00e7 ya\u015f\u0131nda?\u2019 sorular\u0131n\u0131n cevaplar\u0131n\u0131 ar\u0131yor. \u0130\u015fte t\u00fcm merak edilenlerin cevab\u0131\u2026<\/p>\n<p class=\"p2\">MasterChef yar\u0131\u015fmas\u0131nda b&uuml;y&uuml;k bir ba\u015far\u0131ya imza atan \u015eirin Sadegzade, yedeklerden ana kadroya y&uuml;kselerek dikkatleri &uuml;zerine &ccedil;ekti. Gen&ccedil; yar\u0131\u015fmac\u0131, Somer Sivrio\u011flu, Mehmet Yal&ccedil;\u0131nkaya ve Danilo Zanna&#8217;n\u0131n j&uuml;ri &uuml;yeli\u011finde oldu\u011fu programda ana kadroya kat\u0131ld\u0131\u011f\u0131 geceye taba\u011f\u0131yla adeta damga vurmu\u015ftu. Peki, MasterChef \u015eirin kimdir, nereli ve ka&ccedil; ya\u015f\u0131nda? \u0130\u015fte, yedeklerden ana kadroya ge&ccedil;erek b&uuml;y&uuml;k bir ba\u015far\u0131 sa\u011flayan \u015eirin Sadegzade&#8217;nin hayat\u0131na dair merak edilenler&hellip;<\/p>\n<h3 class=\"p2\">YARI\u015eMAYA YEDEKLERDEN KATILMI\u015eTI<\/h3>\n<p class=\"p2\">Bu sezon MasterChef yar\u0131\u015fmas\u0131na yedek yar\u0131\u015fmac\u0131lar aras\u0131nda kat\u0131lan \u015eirin Sadegzade, hayat\u0131 ve kariyeriyle izleyicilerin ilgisini &ccedil;ekiyor. Aslen \u0130ran&rsquo;\u0131n Tebriz \u015fehrinden olan \u015eirin Sadegzade, a\u015f&ccedil;\u0131l\u0131k konusunda uzun bir deneyime sahip olmasa da, yar\u0131\u015fmaya kat\u0131lmadan &ouml;nce bu alanda e\u011fitim alm\u0131\u015f bir isim.<span class=\"Apple-converted-space\">&nbsp;<\/span><\/p>\n<p class=\"p2\"><span class=\"Apple-converted-space\"><img decoding=\"async\" src=\"https:\/\/www.tgrthaber.com\/mavikadin\/wp-content\/images\/haberler\/24-11\/06\/ekran-resmi-2024-11-06-205855.png\" alt=\"\" title=\"\"><\/span><\/p>\n<h3 class=\"p2\">\u015e\u0130R\u0130N SEDAGZADE K\u0130MD\u0130R, ASLEN NEREL\u0130 ?<\/h3>\n<p class=\"p2\">25 ya\u015f\u0131nda olan \u015eirin Sadegzade, \u0130ran&rsquo;\u0131n Tebriz \u015fehrinden geldi. MasterChef yar\u0131\u015fmas\u0131na kat\u0131lmadan &ouml;nce a\u015f&ccedil;\u0131l\u0131k e\u011fitimi almam\u0131\u015ft\u0131, ancak yemek yapma tutkusuyla dikkat &ccedil;ekiyor. K\u0131sa bir s&uuml;re bir restoranda &ccedil;al\u0131\u015farak deneyim kazanan \u015eirin, \u015fu anda herhangi bir i\u015fte &ccedil;al\u0131\u015fm\u0131yor. Daha &ouml;nce MasterChef&#8217;e kat\u0131lan ve elenen \u015eirin, bu y\u0131l tekrar \u015fans\u0131n\u0131 denedi.<\/p>\n<p class=\"p2\"><img decoding=\"async\" src=\"https:\/\/www.tgrthaber.com\/mavikadin\/wp-content\/images\/haberler\/24-11\/06\/ekran-resmi-2024-11-06-211028.png\" alt=\"\" title=\"\"><\/p>\n<p class=\"p2\">Yemek yapmay\u0131 &ccedil;o\u011funlukla MasterChef izleyerek &ouml;\u011frendi\u011fini belirten yar\u0131\u015fmac\u0131, ilk turda 777 manifest taba\u011f\u0131yla \u015fefleri etkileyerek 3 evet ald\u0131. Sosyal medyada olduk&ccedil;a aktif olan \u015eirin&rsquo;in Instagram hesab\u0131 &#8216;shirinsadegzade&#8217; olarak biliniyor ve burada 142 bin takip&ccedil;isi bulunuyor. MasterChef yolculu\u011funda hayalini ger&ccedil;ekle\u015ftirmek i&ccedil;in m&uuml;cadele eden \u015eirin, yar\u0131\u015fmada kalabilmek i&ccedil;in yeteneklerini sergilemeye devam ediyor.<span class=\"Apple-converted-space\">&nbsp;<\/span><\/p>\n<p class=\"p2\"><span class=\"Apple-converted-space\"><img decoding=\"async\" src=\"https:\/\/www.tgrthaber.com\/mavikadin\/wp-content\/images\/haberler\/24-11\/06\/ekran-resmi-2024-11-06-205936.png\" alt=\"\" title=\"\"><\/span><\/p>\n<h3 class=\"p1\">ANA KADRODA K\u0130MLER VAR?<\/h3>\n<p class=\"p1\"><strong>Ana Kadro:<\/strong><\/p>\n<p class=\"p2\">1. Zeynep<\/p>\n<p class=\"p2\">2. Hakan<\/p>\n<p class=\"p2\">3. Onur<\/p>\n<p class=\"p2\">4. &Uuml;mm&uuml;han<\/p>\n<p class=\"p2\">5. Deniz<\/p>\n<p class=\"p2\">8. &Ccedil;a\u011flar<\/p>\n<p class=\"p2\">7. Serhat<\/p>\n<p class=\"p2\"><img decoding=\"async\" src=\"https:\/\/www.tgrthaber.com\/mavikadin\/wp-content\/images\/haberler\/24-11\/06\/ekran-resmi-2024-11-06-210008.png\" alt=\"\" title=\"\"><\/p>\n<p class=\"p2\">8. Alper<\/p>\n<p class=\"p2\">9. Ay\u015fe<\/p>\n<p class=\"p2\">10. Beril<\/p>\n<p class=\"p2\">11. Semih<\/p>\n<p class=\"p2\">12. Eda<\/p>\n<p class=\"p2\">13. Muratcan<\/p>\n<p class=\"p2\">14. Zeynep<\/p>\n<p class=\"p2\">15. Nigar<\/p>\n<p class=\"p2\"><img decoding=\"async\" src=\"https:\/\/www.tgrthaber.com\/mavikadin\/wp-content\/images\/haberler\/24-11\/06\/ekran-resmi-2024-11-06-210037.png\" alt=\"\" title=\"\"><\/p>\n<p class=\"p2\">18.Beyza<\/p>\n<p class=\"p2\">17.Emre<\/p>\n<p class=\"p2\">18.Kaan<\/p>\n<p class=\"p2\">19.Kerem<\/p>\n<p class=\"p2\">20.Nevzat<\/p>\n<h3 class=\"p1\">GE&Ccedil;EN HAFTA K\u0130M ELEND\u0130?<\/h3>\n<p class=\"p2\">Ge&ccedil;ti\u011fimiz hafta MasterChef&#8217;teAk\u0131n elenen isim oldu.<\/p>\n<p class=\"p2\">\n","protected":false},"excerpt":{"rendered":"<p>MasterChef yar\u0131\u015fmas\u0131nda ad\u0131ndan s\u0131k\u00e7a s\u00f6z ettiren \u015eirin Sadegzade, yar\u0131\u015fmaya yedeklerden kat\u0131larak ana kadroya y\u00fckselmeyi ba\u015farm\u0131\u015f ve g\u00f6sterdi\u011fi performansla dikkatleri \u00fczerine \u00e7ekmi\u015f bir isim. Yar\u0131\u015fman\u0131n takip\u00e7ileri, \u015eirin Sadegzade&#8217;nin hayat\u0131na ve k\u00f6kenine dair meraklar\u0131n\u0131 gidermeye \u00e7al\u0131\u015f\u0131yor. Herkes \u2018\u015eirin Sadegzade kimdir ve aslen nereli, ka\u00e7 ya\u015f\u0131nda?\u2019 sorular\u0131n\u0131n cevaplar\u0131n\u0131 ar\u0131yor. \u0130\u015fte t\u00fcm merak edilenlerin cevab\u0131\u2026 MasterChef yar\u0131\u015fmas\u0131nda b&uuml;y&uuml;k bir [&hellip;]<\/p>\n","protected":false},"author":16,"featured_media":91798,"comment_status":"closed","ping_status":"open","sticky":false,"template":"","format":"standard","meta":{"rank_math_lock_modified_date":false,"footnotes":""},"categories":[76],"tags":[494,1120,41102,59611,2731],"class_list":["post-91799","post","type-post","status-publish","format-standard","has-post-thumbnail","hentry","category-magazin","tag-kimdir","tag-masterchef","tag-nereli","tag-sirin-sadegzade","tag-yarismaci"],"_links":{"self":[{"href":"https:\/\/www.tgrthaber.com\/mavikadin\/wp-json\/wp\/v2\/posts\/91799"}],"collection":[{"href":"https:\/\/www.tgrthaber.com\/mavikadin\/wp-json\/wp\/v2\/posts"}],"about":[{"href":"https:\/\/www.tgrthaber.com\/mavikadin\/wp-json\/wp\/v2\/types\/post"}],"author":[{"embeddable":true,"href":"https:\/\/www.tgrthaber.com\/mavikadin\/wp-json\/wp\/v2\/users\/16"}],"replies":[{"embeddable":true,"href":"https:\/\/www.tgrthaber.com\/mavikadin\/wp-json\/wp\/v2\/comments?post=91799"}],"version-history":[{"count":1,"href":"https:\/\/www.tgrthaber.com\/mavikadin\/wp-json\/wp\/v2\/posts\/91799\/revisions"}],"predecessor-version":[{"id":91800,"href":"https:\/\/www.tgrthaber.com\/mavikadin\/wp-json\/wp\/v2\/posts\/91799\/revisions\/91800"}],"wp:featuredmedia":[{"embeddable":true,"href":"https:\/\/www.tgrthaber.com\/mavikadin\/wp-json\/wp\/v2\/media\/91798"}],"wp:attachment":[{"href":"https:\/\/www.tgrthaber.com\/mavikadin\/wp-json\/wp\/v2\/media?parent=91799"}],"wp:term":[{"taxonomy":"category","embeddable":true,"href":"https:\/\/www.tgrthaber.com\/mavikadin\/wp-json\/wp\/v2\/categories?post=91799"},{"taxonomy":"post_tag","embeddable":true,"href":"https:\/\/www.tgrthaber.com\/mavikadin\/wp-json\/wp\/v2\/tags?post=91799"}],"curies":[{"name":"wp","href":"https:\/\/api.w.org\/{rel}","templated":true}]}}