{"id":91940,"date":"2024-11-08T12:32:00","date_gmt":"2024-11-08T09:32:00","guid":{"rendered":"https:\/\/www.tgrthaber.com\/mavikadin\/?p=91940"},"modified":"2024-11-15T16:09:15","modified_gmt":"2024-11-15T13:09:15","slug":"kadinlarda-yaygin-gorulen-lipodemde-belirtilere-dikkat-ergenlikte-ortaya-cikiyor","status":"publish","type":"post","link":"https:\/\/www.tgrthaber.com\/mavikadin\/kadinlarda-yaygin-gorulen-lipodemde-belirtilere-dikkat-ergenlikte-ortaya-cikiyor\/","title":{"rendered":"Kad\u0131nlarda yayg\u0131n g\u00f6r\u00fclen lip\u00f6demde belirtilere dikkat! Ergenlikte ortaya \u00e7\u0131k\u0131yor"},"content":{"rendered":"<p>Lip\u00f6dem hastal\u0131\u011f\u0131 genellikle kad\u0131nlarda g\u00f6r\u00fcl\u00fcyor. Ergenlik d\u00f6neminde daha s\u0131k rastlan\u0131lan bu hastal\u0131\u011f\u0131n genetik oldu\u011funa dikkat \u00e7eken Fizik Tedavi ve Rehabilitasyon Uzman\u0131 Do\u00e7. Dr. Mehtap Bozkurt, &#8220;Lip\u00f6dem, cilt alt\u0131 ya\u011f dokusunun anormal birikimine ba\u011fl\u0131 bacaklarda, kal\u00e7ada ve bazen de kollarda g\u00f6r\u00fclen rahats\u0131zl\u0131k hissi, a\u011fr\u0131 ve orant\u0131s\u0131z kal\u0131nl\u0131kla seyreden bir hastal\u0131kt\u0131r&#8221; dedi.<\/p>\n<p>Genellikle kad\u0131nlarda g&ouml;r&uuml;len Lip&ouml;demi hastal\u0131\u011f\u0131 genetik olarak kar\u015f\u0131m\u0131za &ccedil;\u0131k\u0131yor. &nbsp;VM Medical Park Kocaeli Hastanesi Fizik Tedavi ve Rehabilitasyon Uzman\u0131 Do&ccedil;. Dr. Mehtap Bozkurt, lip&ouml;dem hastal\u0131\u011f\u0131 hakk\u0131nda a&ccedil;\u0131klamalarda bulundu. Lip&ouml;demin tan\u0131m\u0131n\u0131 yapan Do&ccedil;. Dr. Bozkurt, &#8220;Lip&ouml;dem, cilt alt\u0131 ya\u011f dokusunun anormal birikimine ba\u011fl\u0131 bacaklarda, kal&ccedil;a bazen de kollarda g&ouml;r&uuml;len rahats\u0131zl\u0131k hissi, a\u011fr\u0131 ve orant\u0131s\u0131z kal\u0131nl\u0131kla seyreden bir hastal\u0131kt\u0131r&#8221; dedi.&nbsp;<\/p>\n<h3>L\u0130P&Ouml;DEM ERGENL\u0130KTE ORTAYA &Ccedil;IKIYOR<\/h3>\n<p>Hastal\u0131\u011f\u0131n ergenlik d&ouml;neminde ve do\u011furganl\u0131k ya\u015flar\u0131nda belirginle\u015fti\u011fine dikkat &ccedil;eken Do&ccedil;. Dr. Bozkurt &#8220;Bu durum &ccedil;o\u011fu zaman tam anla\u015f\u0131lamad\u0131\u011f\u0131 i&ccedil;in ba\u015fka tan\u0131larla kar\u0131\u015ft\u0131r\u0131lmaktad\u0131r. S\u0131kl\u0131kla lenf&ouml;dem san\u0131larak yanl\u0131\u015f tan\u0131 konulup, tedavi planlanmaktad\u0131r&#8221; diye konu\u015ftu.<\/p>\n<p><img decoding=\"async\" src=\"https:\/\/www.tgrthaber.com\/mavikadin\/wp-content\/images\/haberler\/24-11\/08\/haber-iciii-kadin-2.jpg\" alt=\"\" title=\"\"><\/p>\n<h3>&#8220;K\u0130LO ALDIK&Ccedil;A L\u0130P&Ouml;DEM ARTMAKTA&#8221;<\/h3>\n<p>Lip&ouml;demin kad\u0131nlarda g&ouml;r&uuml;len genetik bir rahats\u0131zl\u0131k oldu\u011funa dikkat &ccedil;eken Bozkurt, &#8220;Genellikle anne ve k\u0131z karde\u015fler de ayn\u0131 fenotipe (d\u0131\u015f g&ouml;r&uuml;n&uuml;\u015fe) sahiptirler. Bat\u0131 &uuml;lkelerinde kad\u0131nlar\u0131n yakla\u015f\u0131k y&uuml;zde 11-18&#8217;inde lip&ouml;dem bildirilmi\u015ftir. Ancak yak\u0131n zamana kadar toplum ve sa\u011fl\u0131k &ccedil;al\u0131\u015fanlar\u0131n\u0131n fark\u0131ndal\u0131\u011f\u0131n\u0131n az olmas\u0131 nedeniyle lip&ouml;dem tan\u0131s\u0131 atlanmaktad\u0131r. Genellikle lenf&ouml;dem ya da obezite olarak de\u011ferlendirilmekte ya da hastalara tedavisinin olmad\u0131\u011f\u0131 s&ouml;ylenmektedir. Do\u011fru y&ouml;nlendirilmeyen hastalar bir k\u0131s\u0131r d&ouml;ng&uuml;ye girmektedir. Bacak kal\u0131nl\u0131klar\u0131 v&uuml;cut a\u011f\u0131rl\u0131\u011f\u0131n\u0131 art\u0131r\u0131p ki\u015finin hareketlerini k\u0131s\u0131tlamakta, bu da kilo almalar\u0131na sebep olmaktad\u0131r. Kilo ald\u0131k&ccedil;a da lip&ouml;dem artmakta, ancak hasta kilo verse de bacaklar\u0131n incelmedi\u011fini g&ouml;recektir. K\u0131yafet se&ccedil;iminde s\u0131k\u0131nt\u0131lar ya\u015famaya ba\u015flar. Bu durum da ki\u015fide psikolojik sorunlar\u0131n ortaya &ccedil;\u0131kmas\u0131na neden olur. Hasta sosyal ortamlara girmek istemez ve sosyal &ccedil;ekilmeler ortaya &ccedil;\u0131kar&#8221; ifadelerini kulland\u0131.<\/p>\n<p><img decoding=\"async\" src=\"https:\/\/www.tgrthaber.com\/mavikadin\/wp-content\/images\/haberler\/24-11\/08\/haber-iciii-doktor.jpg\" alt=\"\" title=\"\"><\/p>\n<h3>&#8220;V&Uuml;CUDUN &Uuml;ST TARAFI NORMALD\u0130R&#8221;<\/h3>\n<p>Lip&ouml;demin obeziteyle kar\u0131\u015ft\u0131r\u0131ld\u0131\u011f\u0131n\u0131 belirten Do&ccedil;. Dr. Bozkurt, &#8220;Obeziteden farkl\u0131 olarak lip&ouml;demde v&uuml;cudun &uuml;st taraf\u0131 normalken, belden a\u015fa\u011f\u0131s\u0131nda a\u015f\u0131r\u0131 bir ya\u011flanma vard\u0131r. Ayaklar zay\u0131ft\u0131r, &ouml;demli ve \u015fi\u015f ya da ya\u011fl\u0131 de\u011fildir, incedir. Orant\u0131s\u0131z bir v&uuml;cut g&ouml;r&uuml;nt&uuml;s&uuml;ne sahiptirler&#8221; dedi.<\/p>\n<h3>L\u0130P&Ouml;DEM TEDAV\u0130 YOLLARI<\/h3>\n<p>Tedavi yollar\u0131n\u0131 da anlatan Bozkurt, s&ouml;zlerini \u015f&ouml;yle s&uuml;rd&uuml;rd&uuml;:<br \/>&#8220;Lip&ouml;demde etiyolojiye y&ouml;nelik bilimsel &ccedil;al\u0131\u015fmalar devam etti\u011finden etiyolojik fakt&ouml;rler hen&uuml;z tam olarak bilinmemektedir. Bu nedenle hedefe y&ouml;nelik bir k&uuml;r tedavisi hen&uuml;z mevcut de\u011fildir. Ancak lip&ouml;demin klinik ilerlemesini durdurmak, fiziksel ve psikolojik durumu d&uuml;zeltmek, komplikasyonlar\u0131 &ouml;nlemek tedavideki ilk hedefimizdir. Lip&ouml;dem tedavisinde konservatif ve cerrahi y&ouml;ntemler mevcuttur. Hasta fizik tedavi doktoru taraf\u0131ndan de\u011ferlendirilir, hastal\u0131\u011f\u0131n evresine g&ouml;re tedavi y&ouml;ntemi se&ccedil;ilip ki\u015fiye &ouml;zel tedavi planlan\u0131r. Kilo kontrol&uuml;, egzersiz, diyet, psikoterapi, komplet dekonjestif terapi (KDT), p&ouml;nomotik kompresyon cihazlar\u0131, liposak\u015f\u0131n gibi tedavi se&ccedil;enekleri mevcuttur. &Ccedil;o\u011fu zaman multidisipliner yakla\u015f\u0131mla hastaya &ouml;zel kombinasyonlar planlanmal\u0131d\u0131r. Lip&ouml;dem tedavisi, liderli\u011fini fizik tedavi ve rehabilitasyon uzman\u0131n\u0131n yapt\u0131\u011f\u0131, i&ccedil;inde fizyoterapist, diyetisyen, psikolo\u011fun oldu\u011fu bir ekip taraf\u0131ndan yap\u0131l\u0131r.&#8221;<\/p>\n<p><img decoding=\"async\" src=\"https:\/\/www.tgrthaber.com\/mavikadin\/wp-content\/images\/haberler\/24-11\/08\/haber-iciii-kadin.jpg\" alt=\"\" title=\"\"><\/p>\n<h3>L\u0130P&Ouml;DEM HASTALI\u011eINDA EGZERS\u0130Z YAPILMALI<\/h3>\n<p>Kilo verme ve ya\u011f dokusundaki inflamasyonu azaltman\u0131n psikolojik iyilik halini y&uuml;kseltmek a&ccedil;\u0131s\u0131ndan olduk&ccedil;a &ouml;nemli oldu\u011funa de\u011finen Do&ccedil;. Dr. Bozkurt, &#8220;Egzersizin lip&ouml;dem konusunda e\u011fitimli bir profesyonel taraf\u0131ndan planlanmas\u0131 ve do\u011fru yap\u0131lmas\u0131, devaml\u0131l\u0131\u011f\u0131n\u0131n sa\u011flanmas\u0131 ve tedaviden ba\u015far\u0131l\u0131 sonu&ccedil;lar almak i&ccedil;in &ccedil;ok k\u0131ymetlidir. Lip&ouml;dem i&ccedil;in en uygun spor olarak pompalama egzersizleri, y&uuml;zme, pilates, yoga, bisiklet bildirilmi\u015ftir. Y&uuml;ksek yo\u011funluklu egzersizler hastan\u0131n a\u011fr\u0131lar\u0131n\u0131 art\u0131raca\u011f\u0131 i&ccedil;in &ouml;nerilmemektedir. KDT ve pn&ouml;motik kompresyon cihaz\u0131 &ouml;zellikle flebolip&ouml;dem ve lenfolip&ouml;dem gibi &ouml;demin e\u015flik etti\u011fi durumlarda birincil tedavi se&ccedil;enekleridir. KDT; manuel lenfatik drenaj (MLD), k\u0131sa gerim bandajlar kullan\u0131larak lip&ouml;deme &ouml;zel bandajlama tekni\u011fi, cilt bak\u0131m\u0131 ve egzersiz kompenentinden olu\u015fmaktad\u0131r. Devam\u0131nda da hekim taraf\u0131ndan hastan\u0131n klinik evresine g&ouml;re hastaya &ouml;zel se&ccedil;ilmi\u015f bas\u0131 giysileri ile devam edilmektedir. Erken evre lip&ouml;dem hastalar\u0131nda ayaklar a&ccedil;\u0131kta kalacak \u015fekilde lip&ouml;dem taytlar\u0131 kullan\u0131lmaktad\u0131r. Hastalar\u0131n egzersizlerini de bu taytlarla yapmalar\u0131 &ouml;nerilir&#8221; dedi.<\/p><\/p>\n","protected":false},"excerpt":{"rendered":"<p>Lip\u00f6dem hastal\u0131\u011f\u0131 genellikle kad\u0131nlarda g\u00f6r\u00fcl\u00fcyor. Ergenlik d\u00f6neminde daha s\u0131k rastlan\u0131lan bu hastal\u0131\u011f\u0131n genetik oldu\u011funa dikkat \u00e7eken Fizik Tedavi ve Rehabilitasyon Uzman\u0131 Do\u00e7. Dr. Mehtap Bozkurt, &#8220;Lip\u00f6dem, cilt alt\u0131 ya\u011f dokusunun anormal birikimine ba\u011fl\u0131 bacaklarda, kal\u00e7ada ve bazen de kollarda g\u00f6r\u00fclen rahats\u0131zl\u0131k hissi, a\u011fr\u0131 ve orant\u0131s\u0131z kal\u0131nl\u0131kla seyreden bir hastal\u0131kt\u0131r&#8221; dedi. Genellikle kad\u0131nlarda g&ouml;r&uuml;len Lip&ouml;demi hastal\u0131\u011f\u0131 [&hellip;]<\/p>\n","protected":false},"author":5,"featured_media":91939,"comment_status":"closed","ping_status":"open","sticky":false,"template":"","format":"standard","meta":{"rank_math_lock_modified_date":false,"footnotes":""},"categories":[101],"tags":[9411,59675,9216,59676,59677],"class_list":["post-91940","post","type-post","status-publish","format-standard","has-post-thumbnail","hentry","category-kesfet","tag-bacak-agrisi","tag-ergenlik-lipodemi","tag-lipodem","tag-lipodem-belirtileri","tag-lipodem-tedavisi"],"_links":{"self":[{"href":"https:\/\/www.tgrthaber.com\/mavikadin\/wp-json\/wp\/v2\/posts\/91940"}],"collection":[{"href":"https:\/\/www.tgrthaber.com\/mavikadin\/wp-json\/wp\/v2\/posts"}],"about":[{"href":"https:\/\/www.tgrthaber.com\/mavikadin\/wp-json\/wp\/v2\/types\/post"}],"author":[{"embeddable":true,"href":"https:\/\/www.tgrthaber.com\/mavikadin\/wp-json\/wp\/v2\/users\/5"}],"replies":[{"embeddable":true,"href":"https:\/\/www.tgrthaber.com\/mavikadin\/wp-json\/wp\/v2\/comments?post=91940"}],"version-history":[{"count":1,"href":"https:\/\/www.tgrthaber.com\/mavikadin\/wp-json\/wp\/v2\/posts\/91940\/revisions"}],"predecessor-version":[{"id":91941,"href":"https:\/\/www.tgrthaber.com\/mavikadin\/wp-json\/wp\/v2\/posts\/91940\/revisions\/91941"}],"wp:featuredmedia":[{"embeddable":true,"href":"https:\/\/www.tgrthaber.com\/mavikadin\/wp-json\/wp\/v2\/media\/91939"}],"wp:attachment":[{"href":"https:\/\/www.tgrthaber.com\/mavikadin\/wp-json\/wp\/v2\/media?parent=91940"}],"wp:term":[{"taxonomy":"category","embeddable":true,"href":"https:\/\/www.tgrthaber.com\/mavikadin\/wp-json\/wp\/v2\/categories?post=91940"},{"taxonomy":"post_tag","embeddable":true,"href":"https:\/\/www.tgrthaber.com\/mavikadin\/wp-json\/wp\/v2\/tags?post=91940"}],"curies":[{"name":"wp","href":"https:\/\/api.w.org\/{rel}","templated":true}]}}