{"id":91991,"date":"2024-11-08T20:01:58","date_gmt":"2024-11-08T17:01:58","guid":{"rendered":"https:\/\/www.tgrthaber.com\/mavikadin\/?p=91991"},"modified":"2024-11-15T16:10:57","modified_gmt":"2024-11-15T13:10:57","slug":"icardinin-simge-sagin-hamlesi-sok-etti-arjantin-basini-yazdi-gonlunu-bir-turk-kadina-kaptirdi","status":"publish","type":"post","link":"https:\/\/www.tgrthaber.com\/mavikadin\/icardinin-simge-sagin-hamlesi-sok-etti-arjantin-basini-yazdi-gonlunu-bir-turk-kadina-kaptirdi\/","title":{"rendered":"Icardi&#8217;nin Simge Sa\u011f\u0131n hamlesi \u015fok etti! Arjantin bas\u0131n\u0131 yazd\u0131: &#8216;G\u00f6nl\u00fcn\u00fc bir T\u00fcrk kad\u0131na kapt\u0131rd\u0131!&#8217;"},"content":{"rendered":"<p>Mauro Icardi ve Wanda Nara, son g\u00fcnlerde magazin d\u00fcnyas\u0131n\u0131n en \u00e7ok konu\u015fulan \u00e7ifti&#8230; Son olarak, Nara&#8217;n\u0131n sosyal medya hesab\u0131nda ger\u00e7ekle\u015ftirdi\u011fi canl\u0131 yay\u0131nda yeni sevgilisi L-Gante ile samimi hallerinin ard\u0131ndan bu kez Icardi cephesinden \u015fa\u015f\u0131rt\u0131c\u0131 bir ad\u0131m geldi.<\/p>\n<p>Galatasaray&rsquo;\u0131n y\u0131ld\u0131z oyuncusu Mauro Icardi, ini\u015fli &ccedil;\u0131k\u0131\u015fl\u0131 bir ili\u015fki ya\u015fad\u0131\u011f\u0131 e\u015fi Wanda Nara&rsquo;dan beklenmedik bir hamleyle kar\u015f\u0131la\u015fm\u0131\u015ft\u0131. Nara, aylar &ouml;nce ili\u015fki s&ouml;ylentilerine konu olan L-Gante ile tekrar bulu\u015fmu\u015f ve samimi g&ouml;r&uuml;nt&uuml;lere imza atm\u0131\u015ft\u0131. Bunun &uuml;zerine Icardi, sosyal medya hesab\u0131ndan Wanda Nara&rsquo;y\u0131 takip etmeyi b\u0131rakt\u0131 ve saatler sonra birbirlerine yak\u0131\u015ft\u0131r\u0131lan Simge Sa\u011f\u0131n&#8217;\u0131 takibe ald\u0131. Icardi ile ilgili ya\u015fanan t&uuml;m geli\u015fmeler ve sakatl\u0131\u011f\u0131 ile ilgili ayr\u0131nt\u0131lar yaz\u0131m\u0131zda. Icardi ne zaman d&ouml;necek?<\/p>\n<h3>L\u0130N&Ccedil;LENEN WANDA NARA&#8217;DAN PAYLA\u015eIM: &#8220;&Ouml;ZG&Uuml;R&Uuml;M&#8221;<\/h3>\n<p>L-Gante ile ger&ccedil;ekle\u015ftirdi\u011fi canl\u0131 yay\u0131nda samimi bir \u015fekilde g&ouml;r&uuml;nt&uuml;lenen Wanda Nara, gelen ele\u015ftiriler sonras\u0131nda \u015fu ifadeleri kullanm\u0131\u015ft\u0131: &#8220;Ayr\u0131y\u0131m ve diledi\u011fim ki\u015fiyle beraber olma &ouml;zg&uuml;rl&uuml;\u011f&uuml;ne sahibim. Ekonomik olarak &ccedil;ocuklar\u0131m\u0131n bak\u0131m\u0131n\u0131 tek ba\u015f\u0131ma &uuml;stleniyorum. Ne yaz\u0131k ki k\u0131zlar\u0131m\u0131n rehin tutulan evcil hayvanlar\u0131n\u0131 geri almak i&ccedil;in tehditlerle m&uuml;cadele ediyorum. Bir aile foto\u011fraf\u0131 u\u011fruna mutsuz bir ili\u015fkide devam etmem.&#8221;<\/p>\n<p><img decoding=\"async\" src=\"https:\/\/www.tgrthaber.com\/mavikadin\/wp-content\/images\/haberler\/24-11\/08\/basliksiz-2sss.jpg\" alt=\"\" title=\"\"><\/p>\n<h3>ICARDI T&Uuml;RK KADINA G&Ouml;NL&Uuml;N&Uuml; KAPTIRDI \u0130DD\u0130ASI<\/h3>\n<p>T&uuml;m bu olaylar g&uuml;ndemde g&uuml;nlerdir yerini korurken, Arjantin bas\u0131n\u0131nda farkl\u0131 bir iddia g&uuml;ndeme geldi. Informatesalta adl\u0131 haber sitesinde yay\u0131mlanan habere g&ouml;re, Arjantinli gazeteci Mat&iacute;as V&aacute;zquez, Icardi&#8217;nin bir dostunun kendisine, &#8220;Mauro&#8217;nun bir arkada\u015f\u0131 bana \u015f&ouml;yle dedi: &#8216;Burada (T&uuml;rkiye) g&ouml;zleri ba\u015fka bir kad\u0131nda, Wanda art\u0131k yok&rsquo;&#8221; \u015feklinde bir yorumda bulundu\u011funu &ouml;ne s&uuml;rd&uuml;.<\/p>\n<p>V&aacute;zquez, a&ccedil;\u0131klamalar\u0131na \u015fu \u015fekilde devam etti: &#8220;Onu &uuml;&ccedil; y\u0131ld\u0131r tan\u0131yor, att\u0131\u011f\u0131 golleri kutluyor. Francesca ve Isabella&#8217;y\u0131 zaten tan\u0131yordu. Icardi bu kad\u0131na tam anlam\u0131yla a\u015f\u0131k oldu. Wanda bunun fark\u0131ndayd\u0131 ve ne yapt\u0131? Simge&rsquo;nin Arjantinli&#8217;nin kalbini kazanaca\u011f\u0131n\u0131 bilerek h\u0131zla ayr\u0131ld\u0131.&#8221;<\/p>\n<p><img decoding=\"async\" src=\"https:\/\/www.tgrthaber.com\/mavikadin\/wp-content\/images\/haberler\/24-11\/08\/basliksiz-1vv.jpg\" alt=\"\" title=\"\"><\/p>\n<h3>ICARDI&#8217;DEN BEKLENMED\u0130K S\u0130MGE SA\u011eIN HAMLES\u0130<\/h3>\n<p>Ortaya at\u0131lan bu iddialar\u0131n ard\u0131ndan Mauro Icardi, sosyal medya hesab\u0131ndan Simge Sa\u011f\u0131n&rsquo;\u0131 takip etmeye ba\u015flad\u0131. Simge Sa\u011f\u0131n ise bu ad\u0131ma kar\u015f\u0131l\u0131k olarak &uuml;nl&uuml; futbolcuyu geri takip etti ve son payla\u015f\u0131m\u0131n\u0131 be\u011fendi.<\/p>\n<p><img decoding=\"async\" src=\"https:\/\/www.tgrthaber.com\/mavikadin\/wp-content\/images\/haberler\/24-11\/08\/basliksiz-3vc.jpg\" alt=\"\" title=\"\"><\/p>\n<h3>ICARD\u0130 NE ZAMAN D&Ouml;NECEK?<\/h3>\n<p>Galatasaray, Arjantinli futbolcunun son durumu hakk\u0131nda bilgi verdi. Sar\u0131 &#8211; k\u0131rm\u0131z\u0131l\u0131 kul&uuml;p, Mauro Icardi&#8217;nin sa\u011f diz &ouml;n &ccedil;apraz ba\u011f\u0131nda y\u0131rt\u0131lma ve menisk&uuml;s hasar\u0131 oldu\u011funu duyurdu. Kul&uuml;pten yap\u0131lan a&ccedil;\u0131klamada, &#8220;UEFA Avrupa Ligi&rsquo;nin d&ouml;rd&uuml;nc&uuml; haftas\u0131nda oynanan Tottenham kar\u015f\u0131la\u015fmas\u0131nda sakatlanan futbolcumuz Mauro Icardi&rsquo;nin sponsor hastanemizde yap\u0131lan MR taramalar\u0131nda sa\u011f diz &ouml;n &ccedil;apraz ba\u011f\u0131nda y\u0131rt\u0131lma ve menisk&uuml;s hasar\u0131 saptanm\u0131\u015ft\u0131r&#8221; ifadeleri kullan\u0131ld\u0131.<\/p>\n<p>T\u0131bbi raporlara g&ouml;re, sporla u\u011fra\u015fan ki\u015filerin bu faaliyetlere yeniden d&ouml;nmeleri genellikle 7 ile 9 ay aras\u0131nda bir zaman\u0131 bulabiliyor. BU da Icardi&#8217;nin sezonu kapatt\u0131\u011f\u0131 haberlerinin g&uuml;ndeme gelmesine neden oldu.<\/p>\n<p><img decoding=\"async\" src=\"https:\/\/www.tgrthaber.com\/mavikadin\/wp-content\/images\/haberler\/24-11\/08\/464124468_913377900718540_1041532576110662575_n.jpg\" alt=\"\" title=\"\"><\/p>\n<h3>S\u0130MGE SA\u011eIN \u0130LE ICARDI ARASINDA NELER OLDU?<\/h3>\n<p>Simge Sa\u011f\u0131n, Galatasaray&rsquo;\u0131n \u015fampiyonluk kutlamalar\u0131nda Icardi ile birlikte sahneye &ccedil;\u0131karak, Arjantinli futbolcunun gol sevin&ccedil;lerinde s\u0131k&ccedil;a &ccedil;ald\u0131\u011f\u0131 &ldquo;A\u015fk\u0131n Olay\u0131m&rdquo; \u015fark\u0131s\u0131yla dikkatleri &uuml;zerine &ccedil;ekmi\u015fti. Taraftarlar\u0131n birbirine &ccedil;ok yak\u0131\u015ft\u0131rd\u0131\u011f\u0131 ikiliden Icardi, sosyal medyada Simge Sa\u011f\u0131n&#8217;\u0131 yeniden takibe ald\u0131. Sa\u011f\u0131n ise Icardi&#8217;yi takip ediyordu ancak &uuml;nl&uuml; futbolcunun bu hamlesine sessiz kalmad\u0131 ve Icardi&#8217;nin son foto\u011fraf\u0131n\u0131 be\u011fendi.<\/p>\n<p><img decoding=\"async\" src=\"https:\/\/www.tgrthaber.com\/mavikadin\/wp-content\/images\/haberler\/24-11\/08\/birbirimizi-guzel-sevelim.jpg\" alt=\"\" title=\"\"><\/p>\n<p><img decoding=\"async\" src=\"https:\/\/www.tgrthaber.com\/mavikadin\/wp-content\/images\/haberler\/24-11\/08\/464747102_580823104284604_2110506459427917084_n.jpg\" alt=\"\" title=\"\"><\/p><\/p>\n","protected":false},"excerpt":{"rendered":"<p>Mauro Icardi ve Wanda Nara, son g\u00fcnlerde magazin d\u00fcnyas\u0131n\u0131n en \u00e7ok konu\u015fulan \u00e7ifti&#8230; Son olarak, Nara&#8217;n\u0131n sosyal medya hesab\u0131nda ger\u00e7ekle\u015ftirdi\u011fi canl\u0131 yay\u0131nda yeni sevgilisi L-Gante ile samimi hallerinin ard\u0131ndan bu kez Icardi cephesinden \u015fa\u015f\u0131rt\u0131c\u0131 bir ad\u0131m geldi. Galatasaray&rsquo;\u0131n y\u0131ld\u0131z oyuncusu Mauro Icardi, ini\u015fli &ccedil;\u0131k\u0131\u015fl\u0131 bir ili\u015fki ya\u015fad\u0131\u011f\u0131 e\u015fi Wanda Nara&rsquo;dan beklenmedik bir hamleyle kar\u015f\u0131la\u015fm\u0131\u015ft\u0131. Nara, [&hellip;]<\/p>\n","protected":false},"author":2,"featured_media":91990,"comment_status":"closed","ping_status":"open","sticky":false,"template":"","format":"standard","meta":{"rank_math_lock_modified_date":false,"footnotes":""},"categories":[76],"tags":[985,2221,3482,2222],"class_list":["post-91991","post","type-post","status-publish","format-standard","has-post-thumbnail","hentry","category-magazin","tag-galatasaray","tag-icardi","tag-simge-sagin","tag-wanda-nara"],"_links":{"self":[{"href":"https:\/\/www.tgrthaber.com\/mavikadin\/wp-json\/wp\/v2\/posts\/91991"}],"collection":[{"href":"https:\/\/www.tgrthaber.com\/mavikadin\/wp-json\/wp\/v2\/posts"}],"about":[{"href":"https:\/\/www.tgrthaber.com\/mavikadin\/wp-json\/wp\/v2\/types\/post"}],"author":[{"embeddable":true,"href":"https:\/\/www.tgrthaber.com\/mavikadin\/wp-json\/wp\/v2\/users\/2"}],"replies":[{"embeddable":true,"href":"https:\/\/www.tgrthaber.com\/mavikadin\/wp-json\/wp\/v2\/comments?post=91991"}],"version-history":[{"count":1,"href":"https:\/\/www.tgrthaber.com\/mavikadin\/wp-json\/wp\/v2\/posts\/91991\/revisions"}],"predecessor-version":[{"id":91992,"href":"https:\/\/www.tgrthaber.com\/mavikadin\/wp-json\/wp\/v2\/posts\/91991\/revisions\/91992"}],"wp:featuredmedia":[{"embeddable":true,"href":"https:\/\/www.tgrthaber.com\/mavikadin\/wp-json\/wp\/v2\/media\/91990"}],"wp:attachment":[{"href":"https:\/\/www.tgrthaber.com\/mavikadin\/wp-json\/wp\/v2\/media?parent=91991"}],"wp:term":[{"taxonomy":"category","embeddable":true,"href":"https:\/\/www.tgrthaber.com\/mavikadin\/wp-json\/wp\/v2\/categories?post=91991"},{"taxonomy":"post_tag","embeddable":true,"href":"https:\/\/www.tgrthaber.com\/mavikadin\/wp-json\/wp\/v2\/tags?post=91991"}],"curies":[{"name":"wp","href":"https:\/\/api.w.org\/{rel}","templated":true}]}}