{"id":92069,"date":"2024-11-09T21:58:51","date_gmt":"2024-11-09T18:58:51","guid":{"rendered":"https:\/\/www.tgrthaber.com\/mavikadin\/?p=92069"},"modified":"2024-11-15T16:13:19","modified_gmt":"2024-11-15T13:13:19","slug":"super-babaanne-arzu-sabanci-ve-torunu-arzu-alaranin-fotografi-begeni-rekoru-kirdi","status":"publish","type":"post","link":"https:\/\/www.tgrthaber.com\/mavikadin\/super-babaanne-arzu-sabanci-ve-torunu-arzu-alaranin-fotografi-begeni-rekoru-kirdi\/","title":{"rendered":"S\u00fcper babaanne! Arzu Sabanc\u0131 ve torunu Arzu Alara&#8217;n\u0131n foto\u011fraf\u0131 be\u011feni rekoru k\u0131rd\u0131"},"content":{"rendered":"<p>Arzu Sabanc\u0131, torunu Arzu Alara&#8217;yla payla\u015ft\u0131\u011f\u0131 sevimli karelerle sosyal medyay\u0131 sallad\u0131. &#8220;Ad\u0131 a\u015fk&#8221; notuyla payla\u015ft\u0131\u011f\u0131 foto\u011frafa, Sabanc\u0131&#8217;n\u0131n takip\u00e7ileri yorum ya\u011fd\u0131rd\u0131.<\/p>\n<p>Cemiyet hayat\u0131n\u0131n tan\u0131nm\u0131\u015f isimlerinden Arzu Sabanc\u0131, sosyal medya payla\u015f\u0131mlar\u0131yla dikkat &ccedil;ekmeye devam ediyor. Son olarak, Sabanc\u0131&#8217;n\u0131n torunu Arzu Alara ve ailesiyle birlikte payla\u015ft\u0131\u011f\u0131 foto\u011fraflar b&uuml;y&uuml;k ilgi g&ouml;rd&uuml;.<\/p>\n<p>Nazl\u0131 ve Hac\u0131 Sabanc\u0131 &ccedil;ifti 2021 y\u0131l\u0131nda d&uuml;nyaevine girmi\u015f, ilk &ccedil;ocuklar\u0131 Arzu Alara&rsquo;y\u0131 ise 2023 y\u0131l\u0131nda kucaklar\u0131na alm\u0131\u015flard\u0131.&nbsp;<\/p>\n<p>Hac\u0131 Sabanc\u0131&#8217;n\u0131n annesi Arzu Sabanc\u0131 sosyal medya hesab\u0131 Instagram&#8217;dan torunu Arzu Alara ile keyifli anlar\u0131n\u0131 payla\u015ft\u0131. Sabanc\u0131 foto\u011fraf\u0131n alt\u0131na &#8220;Ad\u0131 a\u015fk&#8221; notunu d&uuml;\u015ft&uuml;. Sabanc\u0131&#8217;n\u0131n bu payla\u015f\u0131m\u0131, takip&ccedil;ileri taraf\u0131ndan be\u011feni ve yorum ya\u011fmuruna tutuldu.<\/p>\n<p>&nbsp;<\/p>\n<p><img loading=\"lazy\" decoding=\"async\" src=\"https:\/\/www.tgrthaber.com\/mavikadin\/wp-content\/images\/haberler\/24-11\/09\/ekran-goruntusu-2024-11-09-213823.jpg\" width=\"802\" height=\"1027\" alt=\"\" title=\"\"><\/p>\n<p><img loading=\"lazy\" decoding=\"async\" src=\"https:\/\/www.tgrthaber.com\/mavikadin\/wp-content\/images\/haberler\/24-11\/09\/ekran-goruntusu-2024-11-09-213928.jpg\" width=\"807\" height=\"809\" alt=\"\" title=\"\"><\/p>\n<h3>M\u0130N\u0130K ARZU 1 YA\u015eINDA<\/h3>\n<p>Nazl\u0131 ve Hac\u0131 Sabanc\u0131 &ccedil;ifti, 2017 y\u0131l\u0131nda ba\u015flayan ili\u015fkilerini 2021&#8217;in Ekim ay\u0131nda evlilikle ta&ccedil;land\u0131rm\u0131\u015ft\u0131. 2023&#8217;&uuml;n Ocak ay\u0131nda ise baba olaca\u011f\u0131 m&uuml;jdesini veren &ccedil;ift, 15 A\u011fustos&rsquo;ta k\u0131zlar\u0131 Arzu Alara&rsquo;y\u0131 d&uuml;nyaya getirmi\u015fti.<\/p>\n<p>Minik Arzu Alara bu y\u0131l 1 ya\u015f\u0131na girdi ve kutlamalar bitmek bilmedi. Sabanc\u0131 ailesi, 15 A\u011fustos&rsquo;tan itibaren birden fazla do\u011fum g&uuml;n&uuml; organizasyonu d&uuml;zenledi. L&uuml;ks teknede ba\u015flayan kutlama, farkl\u0131 mekanlarda da devam etti.&nbsp;<\/p>\n<p>&nbsp;<\/p>\n<p><img loading=\"lazy\" decoding=\"async\" src=\"https:\/\/www.tgrthaber.com\/mavikadin\/wp-content\/images\/haberler\/24-11\/09\/basliksiz-4fv.jpg\" width=\"791\" height=\"989\" alt=\"\" title=\"\"><\/p>\n<p>Sabanc\u0131 ailesine gelin giderek sosyeteye ad\u0131m atan ve magazin d&uuml;nyas\u0131n\u0131n da ilgisini &ccedil;eken Nazl\u0131 Kay\u0131 Sabanc\u0131, 1 ya\u015f\u0131na giren k\u0131z\u0131n\u0131n do\u011fum g&uuml;n&uuml;n&uuml; renkli bir partiyle kutlad\u0131. Beyaz ve pembe tonlar\u0131n\u0131n hakim oldu\u011fu kutlamada, minik Arzu Alara&#8217;n\u0131n y&uuml;z&uuml; emojiyle kapat\u0131larak gizlendi.&nbsp;<\/p>\n<p>&nbsp;<\/p>\n<p><img loading=\"lazy\" decoding=\"async\" src=\"https:\/\/www.tgrthaber.com\/mavikadin\/wp-content\/images\/haberler\/24-11\/09\/basliksiz-3vc.jpg\" width=\"812\" height=\"457\" alt=\"\" title=\"\"><\/p>\n<h3>&#8220;U\u011eURLU GELS\u0130N&#8221;<\/h3>\n<p>Arzu Sabanc\u0131, torunu d&uuml;nyaya geldi\u011finde mutlulu\u011funu \u015fu s&ouml;zlerle dile getirmi\u015fti: &#8220;Bana yapt\u0131klar\u0131 s&uuml;rpriz beni &ccedil;ok duyguland\u0131rd\u0131, gururland\u0131rd\u0131 ve ger&ccedil;ekten &ccedil;ok mutlu oldum. Ad\u0131 u\u011furlu gelsin, in\u015fallah. K\u0131z\u0131m\u0131z sa\u011fl\u0131kl\u0131 b&uuml;y&uuml;s&uuml;n, anal\u0131 babal\u0131 olsun. Benim ilk ad\u0131m ise babaannemin ad\u0131 olan Fehmiye Arzu. Alara&#8217;ya da babaannemin ad\u0131 u\u011furlu gelsin in\u015fallah.&#8221;<\/p>\n<p>&nbsp;<\/p>\n<p><img loading=\"lazy\" decoding=\"async\" src=\"https:\/\/www.tgrthaber.com\/mavikadin\/wp-content\/images\/haberler\/24-11\/09\/krhdvu9pk0wdhavwb1us9a.jpg\" width=\"817\" height=\"1363\" alt=\"\" title=\"\"><\/p><\/p>\n","protected":false},"excerpt":{"rendered":"<p>Arzu Sabanc\u0131, torunu Arzu Alara&#8217;yla payla\u015ft\u0131\u011f\u0131 sevimli karelerle sosyal medyay\u0131 sallad\u0131. &#8220;Ad\u0131 a\u015fk&#8221; notuyla payla\u015ft\u0131\u011f\u0131 foto\u011frafa, Sabanc\u0131&#8217;n\u0131n takip\u00e7ileri yorum ya\u011fd\u0131rd\u0131. Cemiyet hayat\u0131n\u0131n tan\u0131nm\u0131\u015f isimlerinden Arzu Sabanc\u0131, sosyal medya payla\u015f\u0131mlar\u0131yla dikkat &ccedil;ekmeye devam ediyor. Son olarak, Sabanc\u0131&#8217;n\u0131n torunu Arzu Alara ve ailesiyle birlikte payla\u015ft\u0131\u011f\u0131 foto\u011fraflar b&uuml;y&uuml;k ilgi g&ouml;rd&uuml;. Nazl\u0131 ve Hac\u0131 Sabanc\u0131 &ccedil;ifti 2021 y\u0131l\u0131nda d&uuml;nyaevine [&hellip;]<\/p>\n","protected":false},"author":4,"featured_media":92068,"comment_status":"closed","ping_status":"open","sticky":false,"template":"","format":"standard","meta":{"rank_math_lock_modified_date":false,"footnotes":""},"categories":[76],"tags":[45093,2877,20490,6037],"class_list":["post-92069","post","type-post","status-publish","format-standard","has-post-thumbnail","hentry","category-magazin","tag-arzu-alara","tag-arzu-sabanci","tag-sosyete","tag-unluler"],"_links":{"self":[{"href":"https:\/\/www.tgrthaber.com\/mavikadin\/wp-json\/wp\/v2\/posts\/92069"}],"collection":[{"href":"https:\/\/www.tgrthaber.com\/mavikadin\/wp-json\/wp\/v2\/posts"}],"about":[{"href":"https:\/\/www.tgrthaber.com\/mavikadin\/wp-json\/wp\/v2\/types\/post"}],"author":[{"embeddable":true,"href":"https:\/\/www.tgrthaber.com\/mavikadin\/wp-json\/wp\/v2\/users\/4"}],"replies":[{"embeddable":true,"href":"https:\/\/www.tgrthaber.com\/mavikadin\/wp-json\/wp\/v2\/comments?post=92069"}],"version-history":[{"count":1,"href":"https:\/\/www.tgrthaber.com\/mavikadin\/wp-json\/wp\/v2\/posts\/92069\/revisions"}],"predecessor-version":[{"id":92070,"href":"https:\/\/www.tgrthaber.com\/mavikadin\/wp-json\/wp\/v2\/posts\/92069\/revisions\/92070"}],"wp:featuredmedia":[{"embeddable":true,"href":"https:\/\/www.tgrthaber.com\/mavikadin\/wp-json\/wp\/v2\/media\/92068"}],"wp:attachment":[{"href":"https:\/\/www.tgrthaber.com\/mavikadin\/wp-json\/wp\/v2\/media?parent=92069"}],"wp:term":[{"taxonomy":"category","embeddable":true,"href":"https:\/\/www.tgrthaber.com\/mavikadin\/wp-json\/wp\/v2\/categories?post=92069"},{"taxonomy":"post_tag","embeddable":true,"href":"https:\/\/www.tgrthaber.com\/mavikadin\/wp-json\/wp\/v2\/tags?post=92069"}],"curies":[{"name":"wp","href":"https:\/\/api.w.org\/{rel}","templated":true}]}}