{"id":92147,"date":"2024-11-11T08:13:00","date_gmt":"2024-11-11T05:13:00","guid":{"rendered":"https:\/\/www.tgrthaber.com\/mavikadin\/?p=92147"},"modified":"2024-11-15T16:15:50","modified_gmt":"2024-11-15T13:15:50","slug":"hande-ercel-enistesi-caner-yildirimin-dogum-gununu-bu-karelerle-kutladi-gamze-ercel-ise-8-yillik-arsiv-fotograflarini-paylasti","status":"publish","type":"post","link":"https:\/\/www.tgrthaber.com\/mavikadin\/hande-ercel-enistesi-caner-yildirimin-dogum-gununu-bu-karelerle-kutladi-gamze-ercel-ise-8-yillik-arsiv-fotograflarini-paylasti\/","title":{"rendered":"Hande Er\u00e7el eni\u015ftesi Caner Y\u0131ld\u0131r\u0131m&#8217;\u0131n do\u011fum g\u00fcn\u00fcn\u00fc bu karelerle kutlad\u0131&#8230; Gamze Er\u00e7el ise 8 y\u0131ll\u0131k ar\u015fiv foto\u011fraflar\u0131n\u0131 payla\u015ft\u0131&#8230;"},"content":{"rendered":"<p>Hande Er\u00e7el eni\u015ftesi Caner Y\u0131ld\u0131r\u0131m&#8217;\u0131n do\u011fum g\u00fcn\u00fcn\u00fc kutlad\u0131. G\u00fczel oyuncu eni\u015ftesi ve ablas\u0131yla beraber foto\u011fraflar\u0131n\u0131 payla\u015fmay\u0131 ve \u00fczerine not yazmay\u0131 da ihmal etmedi. Gamze Er\u00e7el ise e\u015fiyle olan eski ar\u015fiv foto\u011fraflar\u0131n\u0131 buldu ve ge\u00e7mi\u015fi hat\u0131rlatarak a\u015fklar\u0131n\u0131 tazeledi&#8230;<\/p>\n<p>Caner Y\u0131ld\u0131r\u0131m ile 2019 y\u0131l\u0131nda evlenen Gamze Er&ccedil;el her ge&ccedil;en g&uuml;n daha fazla a\u015fk\u0131n\u0131 b&uuml;y&uuml;t&uuml;yor. Caner Y\u0131ld\u0131r\u0131m ile beraber foto\u011fraflar\u0131n\u0131 2016 senesinden ba\u015flayarak sosyal medyada payla\u015fan Gamze Er&ccedil;el her ge&ccedil;en sene nas\u0131l daha fazla mutlu oldu\u011funu da a&ccedil;\u0131klad\u0131. Do\u011fum g&uuml;n&uuml; olan Caner Y\u0131ld\u0131r\u0131m&#8217;a ise bald\u0131z\u0131 Hande Er&ccedil;el&#8217;den de kutlama geldi&#8230;<\/p>\n<p>&nbsp;<\/p>\n<h3>HANDE ER&Ccedil;EL EN\u0130\u015eTES\u0130N\u0130N DO\u011eUM G&Uuml;N&Uuml;N&Uuml; KUTLADI<\/h3>\n<p>&nbsp;<\/p>\n<p>Hande Er&ccedil;el ablas\u0131 Gamze Er&ccedil;el ile evli olan eni\u015ftesi Caner Y\u0131ld\u0131r\u0131m&#8217;\u0131n do\u011fum g&uuml;n&uuml;n&uuml; kutlad\u0131. S&uuml;rekli bir arada olan ve aile ili\u015fkilerini kuvvetli tutan Hande Er&ccedil;el ablas\u0131 ye\u011feni ve eni\u015ftesinden kopmuyor. Hakan Sabanc\u0131 ile a\u015fk\u0131 konu\u015fulan Hande Er&ccedil;el ablas\u0131yla att\u0131\u011f\u0131 her ad\u0131mda da sosyal medyay\u0131 sallamaya devam ediyor. Eni\u015ftesi Caner Y\u0131ld\u0131r\u0131m&#8217;\u0131n do\u011fum g&uuml;n&uuml;ne kat\u0131lan Hande Er&ccedil;el sosyal medyadan eni\u015ftesi ve ablas\u0131yla karelerini payla\u015farak eni\u015ftesinin do\u011fum g&uuml;n&uuml;n&uuml; kutlamay\u0131 ihmal etmedi.&nbsp;<\/p>\n<p><img decoding=\"async\" src=\"https:\/\/www.tgrthaber.com\/mavikadin\/wp-content\/images\/haberler\/24-11\/11\/ekran-goruntusu-2024-11-11-073729.png\" alt=\"\" title=\"\"><\/p>\n<p>Hande Er&ccedil;el \u015fu s&ouml;zlerle eni\u015ftesinin do\u011fum g&uuml;n&uuml;n&uuml; kutlad\u0131: &#8216;\u0130yi ki do\u011fdun eni\u015fte, Er&ccedil;el ailesi olarak seni &ccedil;ok seviyoruz. Mavi dahil. &Ccedil;ok iyi &ccedil;\u0131kt\u0131\u011f\u0131n bir foto\u011fraf koymak isterdim.&#8217;<\/p>\n<p><img decoding=\"async\" src=\"https:\/\/www.tgrthaber.com\/mavikadin\/wp-content\/images\/haberler\/24-11\/11\/ekran-goruntusu-2024-11-11-073914.png\" alt=\"\" title=\"\"><\/p>\n<p>K\u0131sa s&uuml;rede Hande Er&ccedil;el&#8217;in bu sosyal medya payla\u015f\u0131m\u0131na be\u011feni ya\u011fmuru yap\u0131ld\u0131. Do\u011fum g&uuml;n&uuml; kutlamas\u0131nda Hakan Sabanc\u0131 var m\u0131yd\u0131 bilinmiyor. Hakan Sabanc\u0131 ile beraber kare payla\u015f\u0131lmad\u0131. Ancak ikilinin ne zaman nikah masas\u0131na oturaca\u011f\u0131 merak ediliyor.&nbsp;<\/p>\n<p>&nbsp;<\/p>\n<h3>GAMZE E&Ccedil;REL KOCASIYLA A\u015eK DOLU FOTO\u011eRAF AR\u015e\u0130V\u0130N\u0130 PAYLA\u015eTI<\/h3>\n<p>&nbsp;<\/p>\n<p>Gamze Er&ccedil;el ise Caner Y\u0131ld\u0131r\u0131m&#8217;\u0131n do\u011fum g&uuml;n&uuml;n&uuml; y\u0131llar i&ccedil;indeki a\u015fk oldu foto\u011fraflar\u0131yla yapt\u0131. Do\u011fum g&uuml;n&uuml;nde her y\u0131l yapt\u0131\u011f\u0131 aktiviteleri payla\u015fan Gamze Er&ccedil;el &#8216;\u0130lk evimiz&#8217; notuyla bir foto\u011fraf payla\u015fmay\u0131 da ihmal etmedi. Her ge&ccedil;en y\u0131l daha fazla &acirc;\u015f\u0131k olan &ccedil;iftin bu kareleri ise izleyenleri imrendirdi.&nbsp;<\/p>\n<p><img decoding=\"async\" src=\"https:\/\/www.tgrthaber.com\/mavikadin\/wp-content\/images\/haberler\/24-11\/11\/ekran-goruntusu-2024-11-11-073903.png\" alt=\"\" title=\"\"><\/p>\n<p>Gamze Er&ccedil;el 2016 y\u0131l\u0131ndan ve 2017 y\u0131l\u0131ndan payla\u015ft\u0131\u011f\u0131 karelerle Caner Y\u0131ld\u0131r\u0131m&#8217;\u0131n do\u011fum g&uuml;n&uuml;n&uuml; a\u015fk notlar\u0131yla payla\u015fmay\u0131 da ihmal etmedi.&nbsp;<\/p>\n<p><img decoding=\"async\" src=\"https:\/\/www.tgrthaber.com\/mavikadin\/wp-content\/images\/haberler\/24-11\/11\/ekran-goruntusu-2024-11-11-073928.png\" alt=\"\" title=\"\"><\/p>\n<p>Sadece Gamze Er&ccedil;el de\u011fil ayn\u0131 zamanda Caner Y\u0131ld\u0131r\u0131m da sosyal medyas\u0131ndan do\u011fum g&uuml;n&uuml;ne dair kareler payla\u015fmay\u0131 ihmal etmedi. Ge&ccedil;mi\u015fteki videolar\u0131n\u0131 ve foto\u011fraflar\u0131n\u0131 payla\u015fan Caner Y\u0131ld\u0131r\u0131m k\u0131z\u0131n\u0131n ve e\u015finin yan\u0131nda olmas\u0131ndan &ccedil;ok mutlu.&nbsp;<\/p>\n<p>&nbsp;<\/p>\n<h3>&#8216;KIZIMIN HER ANINDA YANINDA OLAB\u0130LMEK EN G&Uuml;ZEL HED\u0130YEM&#8217;<\/h3>\n<p>&nbsp;<\/p>\n<p>Caner Y\u0131ld\u0131r\u0131m da do\u011fum g&uuml;n&uuml;ne dair kareler payla\u015fmay\u0131 ihmal etmedi. Ge&ccedil;mi\u015fteki videolar\u0131n\u0131 ve foto\u011fraflar\u0131n\u0131 payla\u015fan Caner Y\u0131ld\u0131r\u0131m zaman i&ccedil;erisindeki de\u011fi\u015fimine de \u015fa\u015f\u0131rd\u0131.<\/p>\n<p><img decoding=\"async\" src=\"https:\/\/www.tgrthaber.com\/mavikadin\/wp-content\/images\/haberler\/24-11\/11\/ekran-goruntusu-2024-11-11-075749.png\" alt=\"\" title=\"\"><\/p>\n<p>Arkada\u015flar\u0131n\u0131n forma hediyesini de payla\u015fan Caner Y\u0131ld\u0131r\u0131m ayn\u0131 zamanda do\u011fum g&uuml;n&uuml;nde menemen yap\u0131p mum dikti. Mumu &uuml;fleyen Caner Y\u0131ld\u0131r\u0131m&#8217;\u0131n arkada\u015flar\u0131 menemeni yemeyi ihmal etmedi. Caner Y\u0131ld\u0131r\u0131m ise bu anlar\u0131 ironi yaparak &#8216; Bana do\u011fum g&uuml;n&uuml;mde menemen yapt\u0131rd\u0131lar sonra da bir g&uuml;zel yediler.&#8217; diyerek payla\u015ft\u0131.&nbsp;<\/p>\n<p><img decoding=\"async\" src=\"https:\/\/www.tgrthaber.com\/mavikadin\/wp-content\/images\/haberler\/24-11\/11\/ekran-goruntusu-2024-11-11-075716.png\" alt=\"\" title=\"\"><\/p>\n<p>Caner Y\u0131ld\u0131r\u0131m 2019 y\u0131l\u0131nda Gamze Er&ccedil;el ile evlenmi\u015f ve Mavi ad\u0131nda bir k\u0131zlar\u0131 olmu\u015ftu. K\u0131zlar\u0131 kanserle m&uuml;cadele etmi\u015f ve daha sonra sa\u011fl\u0131\u011f\u0131na kavu\u015fmu\u015ftu. &Ccedil;ift sosyal medyada a\u015fklar\u0131yla konu\u015fulan ve imrenilen nadir &ccedil;iftlerden. Her ge&ccedil;en g&uuml;n Gamze Er&ccedil;el ile olan a\u015fk\u0131n\u0131 b&uuml;y&uuml;ten Caner Y\u0131ld\u0131r\u0131m omzundaki sakatl\u0131\u011f\u0131n\u0131 da sosyal medyas\u0131ndan do\u011fum g&uuml;n&uuml;nde payla\u015fmay\u0131 ihmal etmedi.&nbsp;<\/p>\n<p><img decoding=\"async\" src=\"https:\/\/www.tgrthaber.com\/mavikadin\/wp-content\/images\/haberler\/24-11\/11\/ekran-goruntusu-2024-11-11-075730.png\" alt=\"\" title=\"\"><\/p>\n<p>&#8216;Bir omuz ameliyat\u0131n\u0131 daha kald\u0131ramam&#8217; dedi\u011fi foto\u011frafta omzuna so\u011fuk torba koydu\u011fu g&ouml;r&uuml;l&uuml;yor. Caner Y\u0131ld\u0131r\u0131m omzundan yeniden ameliyat olacak m\u0131 bilinmiyor ancak her ge&ccedil;en g&uuml;n e\u015fi ve k\u0131z\u0131yla olan ili\u015fkisin sebebiyle taktir g&ouml;rece\u011fi belli.&nbsp;<\/p><\/p>\n","protected":false},"excerpt":{"rendered":"<p>Hande Er\u00e7el eni\u015ftesi Caner Y\u0131ld\u0131r\u0131m&#8217;\u0131n do\u011fum g\u00fcn\u00fcn\u00fc kutlad\u0131. G\u00fczel oyuncu eni\u015ftesi ve ablas\u0131yla beraber foto\u011fraflar\u0131n\u0131 payla\u015fmay\u0131 ve \u00fczerine not yazmay\u0131 da ihmal etmedi. Gamze Er\u00e7el ise e\u015fiyle olan eski ar\u015fiv foto\u011fraflar\u0131n\u0131 buldu ve ge\u00e7mi\u015fi hat\u0131rlatarak a\u015fklar\u0131n\u0131 tazeledi&#8230; Caner Y\u0131ld\u0131r\u0131m ile 2019 y\u0131l\u0131nda evlenen Gamze Er&ccedil;el her ge&ccedil;en g&uuml;n daha fazla a\u015fk\u0131n\u0131 b&uuml;y&uuml;t&uuml;yor. Caner Y\u0131ld\u0131r\u0131m ile [&hellip;]<\/p>\n","protected":false},"author":24,"featured_media":92146,"comment_status":"closed","ping_status":"open","sticky":false,"template":"","format":"standard","meta":{"rank_math_lock_modified_date":false,"footnotes":""},"categories":[76],"tags":[15865,2837,15864,2391],"class_list":["post-92147","post","type-post","status-publish","format-standard","has-post-thumbnail","hentry","category-magazin","tag-caner-yildirim","tag-dogum-gunu","tag-gamze-ercel","tag-hande-ercel"],"_links":{"self":[{"href":"https:\/\/www.tgrthaber.com\/mavikadin\/wp-json\/wp\/v2\/posts\/92147"}],"collection":[{"href":"https:\/\/www.tgrthaber.com\/mavikadin\/wp-json\/wp\/v2\/posts"}],"about":[{"href":"https:\/\/www.tgrthaber.com\/mavikadin\/wp-json\/wp\/v2\/types\/post"}],"author":[{"embeddable":true,"href":"https:\/\/www.tgrthaber.com\/mavikadin\/wp-json\/wp\/v2\/users\/24"}],"replies":[{"embeddable":true,"href":"https:\/\/www.tgrthaber.com\/mavikadin\/wp-json\/wp\/v2\/comments?post=92147"}],"version-history":[{"count":1,"href":"https:\/\/www.tgrthaber.com\/mavikadin\/wp-json\/wp\/v2\/posts\/92147\/revisions"}],"predecessor-version":[{"id":92148,"href":"https:\/\/www.tgrthaber.com\/mavikadin\/wp-json\/wp\/v2\/posts\/92147\/revisions\/92148"}],"wp:featuredmedia":[{"embeddable":true,"href":"https:\/\/www.tgrthaber.com\/mavikadin\/wp-json\/wp\/v2\/media\/92146"}],"wp:attachment":[{"href":"https:\/\/www.tgrthaber.com\/mavikadin\/wp-json\/wp\/v2\/media?parent=92147"}],"wp:term":[{"taxonomy":"category","embeddable":true,"href":"https:\/\/www.tgrthaber.com\/mavikadin\/wp-json\/wp\/v2\/categories?post=92147"},{"taxonomy":"post_tag","embeddable":true,"href":"https:\/\/www.tgrthaber.com\/mavikadin\/wp-json\/wp\/v2\/tags?post=92147"}],"curies":[{"name":"wp","href":"https:\/\/api.w.org\/{rel}","templated":true}]}}