{"id":92150,"date":"2024-11-11T09:17:00","date_gmt":"2024-11-11T06:17:00","guid":{"rendered":"https:\/\/www.tgrthaber.com\/mavikadin\/?p=92150"},"modified":"2024-11-15T16:15:55","modified_gmt":"2024-11-15T13:15:55","slug":"ebru-sahin-muhabirlere-sert-cikti-sorulmasindan-rahatsiz-oluyorum","status":"publish","type":"post","link":"https:\/\/www.tgrthaber.com\/mavikadin\/ebru-sahin-muhabirlere-sert-cikti-sorulmasindan-rahatsiz-oluyorum\/","title":{"rendered":"Ebru \u015eahin muhabirlere sert \u00e7\u0131kt\u0131! &#8216;Sorulmas\u0131ndan rahats\u0131z oluyorum&#8217;\u00a0"},"content":{"rendered":"<p>Oyuncu Ebru \u015eahin 2022 y\u0131l\u0131nda Cedi Osman ile d\u00fcnyaevine girmi\u015fti. Paris d\u00f6n\u00fc\u015f\u00fc \u0130stanbul Havaliman\u0131&#8217;nda muhabirlere yakalanan Ebru \u015eahin muhabirlerin sordu\u011fu \u00f6zel bir soru kar\u015f\u0131s\u0131nda sinirlendi. \u015eahin, &#8216;Sorulmas\u0131ndan rahats\u0131z oluyorum&#8217;\u00a0dedi.<\/p>\n<p>Cedi Osman ile 2022 y\u0131l\u0131nda d&uuml;nyaevine giren oyuncu Ebru \u015eahin Paris d&ouml;n&uuml;\u015f&uuml; \u0130stanbul Havaliman\u0131&#8217;nda g&ouml;r&uuml;nt&uuml;lendi. Genellikle g&uuml;ler y&uuml;z&uuml;yle g&ouml;rmeye al\u0131\u015f\u0131k oldu\u011fumuz &uuml;nl&uuml; isim kendisine sorulan soru kar\u015f\u0131s\u0131nda rahats\u0131zl\u0131k duydu\u011funu belirtti.&nbsp;<\/p>\n<h3>EBRU \u015eAH\u0130N MUHAB\u0130RLERE SERT &Ccedil;IKTI!<\/h3>\n<p>Muhabirlerin &#8220;Anne olmay\u0131 d&uuml;\u015f&uuml;n&uuml;yor musunuz?&#8221; sorusuna \u015eahin, &#8220;Bu &ccedil;ok &ouml;zel bir durum a&ccedil;\u0131k&ccedil;as\u0131. Sorulmas\u0131ndan da rahats\u0131z oluyorum ama \u015fu an i&ccedil;in anne olmay\u0131 d&uuml;\u015f&uuml;nm&uuml;yorum.&#8221; \u015feklinde cevap verdi.&nbsp;<\/p>\n<p><img decoding=\"async\" src=\"https:\/\/www.tgrthaber.com\/mavikadin\/wp-content\/images\/haberler\/24-11\/11\/haber-iciii-ebru.jpg\" alt=\"\" title=\"\"><\/p>\n<h3>YUNAN\u0130STAN&#8217;A MI TA\u015eINDI?<\/h3>\n<p>Yunanistan&rsquo;a ta\u015f\u0131nd\u0131\u011f\u0131 iddialar\u0131na cevap veren Ebru \u015eahin, &#8220;E\u015fim yurt d\u0131\u015f\u0131nda &ccedil;al\u0131\u015f\u0131yor, orada da bir evimiz var, gidip geliyoruz.&#8221; dedi.<\/p>\n<h3>EBRU \u015eAH\u0130N K\u0130MD\u0130R?<\/h3>\n<p>&Uuml;nl&uuml; oyuncu Ebru \u015eahin, 18 May\u0131s 1994&#8217;te \u0130stanbul&rsquo;da d&uuml;nyaya geldi.<\/p>\n<p>\u0130stanbul &Uuml;niversitesi Spor Bilimleri Fak&uuml;ltesi&rsquo;nden mezun olan \u015eahin, oyunculuk tutkusunu ald\u0131\u011f\u0131 e\u011fitimleri profesyonel mecraya ta\u015f\u0131d\u0131.<br \/>Ebru \u015eahin b&ouml;ylelilkle oyunculuk kariyerine ba\u015flad\u0131.&nbsp;<\/p>\n<p>2016 y\u0131l\u0131nda y\u0131l\u0131nda ba\u015frol olarak yer ald\u0131\u011f\u0131 &#8220;Kan Paras\u0131&#8221; adl\u0131 ba\u011f\u0131ms\u0131z film ile sinema d&uuml;nyas\u0131na ad\u0131m att\u0131.<\/p>\n<p>&#8220;Sava\u015f&ccedil;\u0131&#8221; dizisinde Didem, &#8220;\u0130stanbullu Gelin&#8221; dizisinde ise Burcu karakteri ile televizyonda yer ald\u0131.&nbsp;<\/p>\n<p>2017 y\u0131l\u0131nda &#8220;Babam&#8221; adl\u0131 sinema filminde rol alan Ebru \u015eahin, 2018&rsquo;de &#8220;Suit&#8221; adl\u0131 tiyatro oyunuyla sahne ald\u0131.&nbsp;<\/p>\n<p>\u015eahin, b&uuml;y&uuml;k &ccedil;\u0131k\u0131\u015f\u0131n\u0131 2019 y\u0131l\u0131nda &#8220;Hercai&#8221; dizisinde oynad\u0131\u011f\u0131 &#8220;Reyyan&#8221; karakteri ile yapm\u0131\u015ft\u0131r.&nbsp;<\/p>\n<p>&#8220;Yasak Elma&#8221; dizisinde konuk oyuncu olarak oynayan Ebru \u015eahin, bu rol&uuml;yle T&uuml;rkiye&#8217;de ve d&uuml;nyada &ouml;nemli bir &uuml;ne kavu\u015ftu.<\/p>\n<p>2022 y\u0131l\u0131nda &#8220;Destan&#8221; adl\u0131 dizideki &#8220;Akk\u0131z&#8221; karakteriyle televizyonda yeniden boy g&ouml;sterdi.&nbsp;<\/p>\n<p>Seul Drama &Ouml;d&uuml;lleri i&ccedil;in 2022 y\u0131l\u0131nda &nbsp;en iyi kad\u0131n oyuncu &ouml;d&uuml;l&uuml;ne aday g&ouml;sterilen Ebru \u015eahin, &#8220;Destan&#8221; dizisi ise en iyi drama &ouml;d&uuml;l&uuml;n&uuml; kazand\u0131.&nbsp;<\/p>\n<p>Ard\u0131ndan &#8220;Tam Bir Centilmen&#8221; adl\u0131 dijital projede &#8220;Nehir&#8221; karakterini oynayan \u015eahin, 2023 y\u0131l\u0131nda &#8220;Y&uuml;z Y\u0131ll\u0131k Mucize&#8221; isimli yap\u0131mda &#8220;Harika&#8221; karakteriyle ekranlara d&ouml;nd&uuml;.<\/p>\n<p>Ebru \u015eahin son olarak, &#8220;Gizli Bah&ccedil;e&#8221; dizisinde Nazl\u0131 Orman karakterini oynamaya ba\u015flad\u0131.&nbsp;<\/p><\/p>\n","protected":false},"excerpt":{"rendered":"<p>Oyuncu Ebru \u015eahin 2022 y\u0131l\u0131nda Cedi Osman ile d\u00fcnyaevine girmi\u015fti. Paris d\u00f6n\u00fc\u015f\u00fc \u0130stanbul Havaliman\u0131&#8217;nda muhabirlere yakalanan Ebru \u015eahin muhabirlerin sordu\u011fu \u00f6zel bir soru kar\u015f\u0131s\u0131nda sinirlendi. \u015eahin, &#8216;Sorulmas\u0131ndan rahats\u0131z oluyorum&#8217;\u00a0dedi. Cedi Osman ile 2022 y\u0131l\u0131nda d&uuml;nyaevine giren oyuncu Ebru \u015eahin Paris d&ouml;n&uuml;\u015f&uuml; \u0130stanbul Havaliman\u0131&#8217;nda g&ouml;r&uuml;nt&uuml;lendi. Genellikle g&uuml;ler y&uuml;z&uuml;yle g&ouml;rmeye al\u0131\u015f\u0131k oldu\u011fumuz &uuml;nl&uuml; isim kendisine sorulan soru [&hellip;]<\/p>\n","protected":false},"author":5,"featured_media":92149,"comment_status":"closed","ping_status":"open","sticky":false,"template":"","format":"standard","meta":{"rank_math_lock_modified_date":false,"footnotes":""},"categories":[76],"tags":[40364,22037,2298,31539],"class_list":["post-92150","post","type-post","status-publish","format-standard","has-post-thumbnail","hentry","category-magazin","tag-anne-olmak","tag-cedi-osman","tag-ebru-sahin","tag-unlu-roportaj"],"_links":{"self":[{"href":"https:\/\/www.tgrthaber.com\/mavikadin\/wp-json\/wp\/v2\/posts\/92150"}],"collection":[{"href":"https:\/\/www.tgrthaber.com\/mavikadin\/wp-json\/wp\/v2\/posts"}],"about":[{"href":"https:\/\/www.tgrthaber.com\/mavikadin\/wp-json\/wp\/v2\/types\/post"}],"author":[{"embeddable":true,"href":"https:\/\/www.tgrthaber.com\/mavikadin\/wp-json\/wp\/v2\/users\/5"}],"replies":[{"embeddable":true,"href":"https:\/\/www.tgrthaber.com\/mavikadin\/wp-json\/wp\/v2\/comments?post=92150"}],"version-history":[{"count":1,"href":"https:\/\/www.tgrthaber.com\/mavikadin\/wp-json\/wp\/v2\/posts\/92150\/revisions"}],"predecessor-version":[{"id":92151,"href":"https:\/\/www.tgrthaber.com\/mavikadin\/wp-json\/wp\/v2\/posts\/92150\/revisions\/92151"}],"wp:featuredmedia":[{"embeddable":true,"href":"https:\/\/www.tgrthaber.com\/mavikadin\/wp-json\/wp\/v2\/media\/92149"}],"wp:attachment":[{"href":"https:\/\/www.tgrthaber.com\/mavikadin\/wp-json\/wp\/v2\/media?parent=92150"}],"wp:term":[{"taxonomy":"category","embeddable":true,"href":"https:\/\/www.tgrthaber.com\/mavikadin\/wp-json\/wp\/v2\/categories?post=92150"},{"taxonomy":"post_tag","embeddable":true,"href":"https:\/\/www.tgrthaber.com\/mavikadin\/wp-json\/wp\/v2\/tags?post=92150"}],"curies":[{"name":"wp","href":"https:\/\/api.w.org\/{rel}","templated":true}]}}