{"id":92262,"date":"2024-11-12T13:12:00","date_gmt":"2024-11-12T10:12:00","guid":{"rendered":"https:\/\/www.tgrthaber.com\/mavikadin\/?p=92262"},"modified":"2024-11-15T16:19:22","modified_gmt":"2024-11-15T13:19:22","slug":"soguk-havalarda-sikliginizdan-taviz-vermeyecek-hafta-sonu-kis-tatili-kombinleri","status":"publish","type":"post","link":"https:\/\/www.tgrthaber.com\/mavikadin\/soguk-havalarda-sikliginizdan-taviz-vermeyecek-hafta-sonu-kis-tatili-kombinleri\/","title":{"rendered":"So\u011fuk havalarda \u015f\u0131kl\u0131\u011f\u0131n\u0131zdan taviz vermeyecek hafta sonu k\u0131\u015f tatili kombinleri"},"content":{"rendered":"<p>So\u011fuk hava ve kar kapl\u0131 manzaralarla dolu hafta sonlar\u0131, hem k\u0131\u015f\u0131n keyfini \u00e7\u0131karmak hem de \u015f\u0131kl\u0131\u011f\u0131n\u0131zdan \u00f6d\u00fcn vermemek aras\u0131nda ince bir denge kurmay\u0131 gerektiriyor. Hem rahatl\u0131\u011f\u0131ndan hem de \u015f\u0131kl\u0131\u011f\u0131ndan \u00f6d\u00fcn vermeyen kombinlerle so\u011fuk havalar\u0131n \u00fcstesinden gelebilirsiniz. \u0130\u015fte hafta sonu k\u0131\u015f tatilinde giyilecek kombinler<\/p>\n<p>So\u011fuk havalarda stilinizi koruyarak hem rahat hem de \u015f\u0131k bir k\u0131\u015f tatili ge&ccedil;irmek istiyorsan\u0131z, do\u011fru kombinler yapmak gerekiyor. K&uuml;rk detayl\u0131 montlardan, kal\u0131n &ouml;rg&uuml; kazaklara, \u015f\u0131k berelerden, renkli atk\u0131lara kadar &ccedil;e\u015fitli par&ccedil;alarla olu\u015fturulan kombinler sayesinde so\u011fuk hava ko\u015fullar\u0131 sizin stilinizi etkilemeyecek. Peki, k\u0131\u015f\u0131n tatilde ne giyilir? K\u0131\u015f mevsiminde hangi elbiseler giyilir? \u0130\u015fte hafta sonu k\u0131\u015f tatilinde giyilecek kombinler<\/p>\n<h3>HAFTA SONU KI\u015e TAT\u0130L\u0130 KOMB\u0130NLER\u0130<\/h3>\n<p>\u0130\u015fte hafta sonu k\u0131\u015f tatili kombinleri i&ccedil;in baz\u0131 &ouml;neriler:<\/p>\n<p><img decoding=\"async\" src=\"https:\/\/www.tgrthaber.com\/mavikadin\/wp-content\/images\/haberler\/24-11\/12\/yeni-proje-59.jpg\" alt=\"\" title=\"\"><\/p>\n<h3>TEK PAR&Ccedil;A KALIN ELB\u0130SE KOMB\u0130N\u0130<\/h3>\n<p>K\u0131\u015f aylar\u0131nda hem \u015f\u0131k g&ouml;r&uuml;nmek hem de s\u0131cac\u0131k hissetmek isteyenler i&ccedil;in ideal bir se&ccedil;enek: tek par&ccedil;a kal\u0131n elbiseler! Bu k\u0131yafetler, pratik ve \u015f\u0131k bir kombin olu\u015fturman\u0131n en kolay yolu. &Uuml;stelik her t&uuml;rl&uuml; hava ko\u015fulunda sizi koruyacak olan kal\u0131n kuma\u015flar\u0131yla da tercih edilebilir. Kombininize uygun birka&ccedil; detay ekleyerek tamamlay\u0131c\u0131 aksesuarlarla tarz\u0131n\u0131z\u0131 ortaya &ccedil;\u0131karabilirsiniz.<\/p>\n<p><img decoding=\"async\" src=\"https:\/\/www.tgrthaber.com\/mavikadin\/wp-content\/images\/haberler\/24-11\/12\/yeni-proje-58.jpg\" alt=\"\" title=\"\"><\/p>\n<h3>ETEK KAZAK KOMB\u0130N\u0130<\/h3>\n<p>So\u011fuk havalarda stilinizden &ouml;d&uuml;n vermek zorunda kalmadan, zarif bir g&ouml;r&uuml;n&uuml;m elde etmenizi sa\u011flayacak olan etek kazak kombinasyonu, hem \u015f\u0131k hem de rahat bir tercih olabilir. Etek ve kazak uyumunu do\u011fru \u015fekilde yakalayarak, so\u011fuk havalar\u0131n getirdi\u011fi zorluklar\u0131 atlat\u0131rken modadan da &ouml;d&uuml;n vermemi\u015f olursunuz. &Ouml;rne\u011fin, uzun bir kaza\u011f\u0131 etekle kombinleyerek feminen ve modern bir g&ouml;r&uuml;n&uuml;m elde edebilirsiniz. Kombini topuklu botlar veya &ccedil;izmeler ile tamamlayarak \u015f\u0131kl\u0131\u011f\u0131n\u0131z\u0131 artt\u0131rabilirsiniz.<\/p>\n<p><img decoding=\"async\" src=\"https:\/\/www.tgrthaber.com\/mavikadin\/wp-content\/images\/haberler\/24-11\/12\/yeni-proje-57.jpg\" alt=\"\" title=\"\"><\/p>\n<h3>OVERS\u0130ZE KAZAK VE SK\u0130NNY JEAN<\/h3>\n<p>K\u0131\u015f aylar\u0131nda hem s\u0131cak tutacak hem de \u015f\u0131kl\u0131\u011f\u0131n\u0131z\u0131 &ouml;n plana &ccedil;\u0131karacak bir kombin aray\u0131\u015f\u0131ndaysan\u0131z, oversize kazak ve skinny jean ikilisini deneyebilirsiniz. Geni\u015f kesimli ve rahat oversize kazaklar, so\u011fuk havalarda sizi s\u0131cac\u0131k tutarken skinny jeanler ise v&uuml;cudunuzu sararak \u015f\u0131k bir g&ouml;r&uuml;n&uuml;m sunar. Bu kombinasyon hem tarz\u0131n\u0131z\u0131 yans\u0131tman\u0131za olanak sa\u011flar hem de hareket &ouml;zg&uuml;rl&uuml;\u011f&uuml;n&uuml;z&uuml; k\u0131s\u0131tlamaz. Oversize kazak ile skinny jean kombinini tamamlayarak kusursuz bir k\u0131\u015f stiline sahip olabilirsiniz.<\/p>\n<p><img decoding=\"async\" src=\"https:\/\/www.tgrthaber.com\/mavikadin\/wp-content\/images\/haberler\/24-11\/12\/yeni-proje-55.jpg\" alt=\"\" title=\"\"><\/p>\n<h3>UZUN KAZA\u011eIN ALTINA ETEK<\/h3>\n<p>K\u0131\u015f aylar\u0131nda \u015f\u0131k ve feminen bir g&ouml;r&uuml;n&uuml;m elde etmenin s\u0131rr\u0131 uzun bir kazak ile ince bir ete\u011fi kombinlemekte sakl\u0131. Bu kombini olu\u015fturarak hem modern hem de rahat bir tarza sahip olabilirsiniz. Uzun kaza\u011f\u0131n alt\u0131na tercih edece\u011finiz etek, siluetinizi dengeleyerek zarif bir g&ouml;r&uuml;n&uuml;m yakalanabilir. Kombini tamamlarken topuklu botlar veya &ccedil;izmeler se&ccedil;erek stilinizi y&uuml;kseltebilirsiniz. Hem s\u0131cak tutacak hem de \u015f\u0131kl\u0131\u011f\u0131n\u0131z\u0131 &ouml;n plana &ccedil;\u0131karacak bu kombinle so\u011fuk k\u0131\u015f g&uuml;nlerinde bile tarz\u0131n\u0131zdan &ouml;d&uuml;n vermeyeceksiniz.<\/p>\n<p><img decoding=\"async\" src=\"https:\/\/www.tgrthaber.com\/mavikadin\/wp-content\/images\/haberler\/24-11\/12\/yeni-proje-54.jpg\" alt=\"\" title=\"\"><\/p>\n<h3>RENKL\u0130 DESENL\u0130 KAZAK VE KOT PANTOLON<\/h3>\n<p>Hafta sonu k\u0131\u015f kombinlerinde farkl\u0131l\u0131k olu\u015fturmak istiyorsan\u0131z renkli desenli kazaklar ve klasik kot pantolonlar harika bir se&ccedil;im olabilir. Renkli desenler enerjik ve canl\u0131 bir g&ouml;r&uuml;n&uuml;m sa\u011flarken, klasik kot pantolon da kombini dengeleyerek \u015f\u0131k bir tarz olu\u015fturur.<\/p>\n<p>Hafta sonu hem s\u0131cak tutacak hem de stilinizi &ouml;n plana &ccedil;\u0131karacak bu kombini tercih edebilirsiniz. Sade aksesuarlarla tamamlayarak sofistike bir g&ouml;r&uuml;n&uuml;m elde edebilirsiniz. Kombininize uygun ayakkab\u0131 ve &ccedil;anta se&ccedil;imiyle g&ouml;z al\u0131c\u0131 bir \u015f\u0131kl\u0131k yakalayabilirsiniz.<\/p>\n<p><img decoding=\"async\" src=\"https:\/\/www.tgrthaber.com\/mavikadin\/wp-content\/images\/haberler\/24-11\/12\/yeni-proje-53.jpg\" alt=\"\" title=\"\"><\/p>\n<h3>K&Uuml;RK DETAYLI MONT VE \u015eAL<\/h3>\n<p>Hafta sonlar\u0131 k\u0131\u015f aylar\u0131nda d\u0131\u015far\u0131 &ccedil;\u0131kmak bazen zorlu hava ko\u015fullar\u0131 nedeniyle zorla\u015fabilir. Bu durumda, s\u0131cak tutan bir k&uuml;rk detayl\u0131 mont idealdir. K&uuml;rk detayl\u0131 mont, hem rahatl\u0131k sa\u011flar hem de &uuml;\u015f&uuml;yen bedeninize s\u0131cakl\u0131k verir. Kombini daha da \u015f\u0131k ve s\u0131cak hale getirmenin yolu ise &uuml;zerinize uyumlu renkte bir \u015fal takmaktan ge&ccedil;er.<\/p>\n<p>\u015eal\u0131n\u0131z\u0131 montunuzla uygun bir \u015fekilde kombinleyerek, hem tarz\u0131n\u0131z\u0131 tamamlayabilir hem de ekstra bir s\u0131cakl\u0131k katman\u0131 ekleyebilirsiniz. B&ouml;ylelikle hafta sonu planlar\u0131n\u0131za hava ko\u015fullar\u0131 engel olmazken, tarz\u0131n\u0131zdan da &ouml;d&uuml;n vermemi\u015f olursunuz.<\/p><\/p>\n","protected":false},"excerpt":{"rendered":"<p>So\u011fuk hava ve kar kapl\u0131 manzaralarla dolu hafta sonlar\u0131, hem k\u0131\u015f\u0131n keyfini \u00e7\u0131karmak hem de \u015f\u0131kl\u0131\u011f\u0131n\u0131zdan \u00f6d\u00fcn vermemek aras\u0131nda ince bir denge kurmay\u0131 gerektiriyor. Hem rahatl\u0131\u011f\u0131ndan hem de \u015f\u0131kl\u0131\u011f\u0131ndan \u00f6d\u00fcn vermeyen kombinlerle so\u011fuk havalar\u0131n \u00fcstesinden gelebilirsiniz. \u0130\u015fte hafta sonu k\u0131\u015f tatilinde giyilecek kombinler So\u011fuk havalarda stilinizi koruyarak hem rahat hem de \u015f\u0131k bir k\u0131\u015f tatili [&hellip;]<\/p>\n","protected":false},"author":10,"featured_media":92261,"comment_status":"closed","ping_status":"open","sticky":false,"template":"","format":"standard","meta":{"rank_math_lock_modified_date":false,"footnotes":""},"categories":[1305],"tags":[59821,46647,4589,2759,37503],"class_list":["post-92262","post","type-post","status-publish","format-standard","has-post-thumbnail","hentry","category-moda","tag-hafta-sonu-kombin","tag-kis-kombinleri","tag-kis-tatili","tag-soguk-hava","tag-stil-onerileri"],"_links":{"self":[{"href":"https:\/\/www.tgrthaber.com\/mavikadin\/wp-json\/wp\/v2\/posts\/92262"}],"collection":[{"href":"https:\/\/www.tgrthaber.com\/mavikadin\/wp-json\/wp\/v2\/posts"}],"about":[{"href":"https:\/\/www.tgrthaber.com\/mavikadin\/wp-json\/wp\/v2\/types\/post"}],"author":[{"embeddable":true,"href":"https:\/\/www.tgrthaber.com\/mavikadin\/wp-json\/wp\/v2\/users\/10"}],"replies":[{"embeddable":true,"href":"https:\/\/www.tgrthaber.com\/mavikadin\/wp-json\/wp\/v2\/comments?post=92262"}],"version-history":[{"count":1,"href":"https:\/\/www.tgrthaber.com\/mavikadin\/wp-json\/wp\/v2\/posts\/92262\/revisions"}],"predecessor-version":[{"id":92263,"href":"https:\/\/www.tgrthaber.com\/mavikadin\/wp-json\/wp\/v2\/posts\/92262\/revisions\/92263"}],"wp:featuredmedia":[{"embeddable":true,"href":"https:\/\/www.tgrthaber.com\/mavikadin\/wp-json\/wp\/v2\/media\/92261"}],"wp:attachment":[{"href":"https:\/\/www.tgrthaber.com\/mavikadin\/wp-json\/wp\/v2\/media?parent=92262"}],"wp:term":[{"taxonomy":"category","embeddable":true,"href":"https:\/\/www.tgrthaber.com\/mavikadin\/wp-json\/wp\/v2\/categories?post=92262"},{"taxonomy":"post_tag","embeddable":true,"href":"https:\/\/www.tgrthaber.com\/mavikadin\/wp-json\/wp\/v2\/tags?post=92262"}],"curies":[{"name":"wp","href":"https:\/\/api.w.org\/{rel}","templated":true}]}}