{"id":92277,"date":"2024-11-12T14:36:00","date_gmt":"2024-11-12T11:36:00","guid":{"rendered":"https:\/\/www.tgrthaber.com\/mavikadin\/?p=92277"},"modified":"2024-11-15T16:19:50","modified_gmt":"2024-11-15T13:19:50","slug":"saclarinizin-yagli-gorunumunu-ortadan-kaldiracak-5-basit-yontem","status":"publish","type":"post","link":"https:\/\/www.tgrthaber.com\/mavikadin\/saclarinizin-yagli-gorunumunu-ortadan-kaldiracak-5-basit-yontem\/","title":{"rendered":"Sa\u00e7lar\u0131n\u0131z\u0131n ya\u011fl\u0131 g\u00f6r\u00fcn\u00fcm\u00fcn\u00fc ortadan kald\u0131racak 5 basit y\u00f6ntem"},"content":{"rendered":"<p>Ak\u015famdan kalan sa\u00e7lar, sabah uyand\u0131\u011f\u0131n\u0131zda tazeli\u011fini kaybeder ve istenmeyen bir parlakl\u0131kla ve sa\u00e7\u0131n ya\u011flanmas\u0131yla sizi kar\u015f\u0131lar. Art\u0131k her sabah sa\u00e7lar\u0131n\u0131z\u0131 y\u0131kamak zorunda kalmayacak ve sa\u00e7lar\u0131n\u0131z\u0131n do\u011fal dengesini koruyarak parlak ve sa\u011fl\u0131kl\u0131 bir g\u00f6r\u00fcn\u00fcm elde edeceksiniz. Peki, sa\u00e7taki ya\u011fl\u0131 g\u00f6r\u00fcn\u00fcm nas\u0131l giderilir? \u0130\u015fte detaylar\u2026<\/p>\n<p>Sa&ccedil; ya\u011flanmas\u0131, g&uuml;nl&uuml;k ya\u015fant\u0131m\u0131z\u0131 etkileyen ve &ccedil;o\u011fumuzun m&uuml;cadele etti\u011fi bir durumdur. Peki, sa&ccedil;lar\u0131m a\u015f\u0131r\u0131 ya\u011fl\u0131 ne yapmal\u0131y\u0131m? Her sabah uyan\u0131nca sa&ccedil;lar\u0131n\u0131z\u0131n neden bu kadar ya\u011flan\u0131yor? diye d&uuml;\u015f&uuml;nebilirsiniz. E\u011fer cevaplar\u0131n\u0131z &#8216;evet&#8217; ise, sa&ccedil; ya\u011flanmas\u0131n\u0131n nedenlerini, bunun nas\u0131l &ouml;nlenebilece\u011fini ve hangi &uuml;r&uuml;nleri kullanabilece\u011finize dair sorun cevaplar\u0131n\u0131 sizler i&ccedil;in ara\u015ft\u0131r\u0131p bulduk. \u0130\u015fte sa&ccedil;lar\u0131n\u0131z\u0131n ya\u011fl\u0131 g&ouml;r&uuml;n&uuml;m&uuml;n&uuml; ortadan kald\u0131racak 5 basit y&ouml;ntem<\/p>\n<h3>SA&Ccedil; YA\u011eLANMASI NEDEN OLUR?<\/h3>\n<p>Sa&ccedil; ya\u011flanmas\u0131, sa&ccedil; derisinde bulunan sebase bezlerin a\u015f\u0131r\u0131 ya\u011f &uuml;retiminden kaynaklan\u0131r. Ayr\u0131ca sa&ccedil; ya\u011flanmas\u0131n\u0131n nedenleri ki\u015fiden ki\u015fiye farkl\u0131l\u0131k da g&ouml;sterebilir. Sa&ccedil; tipinizi ve ya\u015fam tarz\u0131n\u0131z\u0131 de\u011ferlendirerek do\u011fru tedavi y&ouml;ntemlerini uygulayarak bu sorunu kontrol alt\u0131na alabilirsiniz. Sa&ccedil; ya\u011flanmas\u0131n\u0131n birka&ccedil; ana nedeni vard\u0131r. Bunlar:<\/p>\n<ul>\n<li>Sa&ccedil; ya\u011flanmas\u0131 genetik yatk\u0131nl\u0131kla ili\u015fkilidir. Ailenizde sa&ccedil; ya\u011flanmas\u0131 sorunu varsa, sizin de bu sorunu ya\u015fama olas\u0131l\u0131\u011f\u0131n\u0131z daha y&uuml;ksek olabilir.<\/li>\n<li>Ergenlik d&ouml;nemi, hamilelik, menopoz gibi hormonal de\u011fi\u015fimler sa&ccedil; ya\u011flanmas\u0131n\u0131 art\u0131rabilir.<\/li>\n<li>Yanl\u0131\u015f \u015fampuan veya sa&ccedil; bak\u0131m &uuml;r&uuml;nleri kullanmak da sa&ccedil;\u0131n ya\u011flanmas\u0131na sebep olabilir.<\/li>\n<li>Fast food t&uuml;ketimi ve dengesiz beslenme, v&uuml;cudunuzdaki ya\u011f dengesini etkileyerek sa&ccedil; ya\u011flanmas\u0131na yol a&ccedil;abilir.<\/li>\n<li>G&uuml;nl&uuml;k stres ve endi\u015fe de sa&ccedil; sa\u011fl\u0131\u011f\u0131n\u0131 olumsuz etkileyerek ya\u011flanmaya sebep olabilir.<\/li>\n<\/ul>\n<p><img decoding=\"async\" src=\"https:\/\/www.tgrthaber.com\/mavikadin\/wp-content\/images\/haberler\/24-11\/12\/yeni-proje-94.jpg\" alt=\"\" title=\"\"><\/p>\n<h3>SA&Ccedil; YA\u011eLANMASINI &Ouml;NLEMEK<\/h3>\n<p>Sa&ccedil; ya\u011flanmas\u0131n\u0131 &ouml;nlemek i&ccedil;in a\u015fa\u011f\u0131daki ipu&ccedil;lar\u0131n\u0131 uygulayabilirsiniz:<\/p>\n<ul>\n<li>Sa&ccedil; tipinize uygun \u015fampuanlar\u0131 tercih ederek sa&ccedil; derisini dengede tutabilirsiniz. Ya\u011fl\u0131 sa&ccedil;lar i&ccedil;in &ouml;zel olarak form&uuml;le edilmi\u015f \u015fampuanlar kullan\u0131lmal\u0131d\u0131r.<\/li>\n<li>Sa&ccedil;\u0131n\u0131z\u0131 d&uuml;zenli aral\u0131klarla y\u0131kamak ya\u011flanmay\u0131 kontrol alt\u0131nda tutmay\u0131 destekler. Her g&uuml;n s\u0131k s\u0131k y\u0131kamak yerine g&uuml;nl&uuml;k veya g&uuml;n a\u015f\u0131r\u0131 y\u0131kama tercih edilmelidir.<\/li>\n<li>F&ouml;n makinesi, sa&ccedil; d&uuml;zle\u015ftirici gibi \u0131s\u0131yla \u015fekillendirme aletlerini m&uuml;mk&uuml;n oldu\u011funca az kullan\u0131n. A\u015f\u0131r\u0131 \u0131s\u0131 sa&ccedil; derisindeki ya\u011f &uuml;retimini art\u0131rabilir.<\/li>\n<li>Dengeli ve sa\u011fl\u0131kl\u0131 beslenme al\u0131\u015fkanl\u0131klar\u0131 benimsemek sa&ccedil; sa\u011fl\u0131\u011f\u0131n\u0131z\u0131 olumlu y&ouml;nde etkiler. Bol su t&uuml;ketmek ve sebze-meyve a\u011f\u0131rl\u0131kl\u0131 beslenmek gerekir.<\/li>\n<li>Stres, sa&ccedil; derisinin ya\u011f &uuml;retimini art\u0131rabilir. Yoga, meditasyon gibi stres y&ouml;netimi tekniklerini uygulayarak stresi azaltabilirsiniz.<\/li>\n<li>Sa&ccedil; ya\u011flanmas\u0131 s&uuml;rekli bir sorun haline geldiyse dermatolog veya uzman bir doktora dan\u0131\u015farak daha kapsaml\u0131 bir tedavi plan\u0131 olu\u015fturabilirsiniz.<\/li>\n<\/ul>\n<p><img decoding=\"async\" src=\"https:\/\/www.tgrthaber.com\/mavikadin\/wp-content\/images\/haberler\/24-11\/12\/yeni-proje-95.jpg\" alt=\"\" title=\"\"><\/p>\n<h3>SA&Ccedil; YA\u011eLANMASINI &Ouml;NLEMEK \u0130&Ccedil;\u0130N 5 BAS\u0130T Y&Ouml;NTEM<\/h3>\n<p>Do\u011fru &uuml;r&uuml;n se&ccedil;imi, d&uuml;zenli sa&ccedil; bak\u0131m rutini, beslenme al\u0131\u015fkanl\u0131klar\u0131na dikkat etmek gibi basit ad\u0131mlarla sa&ccedil;lar\u0131n\u0131z\u0131n ya\u011flanma sorununu kontrol alt\u0131na alabilirsiniz. Peki, ya\u011fl\u0131 sa&ccedil;a ne iyi gelir? \u0130\u015fte sa&ccedil;lar\u0131n\u0131z\u0131n ya\u011flanmas\u0131n\u0131 &ouml;nleyecek 5 basit y&ouml;ntem:<\/p>\n<h3>KURU \u015eAMPUAN<\/h3>\n<p>Zaman\u0131n\u0131z\u0131n k\u0131s\u0131tl\u0131 oldu\u011fu g&uuml;nlerde sa&ccedil;lar\u0131n\u0131z\u0131 h\u0131zl\u0131ca temizlemek i&ccedil;in kuru \u015fampuanlar harika bir se&ccedil;enek olabilir. Bu &uuml;r&uuml;nler, ya\u011f\u0131 emerken sa&ccedil;lar\u0131 canland\u0131rarak cans\u0131z g&ouml;r&uuml;nt&uuml;y&uuml; ortadan kald\u0131r\u0131r. Birka&ccedil; dakika i&ccedil;inde uygulayabilece\u011finiz pratik bir &ccedil;&ouml;z&uuml;m olan kuru \u015fampuanlar, sa&ccedil;lar\u0131n\u0131za tazelik ve hacim kazand\u0131r\u0131r.<\/p>\n<p>G&uuml;nl&uuml;k ko\u015fu\u015fturman\u0131zda zaman kazanman\u0131za yard\u0131mc\u0131 olurken sa&ccedil;lar\u0131n\u0131z\u0131n da her zaman bak\u0131ml\u0131 ve temiz g&ouml;r&uuml;nmesini sa\u011flar. Kuru \u015fampuanlar\u0131 kullanarak kolayca daha g&uuml;zel ve sa\u011fl\u0131kl\u0131 sa&ccedil;lara sahip olabilirsiniz.<\/p>\n<p><img decoding=\"async\" src=\"https:\/\/www.tgrthaber.com\/mavikadin\/wp-content\/images\/haberler\/24-11\/12\/yeni-proje-96.jpg\" alt=\"\" title=\"\"><\/p>\n<h3>SLEEK BUN<\/h3>\n<p>Sa&ccedil;lar\u0131n\u0131zda kontrol edilemeyen bir da\u011f\u0131n\u0131kl\u0131k varsa, &#8220;Sleek bun&#8221; modeli tam size g&ouml;re olabilir. Sa&ccedil;lar\u0131n\u0131z\u0131 d&uuml;zg&uuml;n ve s\u0131k\u0131 bir \u015fekilde tarayarak ba\u015f\u0131n\u0131z\u0131n tepesinde ya da ensenizde \u015f\u0131k bir topuz olu\u015fturabilirsiniz.<\/p>\n<p>Sa&ccedil; spreyi veya j&ouml;le kullanarak sa&ccedil;lar\u0131n\u0131z\u0131 sabitleyin ve elektriklenme sorunundan kurtulup p&uuml;r&uuml;zs&uuml;z bir g&ouml;r&uuml;n&uuml;m elde edin. Bu basit ama \u015f\u0131k model sayesinde asi sa&ccedil;lar\u0131n\u0131z\u0131 kolayca kontrol alt\u0131na alabilir ve g&uuml;nl&uuml;k \u015f\u0131kl\u0131\u011f\u0131n\u0131za modern bir dokunu\u015f ekleyebilirsiniz.<\/p>\n<h3>AT KUYRU\u011eU<\/h3>\n<p>Sa&ccedil;lar\u0131n\u0131zda hacim ve d&uuml;zen istiyorsan\u0131z, at kuyru\u011fu her zaman kurtar\u0131c\u0131n\u0131z olabilir. Klasik ve \u015f\u0131k bir tercih olan at kuyru\u011fu, k&ouml;t&uuml; sa&ccedil; g&uuml;nlerinde bile sizi kurtar\u0131r. Sa&ccedil;lar\u0131n\u0131z hacimsiz veya da\u011f\u0131n\u0131k g&ouml;r&uuml;n&uuml;yorsa, basit bir hareketle ba\u015f\u0131n\u0131z\u0131n tepesinde ya da ensenizde toplayarak hemen d&uuml;zenli bir g&ouml;r&uuml;n&uuml;m elde edebilirsiniz. E\u011fer daha dolgun bir at kuyru\u011fu istiyorsan\u0131z, sa&ccedil;lar\u0131n\u0131za biraz krepe uygulayarak harika bir hacim kazanabilirsiniz.<\/p>\n<p><img decoding=\"async\" src=\"https:\/\/www.tgrthaber.com\/mavikadin\/wp-content\/images\/haberler\/24-11\/12\/yeni-proje-97.jpg\" alt=\"\" title=\"\"><\/p>\n<h3>SA&Ccedil; AKSESUARI<\/h3>\n<p>Sa&ccedil;\u0131n\u0131z\u0131 basit bir topuz yaparak dahi \u015f\u0131k bir g&ouml;r&uuml;n&uuml;m elde edilebilir. &Ouml;zellikle sa&ccedil; bantlar\u0131 ve \u015fapkalar gibi aksesuarlar kullanarak, h\u0131zl\u0131ca modern ve stil sahibi bir tarza sahip olabilirsiniz. Bu pratik &ccedil;&ouml;z&uuml;mler sayesinde, yo\u011fun g&uuml;nlerinizde bile harika g&ouml;r&uuml;nmek i&ccedil;in fazladan zaman harcaman\u0131za gerek kalmayacak. Sa&ccedil;\u0131n\u0131z\u0131n g&uuml;zel ve d&uuml;zenli g&ouml;r&uuml;nmesini sa\u011flayacak k&uuml;&ccedil;&uuml;k dokunu\u015flar, g&uuml;n&uuml; kurtarman\u0131za destek olur.<\/p>\n<p><img decoding=\"async\" src=\"https:\/\/www.tgrthaber.com\/mavikadin\/wp-content\/images\/haberler\/24-11\/12\/yeni-proje-98.jpg\" alt=\"\" title=\"\"><\/p>\n<h3>&Ouml;RG&Uuml;<\/h3>\n<p>Sa&ccedil;\u0131n\u0131zla ba\u015fa &ccedil;\u0131kman\u0131n en h\u0131zl\u0131 ve pratik yollar\u0131ndan biri olan &ouml;rg&uuml;ler, k&ouml;t&uuml; sa&ccedil; g&uuml;nlerinizi unutturabilir. Aynaya bakt\u0131\u011f\u0131n\u0131zda kontrols&uuml;z sa&ccedil;lar\u0131n\u0131z sizi endi\u015felendiriyorsa, ta&ccedil; &ouml;rg&uuml; ya da bal\u0131k s\u0131rt\u0131 gibi &ouml;rg&uuml; modelleriyle sa&ccedil;lar\u0131n\u0131z\u0131 kolayca d&uuml;zene sokabilirsiniz. Sa&ccedil;lar\u0131n\u0131z\u0131 d&uuml;zle\u015ftirmeye ya da \u015fekillendirmeye vakit ay\u0131ramad\u0131\u011f\u0131n\u0131z g&uuml;nlerde bu modelleri rahatl\u0131kla tercih edebilirsiniz.<\/p><\/p>\n","protected":false},"excerpt":{"rendered":"<p>Ak\u015famdan kalan sa\u00e7lar, sabah uyand\u0131\u011f\u0131n\u0131zda tazeli\u011fini kaybeder ve istenmeyen bir parlakl\u0131kla ve sa\u00e7\u0131n ya\u011flanmas\u0131yla sizi kar\u015f\u0131lar. Art\u0131k her sabah sa\u00e7lar\u0131n\u0131z\u0131 y\u0131kamak zorunda kalmayacak ve sa\u00e7lar\u0131n\u0131z\u0131n do\u011fal dengesini koruyarak parlak ve sa\u011fl\u0131kl\u0131 bir g\u00f6r\u00fcn\u00fcm elde edeceksiniz. Peki, sa\u00e7taki ya\u011fl\u0131 g\u00f6r\u00fcn\u00fcm nas\u0131l giderilir? \u0130\u015fte detaylar\u2026 Sa&ccedil; ya\u011flanmas\u0131, g&uuml;nl&uuml;k ya\u015fant\u0131m\u0131z\u0131 etkileyen ve &ccedil;o\u011fumuzun m&uuml;cadele etti\u011fi bir durumdur. Peki, [&hellip;]<\/p>\n","protected":false},"author":10,"featured_media":92276,"comment_status":"closed","ping_status":"open","sticky":false,"template":"","format":"standard","meta":{"rank_math_lock_modified_date":false,"footnotes":""},"categories":[],"tags":[17465,2832,3947,17331,9386],"class_list":["post-92277","post","type-post","status-publish","format-standard","has-post-thumbnail","hentry","tag-kuru-sampuan","tag-sac-bakimi","tag-sac-modelleri","tag-sac-yaglanmasi","tag-yagli-sac"],"_links":{"self":[{"href":"https:\/\/www.tgrthaber.com\/mavikadin\/wp-json\/wp\/v2\/posts\/92277"}],"collection":[{"href":"https:\/\/www.tgrthaber.com\/mavikadin\/wp-json\/wp\/v2\/posts"}],"about":[{"href":"https:\/\/www.tgrthaber.com\/mavikadin\/wp-json\/wp\/v2\/types\/post"}],"author":[{"embeddable":true,"href":"https:\/\/www.tgrthaber.com\/mavikadin\/wp-json\/wp\/v2\/users\/10"}],"replies":[{"embeddable":true,"href":"https:\/\/www.tgrthaber.com\/mavikadin\/wp-json\/wp\/v2\/comments?post=92277"}],"version-history":[{"count":1,"href":"https:\/\/www.tgrthaber.com\/mavikadin\/wp-json\/wp\/v2\/posts\/92277\/revisions"}],"predecessor-version":[{"id":92278,"href":"https:\/\/www.tgrthaber.com\/mavikadin\/wp-json\/wp\/v2\/posts\/92277\/revisions\/92278"}],"wp:featuredmedia":[{"embeddable":true,"href":"https:\/\/www.tgrthaber.com\/mavikadin\/wp-json\/wp\/v2\/media\/92276"}],"wp:attachment":[{"href":"https:\/\/www.tgrthaber.com\/mavikadin\/wp-json\/wp\/v2\/media?parent=92277"}],"wp:term":[{"taxonomy":"category","embeddable":true,"href":"https:\/\/www.tgrthaber.com\/mavikadin\/wp-json\/wp\/v2\/categories?post=92277"},{"taxonomy":"post_tag","embeddable":true,"href":"https:\/\/www.tgrthaber.com\/mavikadin\/wp-json\/wp\/v2\/tags?post=92277"}],"curies":[{"name":"wp","href":"https:\/\/api.w.org\/{rel}","templated":true}]}}