{"id":92477,"date":"2024-11-14T12:29:00","date_gmt":"2024-11-14T09:29:00","guid":{"rendered":"https:\/\/www.tgrthaber.com\/mavikadin\/?p=92477"},"modified":"2024-11-15T16:25:48","modified_gmt":"2024-11-15T13:25:48","slug":"burak-ozcivit-ile-fahriye-evcen-ayni-projede-mi-yer-alacak","status":"publish","type":"post","link":"https:\/\/www.tgrthaber.com\/mavikadin\/burak-ozcivit-ile-fahriye-evcen-ayni-projede-mi-yer-alacak\/","title":{"rendered":"Burak \u00d6z\u00e7ivit ile Fahriye Evcen ayn\u0131 projede mi yer alacak?"},"content":{"rendered":"<p>\u00dcnl\u00fc oyuncu Burak \u00d6z\u00e7ivit ile e\u015fi Fahriye Evcen \u00e7ocuklar\u0131yla beraber ge\u00e7ti\u011fimiz g\u00fcn Levent&#8217;te bir al\u0131\u015fveri\u015f merkezinde g\u00f6r\u00fcnt\u00fclendi. Muhabirlerle sohbet eden Burak \u00d6z\u00e7ivit, &#8220;E\u015finiz Fahriye Evcen ile birlikte yeniden bir projede olmak ister misiniz?&#8221; sorusuna verdi\u011fi cevapla sevindirdi.<\/p>\n<p>Ge&ccedil;ti\u011fimiz g&uuml;n Levent&#8217;te bir al\u0131\u015fveri\u015f merkezinde g&ouml;r&uuml;nt&uuml;lenen Burak &Ouml;z&ccedil;ivit ile e\u015fi Fahriye Evcen&#8217;in yanlar\u0131nda &ccedil;ocuklar\u0131 da vard\u0131. &Ouml;z&ccedil;ivit ailesi, ma\u011fazalar\u0131 dola\u015f\u0131rken tarzlar\u0131yla t&uuml;m dikkatleri &uuml;zerine &ccedil;ekti.&nbsp;Gazetecilerle nazik \u015fekilde sohbet eden &ccedil;ift hayranlar\u0131na sevindirecek bir haber verdi.&nbsp;<\/p>\n<h3>BURAK &Ouml;Z&Ccedil;\u0130V\u0130T \u0130LE FAHR\u0130YE EVCEN AYNI PROJEDE M\u0130 OLACAK?<\/h3>\n<p>Muhabirler Burak &Ouml;z&ccedil;ivit&#8217;e, &#8220;E\u015finiz Fahriye Evcen ile birlikte yeniden bir proje de olmak istermisiniz?&#8221; sorusunu sordu. &Ouml;z&ccedil;ivit ise, &#8220;Bakal\u0131m, neden olmas\u0131n? Zaman g&ouml;sterir&#8221; cevab\u0131n\u0131 verdi. M&uuml;tevaz\u0131 ve samimi haliyle gazetecilere te\u015fekk&uuml;r eden &Ouml;z&ccedil;ivit ailesi daha sonra al\u0131\u015fveri\u015f merkezinden ayr\u0131ld\u0131.<\/p>\n<p><img decoding=\"async\" src=\"https:\/\/www.tgrthaber.com\/mavikadin\/wp-content\/images\/haberler\/24-11\/14\/haber-iciii-fahriye-1731576554.jpg\" alt=\"\" title=\"\"><\/p>\n<h3>DOLANDIRICILIK KONUSUYLA G&Uuml;NDEM OLMU\u015eLARDI&nbsp;<\/h3>\n<p>Burak &Ouml;z&ccedil;ivit ile mutlu bir evlili\u011fi olan Fahriye Evcen, e\u015finin 10 milyon dolar doland\u0131r\u0131ld\u0131\u011f\u0131 iddialar\u0131 hakk\u0131nda konu\u015fmu\u015ftu.&nbsp;<br \/>Oyuncu &Ouml;z&ccedil;ivit&#8217;i, ekibinde uzun y\u0131llard\u0131r &ccedil;al\u0131\u015fan birinin yakla\u015f\u0131k 10 milyon dolar doland\u0131r\u0131ld\u0131\u011f\u0131 iddia edilmi\u015fti.<\/p>\n<p>\u0130ddian\u0131n detay\u0131nda ise Burak &Ouml;z&ccedil;ivit&#8217;in haks\u0131z kazan&ccedil; elde eden &ccedil;al\u0131\u015fan\u0131n\u0131n yapt\u0131klar\u0131n\u0131 &ouml;\u011frenir &ouml;\u011frenmez i\u015fine son verdi\u011fi bilgisi yer ald\u0131.&nbsp;<br \/>Oyuncunun su&ccedil; duyurusunda bulunup dava a&ccedil;maya haz\u0131rland\u0131\u011f\u0131 da iddia edilmi\u015fti.<\/p>\n<h3>BURAK &Ouml;Z&Ccedil;\u0130V\u0130T HABERLER\u0130 YALANLADI<\/h3>\n<p>Burak &Ouml;z&ccedil;ivit, bas\u0131nda h\u0131zla yay\u0131lan &#8216;&Ccedil;al\u0131\u015fan\u0131 taraf\u0131ndan 10 milyon doland\u0131r\u0131ld\u0131\u011f\u0131na&#8217; dair iddialar\u0131 yalanlam\u0131\u015ft\u0131. &Ouml;z&ccedil;ivit payla\u015f\u0131m\u0131na; &#8221;Bug&uuml;n iddia ad\u0131 alt\u0131nda &ccedil;\u0131kan haberlerin hi&ccedil;bir ger&ccedil;ekli\u011fi yoktur. Yalan yanl\u0131\u015f haber yerine daha dikkatli haber yap\u0131n l&uuml;tfen.&#8217; \u015feklinde bir a&ccedil;\u0131klama yapm\u0131\u015ft\u0131.<\/p><\/p>\n","protected":false},"excerpt":{"rendered":"<p>\u00dcnl\u00fc oyuncu Burak \u00d6z\u00e7ivit ile e\u015fi Fahriye Evcen \u00e7ocuklar\u0131yla beraber ge\u00e7ti\u011fimiz g\u00fcn Levent&#8217;te bir al\u0131\u015fveri\u015f merkezinde g\u00f6r\u00fcnt\u00fclendi. Muhabirlerle sohbet eden Burak \u00d6z\u00e7ivit, &#8220;E\u015finiz Fahriye Evcen ile birlikte yeniden bir projede olmak ister misiniz?&#8221; sorusuna verdi\u011fi cevapla sevindirdi. Ge&ccedil;ti\u011fimiz g&uuml;n Levent&#8217;te bir al\u0131\u015fveri\u015f merkezinde g&ouml;r&uuml;nt&uuml;lenen Burak &Ouml;z&ccedil;ivit ile e\u015fi Fahriye Evcen&#8217;in yanlar\u0131nda &ccedil;ocuklar\u0131 da vard\u0131. &Ouml;z&ccedil;ivit [&hellip;]<\/p>\n","protected":false},"author":5,"featured_media":92476,"comment_status":"closed","ping_status":"open","sticky":false,"template":"","format":"standard","meta":{"rank_math_lock_modified_date":false,"footnotes":""},"categories":[76],"tags":[2154,2153,11802,40955],"class_list":["post-92477","post","type-post","status-publish","format-standard","has-post-thumbnail","hentry","category-magazin","tag-burak-ozcivit","tag-fahriye-evcen","tag-unlu-cift","tag-yeni-proje"],"_links":{"self":[{"href":"https:\/\/www.tgrthaber.com\/mavikadin\/wp-json\/wp\/v2\/posts\/92477"}],"collection":[{"href":"https:\/\/www.tgrthaber.com\/mavikadin\/wp-json\/wp\/v2\/posts"}],"about":[{"href":"https:\/\/www.tgrthaber.com\/mavikadin\/wp-json\/wp\/v2\/types\/post"}],"author":[{"embeddable":true,"href":"https:\/\/www.tgrthaber.com\/mavikadin\/wp-json\/wp\/v2\/users\/5"}],"replies":[{"embeddable":true,"href":"https:\/\/www.tgrthaber.com\/mavikadin\/wp-json\/wp\/v2\/comments?post=92477"}],"version-history":[{"count":1,"href":"https:\/\/www.tgrthaber.com\/mavikadin\/wp-json\/wp\/v2\/posts\/92477\/revisions"}],"predecessor-version":[{"id":92478,"href":"https:\/\/www.tgrthaber.com\/mavikadin\/wp-json\/wp\/v2\/posts\/92477\/revisions\/92478"}],"wp:featuredmedia":[{"embeddable":true,"href":"https:\/\/www.tgrthaber.com\/mavikadin\/wp-json\/wp\/v2\/media\/92476"}],"wp:attachment":[{"href":"https:\/\/www.tgrthaber.com\/mavikadin\/wp-json\/wp\/v2\/media?parent=92477"}],"wp:term":[{"taxonomy":"category","embeddable":true,"href":"https:\/\/www.tgrthaber.com\/mavikadin\/wp-json\/wp\/v2\/categories?post=92477"},{"taxonomy":"post_tag","embeddable":true,"href":"https:\/\/www.tgrthaber.com\/mavikadin\/wp-json\/wp\/v2\/tags?post=92477"}],"curies":[{"name":"wp","href":"https:\/\/api.w.org\/{rel}","templated":true}]}}