{"id":92582,"date":"2024-11-15T15:09:00","date_gmt":"2024-11-15T12:09:00","guid":{"rendered":"https:\/\/new1.mavikadin.com\/?p=92582"},"modified":"2024-11-16T00:31:16","modified_gmt":"2024-11-15T21:31:16","slug":"simge-saginin-son-pozuna-yorum-yagdi-wandaya-mi-benzemeye-calisiyor","status":"publish","type":"post","link":"https:\/\/www.tgrthaber.com\/mavikadin\/simge-saginin-son-pozuna-yorum-yagdi-wandaya-mi-benzemeye-calisiyor\/","title":{"rendered":"Simge Sa\u011f\u0131n&#8217;\u0131n son pozuna yorum ya\u011fd\u0131: Wanda&#8217;ya m\u0131 benzemeye \u00e7al\u0131\u015f\u0131yor?"},"content":{"rendered":"<p>Wanda Nara ile Mauro Icardi aras\u0131nda bitmeyen ili\u015fki krizinde Icardi&#8217;nin \u015fark\u0131c\u0131 Simge Sa\u011f\u0131n&#8217;\u0131 sosyal medyada takibe almas\u0131 olaylar\u0131 farkl\u0131 boyuta ta\u015f\u0131d\u0131. Simge Sa\u011f\u0131n&#8217;\u0131n payla\u015ft\u0131\u011f\u0131 son pozu \u00a0baz\u0131 kullan\u0131c\u0131lar\u0131n &#8220;Wanda&#8217;ya m\u0131 benzemeye \u00e7al\u0131\u015f\u0131yor?&#8221; yorumlar\u0131na neden oldu.<\/p>\n<p>Galatasaray&#8217;\u0131n y\u0131ld\u0131z futbolcusu Icardi ile Wanda Nara aras\u0131ndaki kriz Icardi&#8217;nin \u015fark\u0131c\u0131 Simge Sa\u011f\u0131n&#8217;\u0131 takip etmesiyle farkl\u0131 bir noktaya gelmi\u015fti. Wanda Nara&#8217;n\u0131n yeni sevgilisiyle g&uuml;ndeme gelmesinden sonra Simge Sa\u011f\u0131n&#8217;\u0131n payla\u015ft\u0131\u011f\u0131 pozu yorum ya\u011fmuruna tutuldu.&nbsp;<\/p>\n<h3>S\u0130MGE SA\u011eIN WANDA NARA&#8217;YA BENZET\u0130LD\u0130<\/h3>\n<p>Simge Sa\u011f\u0131n&#8217;\u0131n verdi\u011fi poz baz\u0131 sosyal medya kullan\u0131c\u0131lar\u0131n\u0131n &#8220;Wanda&#8217;ya m\u0131 benzemeye &ccedil;al\u0131\u015f\u0131yor?&#8221; yorumlar\u0131na neden oldu. Galatasaray&#8217;\u0131n y\u0131ld\u0131z futbolcusu Mauro Icardi ile e\u015fi Wanda Nara&#8217;n\u0131n ili\u015fkisi krizden kurtulam\u0131yor. Mauro Icardi kariyerindeki ba\u015far\u0131s\u0131 kadar &ouml;zel hayat\u0131yla da g&uuml;ndemden d&uuml;\u015fm&uuml;yor.&nbsp;<\/p>\n<h3>ICARD\u0130 ALYANS &Ccedil;IKARDI<\/h3>\n<p>&Ccedil;alkant\u0131l\u0131 evlilikleri boyunca s\u0131k s\u0131k ayr\u0131l\u0131k karar\u0131 alan &ccedil;ift son olarak ili\u015fkilerine &uuml;&ccedil;&uuml;nc&uuml; bir ki\u015fi dahil oldu\u011fu i&ccedil;in noktay\u0131 koymu\u015ftu. Wanda Nara&#8217;n\u0131n yeni ili\u015fkisi ba\u015flad\u0131\u011f\u0131 i&ccedil;in evlilikleri tamamen bitmi\u015fti.&nbsp; Arjantinli rap&ccedil;i L-Gante ile canl\u0131 yay\u0131nda samimi pozlar veren Wanda Nara Icardi ile ili\u015fkisinin bitti\u011fini duyurdu. Ya\u015fanan bu olaylar sonras\u0131nda Icardi de alyans\u0131n\u0131 &ccedil;\u0131kararak Nara&#8217;y\u0131 sosyal medya hesaplar\u0131ndan silmi\u015fti.&nbsp;<\/p>\n<p><img decoding=\"async\" src=\"https:\/\/www.tgrthaber.com\/mavikadin\/wp-content\/images\/haberler\/24-11\/15\/haber-iciii-simge_restored.jpeg\" alt=\"\" title=\"\"><\/p>\n<h3>S\u0130MGE SA\u011eIN&#8217;I TAK\u0130BE ALDI<\/h3>\n<p>Mauro Icardi bu ayr\u0131l\u0131k s&uuml;recinde s\u0131k s\u0131k \u015fark\u0131c\u0131 Simge Sa\u011f\u0131n&#8217;la yak\u0131\u015ft\u0131r\u0131ld\u0131. &Uuml;nl&uuml; \u015fark\u0131c\u0131 Simge Sa\u011f\u0131n&#8217;\u0131 sosyal medyada takibe alan Icardi dikkatleri &uuml;zerine &ccedil;ekmeyi ba\u015fard\u0131.<\/p>\n<p>Bu takiple\u015fmeden sonra Sa\u011f\u0131n&#8217;\u0131n payla\u015ft\u0131\u011f\u0131 son poz sosyal medyada adeta olay oldu.&nbsp;<\/p>\n<p><img decoding=\"async\" src=\"https:\/\/www.tgrthaber.com\/mavikadin\/wp-content\/images\/haberler\/24-11\/15\/haber-iciii-simgeee_restored.jpeg\" alt=\"\" title=\"\"><\/p>\n<h3>&#8220;GEL\u0130NL\u0130K PROVASINA BA\u015eLAMI\u015e&#8221;<\/h3>\n<p>Simge Sa\u011f\u0131n&#8217;\u0131n beyazlar i&ccedil;inde verdi\u011fi poz g&uuml;ndeme bomba gibi d&uuml;\u015ft&uuml;. Baz\u0131 sosyal medya kullan\u0131c\u0131lar\u0131 Simge Sa\u011f\u0131n&rsquo;\u0131n payla\u015f\u0131m\u0131na &#8220;gelinlik provas\u0131na ba\u015flam\u0131\u015f&#8221;, &#8220;giyinmeyi unutmu\u015f&#8221; ve &#8220;gittik&ccedil;e Wanda Nara&rsquo;ya benziyor&#8221; gibi yorumlarda bulundu.&nbsp;<\/p><\/p>\n","protected":false},"excerpt":{"rendered":"<p>Wanda Nara ile Mauro Icardi aras\u0131nda bitmeyen ili\u015fki krizinde Icardi&#8217;nin \u015fark\u0131c\u0131 Simge Sa\u011f\u0131n&#8217;\u0131 sosyal medyada takibe almas\u0131 olaylar\u0131 farkl\u0131 boyuta ta\u015f\u0131d\u0131. Simge Sa\u011f\u0131n&#8217;\u0131n payla\u015ft\u0131\u011f\u0131 son pozu \u00a0baz\u0131 kullan\u0131c\u0131lar\u0131n &#8220;Wanda&#8217;ya m\u0131 benzemeye \u00e7al\u0131\u015f\u0131yor?&#8221; yorumlar\u0131na neden oldu. Galatasaray&#8217;\u0131n y\u0131ld\u0131z futbolcusu Icardi ile Wanda Nara aras\u0131ndaki kriz Icardi&#8217;nin \u015fark\u0131c\u0131 Simge Sa\u011f\u0131n&#8217;\u0131 takip etmesiyle farkl\u0131 bir noktaya gelmi\u015fti. Wanda [&hellip;]<\/p>\n","protected":false},"author":5,"featured_media":92581,"comment_status":"closed","ping_status":"open","sticky":false,"template":"","format":"standard","meta":{"rank_math_lock_modified_date":false,"footnotes":""},"categories":[76],"tags":[2221,3482,6037,2222],"class_list":["post-92582","post","type-post","status-publish","format-standard","has-post-thumbnail","hentry","category-magazin","tag-icardi","tag-simge-sagin","tag-unluler","tag-wanda-nara"],"_links":{"self":[{"href":"https:\/\/www.tgrthaber.com\/mavikadin\/wp-json\/wp\/v2\/posts\/92582"}],"collection":[{"href":"https:\/\/www.tgrthaber.com\/mavikadin\/wp-json\/wp\/v2\/posts"}],"about":[{"href":"https:\/\/www.tgrthaber.com\/mavikadin\/wp-json\/wp\/v2\/types\/post"}],"author":[{"embeddable":true,"href":"https:\/\/www.tgrthaber.com\/mavikadin\/wp-json\/wp\/v2\/users\/5"}],"replies":[{"embeddable":true,"href":"https:\/\/www.tgrthaber.com\/mavikadin\/wp-json\/wp\/v2\/comments?post=92582"}],"version-history":[{"count":1,"href":"https:\/\/www.tgrthaber.com\/mavikadin\/wp-json\/wp\/v2\/posts\/92582\/revisions"}],"predecessor-version":[{"id":92583,"href":"https:\/\/www.tgrthaber.com\/mavikadin\/wp-json\/wp\/v2\/posts\/92582\/revisions\/92583"}],"wp:featuredmedia":[{"embeddable":true,"href":"https:\/\/www.tgrthaber.com\/mavikadin\/wp-json\/wp\/v2\/media\/92581"}],"wp:attachment":[{"href":"https:\/\/www.tgrthaber.com\/mavikadin\/wp-json\/wp\/v2\/media?parent=92582"}],"wp:term":[{"taxonomy":"category","embeddable":true,"href":"https:\/\/www.tgrthaber.com\/mavikadin\/wp-json\/wp\/v2\/categories?post=92582"},{"taxonomy":"post_tag","embeddable":true,"href":"https:\/\/www.tgrthaber.com\/mavikadin\/wp-json\/wp\/v2\/tags?post=92582"}],"curies":[{"name":"wp","href":"https:\/\/api.w.org\/{rel}","templated":true}]}}