{"id":92606,"date":"2024-11-15T19:06:59","date_gmt":"2024-11-15T16:06:59","guid":{"rendered":"https:\/\/new1.mavikadin.com\/?p=92606"},"modified":"2024-11-16T00:32:28","modified_gmt":"2024-11-15T21:32:28","slug":"mahsun-kirmizigulun-kizi-ile-dubai-pozu-begeni-rekoru-kirdi-su-dunyada-en-sevdigim-lavinim","status":"publish","type":"post","link":"https:\/\/www.tgrthaber.com\/mavikadin\/mahsun-kirmizigulun-kizi-ile-dubai-pozu-begeni-rekoru-kirdi-su-dunyada-en-sevdigim-lavinim\/","title":{"rendered":"Mahsun K\u0131rm\u0131z\u0131g\u00fcl&#8217;\u00fcn k\u0131z\u0131 ile Dubai pozu be\u011feni rekoru k\u0131rd\u0131: &#8216;\u015eu d\u00fcnyada en sevdi\u011fim Lavin&#8217;im&#8217;"},"content":{"rendered":"<p>Ece Binay&#8217;dan ayr\u0131ld\u0131ktan sonra hayat\u0131nda kimse olmad\u0131\u011f\u0131 bilinen Mahsun K\u0131rm\u0131z\u0131g\u00fcl, yaln\u0131zl\u0131\u011f\u0131n\u0131 bu evlilikten olan k\u0131z\u0131 Lavin ile vakit ge\u00e7irerek giderdi\u011fini a\u00e7\u0131klam\u0131\u015ft\u0131. \u00dcnl\u00fc isim, k\u0131z\u0131yla Dubai&#8217;ye gitti. Buradaki e\u011flenceli anlar\u0131n\u0131 sosyal medya hesab\u0131ndan payla\u015ft\u0131.<\/p>\n<p>Y\u0131llar sonra sahnelere d&ouml;nerek hayranlar\u0131n\u0131 sevindiren Mahsun K\u0131rm\u0131z\u0131g&uuml;l, &ouml;zel hayat\u0131yla g&uuml;ndemde yer almaya devam ediyor. Uzun zamand\u0131r &ouml;zel ya\u015fam\u0131nda kimse bulunmayan Mahsun K\u0131rm\u0131z\u0131g&uuml;l, yaln\u0131z olman\u0131n &uuml;zerinde negatif bir etkisi olmad\u0131\u011f\u0131n\u0131 ve k\u0131z\u0131yla ge&ccedil;irdi\u011fi anlarda daha dingin hissetti\u011fini dile getirdi.<\/p>\n<h3>MAHSUN KIRMIZIG&Uuml;L KIZIYLA DUBA\u0130&#8217;YE G\u0130TT\u0130<\/h3>\n<p>2016 y\u0131l\u0131nda evlendi\u011fi ancak 2022 y\u0131l\u0131nda aldatma iddialar\u0131 nedeiyle evlili\u011finin bitti\u011fi iddia edilen Mahsun K\u0131rm\u0131z\u0131g&uuml;l, bu evlilikten olan k\u0131z\u0131 Lavin ile birlikte Dubai&#8217;ye gitti. Burada k\u0131z\u0131yla tatilin keyfini &ccedil;\u0131karan K\u0131rm\u0131z\u0131g&uuml;l, o anlara ait foto\u011fraflar\u0131 sosyal medya hesab\u0131ndan payla\u015fmay\u0131 ihmal etmedi.<\/p>\n<p><img decoding=\"async\" src=\"https:\/\/www.tgrthaber.com\/mavikadin\/wp-content\/images\/haberler\/24-11\/15\/whatsapp-image-2024-11-15-at-192413.jpeg\" alt=\"\" title=\"\"><\/p>\n<h3>MAHSUN KIRMIZIG&Uuml;L EVL\u0130L\u0130K TEKL\u0130FLER\u0130 ALIYOR<\/h3>\n<p>K\u0131rm\u0131z\u0131g&uuml;l, &ccedil;evrimi&ccedil;i platformlardan &ouml;zel mesaj kutusunun yo\u011fun ilgiyle doldu\u011funu, kendisine evlilik &ouml;nerileri yap\u0131ld\u0131\u011f\u0131n\u0131 ancak ne evlili\u011fe ne de bir ili\u015fkiye vakit ay\u0131racak durumda olmad\u0131\u011f\u0131n\u0131 ifade etmi\u015fti.<\/p>\n<p><img decoding=\"async\" src=\"https:\/\/www.tgrthaber.com\/mavikadin\/wp-content\/images\/haberler\/24-11\/15\/mahsun_kirmizigul_kizi_lavin_le_alisverise_gitti-1.jpg\" alt=\"\" title=\"\"><\/p>\n<h3>&#8220;EN &Ouml;NEML\u0130 \u015eEY KIZIM&#8221;<\/h3>\n<p>Sanat&ccedil;\u0131, ya\u015fam\u0131nda birinin bulunmad\u0131\u011f\u0131n\u0131 ve bu eksikli\u011fi senaryo yazarak ya da klavyenin ba\u015f\u0131nda m&uuml;zikle me\u015fgul olarak doldurdu\u011funu belirtti. Bir gazetecinin, &ldquo;Ancak klavyeye sar\u0131l\u0131p uyuyamazs\u0131n\u0131z&rdquo; yorumuna K\u0131rm\u0131z\u0131g&uuml;l, &ldquo;Do\u011fru, bu da hakl\u0131 bir nokta. Fakat \u015fu anda benim i&ccedil;in en k\u0131ymetli olan \u015fey k\u0131z\u0131m. Onun yan\u0131ndayken huzurlu hissediyorum&rdquo; yan\u0131t\u0131n\u0131 verdi.<\/p>\n<p><img decoding=\"async\" src=\"https:\/\/www.tgrthaber.com\/mavikadin\/wp-content\/images\/haberler\/24-11\/15\/ece_binay_mahsun_kirmizigul_ile_bosandik_ve_bitti-2.jpg\" alt=\"\" title=\"\"><\/p>\n<h3>MAHSUN KIRMIZIG&Uuml;L K\u0130MD\u0130R?<\/h3>\n<p>Mahsun K\u0131rm\u0131z\u0131g&uuml;l, as\u0131l ad\u0131yla Abdullah Bazencir, 26 Mart 1969&rsquo;da Diyarbak\u0131r&rsquo;\u0131n Hani il&ccedil;esine ba\u011fl\u0131 Vezir k&ouml;y&uuml;nde, 22 &ccedil;ocuklu bir ailenin bireyi olarak d&uuml;nyaya geldi. Babas\u0131n\u0131n annesini ve karde\u015flerini terk etmesinin ard\u0131ndan zor bir &ccedil;ocukluk ge&ccedil;irdi. \u0130lk ve orta&ouml;\u011frenimini Diyarbak\u0131r&rsquo;da tamamlad\u0131. Aile b&uuml;t&ccedil;esine katk\u0131 sa\u011flamak i&ccedil;in &ccedil;ocuk ya\u015fta &ccedil;al\u0131\u015fmaya ba\u015flad\u0131; &ccedil;i\u011f k&ouml;ftecide ve &ccedil;ay oca\u011f\u0131nda i\u015f&ccedil;ilik yapt\u0131.<\/p>\n<p>1981 y\u0131l\u0131nda m&uuml;zikle amat&ouml;r d&uuml;zeyde ilgilenmeye ba\u015flayan K\u0131rm\u0131z\u0131g&uuml;l, alt\u0131 alb&uuml;m haz\u0131rlad\u0131. Prestij M&uuml;zik ile b&uuml;y&uuml;k &ccedil;\u0131k\u0131\u015f yakalayan sanat&ccedil;\u0131, &ouml;zellikle 1998 y\u0131l\u0131nda yay\u0131mlad\u0131\u011f\u0131 Y\u0131k\u0131lmad\u0131m alb&uuml;m&uuml;yle m&uuml;zik d&uuml;nyas\u0131nda zirveye ula\u015ft\u0131. Bu alb&uuml;m, 2.500.000&rsquo;den fazla sat\u0131\u015f rakam\u0131na ula\u015farak d&ouml;nemin en &ccedil;ok satan alb&uuml;m&uuml; oldu. K\u0131rm\u0131z\u0131g&uuml;l, ayn\u0131 y\u0131l Alt\u0131n Kelebek ve Kral TV Video M&uuml;zik &Ouml;d&uuml;lleri dahil olmak &uuml;zere bir&ccedil;ok &ouml;d&uuml;l kazand\u0131.<\/p>\n<p>Sanat&ccedil;\u0131n\u0131n Prestij M&uuml;zik ve 1 M&uuml;zik etiketleriyle &ccedil;\u0131kard\u0131\u011f\u0131 alb&uuml;mlere ait pek &ccedil;ok klip, izleyicilerden b&uuml;y&uuml;k be\u011feni toplad\u0131. Sadece m&uuml;zikte de\u011fil, oyunculuk, y&ouml;netmenlik ve senaristlik alanlar\u0131nda da ba\u015far\u0131l\u0131 i\u015flere imza atan K\u0131rm\u0131z\u0131g&uuml;l, &ccedil;e\u015fitli sosyal mesajlar i&ccedil;eren projeler geli\u015ftirdi. Hayat\u0131 boyunca &uuml;retkenli\u011fi ve ba\u015far\u0131s\u0131yla ad\u0131ndan s\u0131k&ccedil;a s&ouml;z ettirmeyi ba\u015fard\u0131.<\/p><\/p>\n","protected":false},"excerpt":{"rendered":"<p>Ece Binay&#8217;dan ayr\u0131ld\u0131ktan sonra hayat\u0131nda kimse olmad\u0131\u011f\u0131 bilinen Mahsun K\u0131rm\u0131z\u0131g\u00fcl, yaln\u0131zl\u0131\u011f\u0131n\u0131 bu evlilikten olan k\u0131z\u0131 Lavin ile vakit ge\u00e7irerek giderdi\u011fini a\u00e7\u0131klam\u0131\u015ft\u0131. \u00dcnl\u00fc isim, k\u0131z\u0131yla Dubai&#8217;ye gitti. Buradaki e\u011flenceli anlar\u0131n\u0131 sosyal medya hesab\u0131ndan payla\u015ft\u0131. Y\u0131llar sonra sahnelere d&ouml;nerek hayranlar\u0131n\u0131 sevindiren Mahsun K\u0131rm\u0131z\u0131g&uuml;l, &ouml;zel hayat\u0131yla g&uuml;ndemde yer almaya devam ediyor. Uzun zamand\u0131r &ouml;zel ya\u015fam\u0131nda kimse bulunmayan Mahsun [&hellip;]<\/p>\n","protected":false},"author":2,"featured_media":92605,"comment_status":"closed","ping_status":"open","sticky":false,"template":"","format":"standard","meta":{"rank_math_lock_modified_date":false,"footnotes":""},"categories":[76],"tags":[11846,40596,3603,60007],"class_list":["post-92606","post","type-post","status-publish","format-standard","has-post-thumbnail","hentry","category-magazin","tag-dubai","tag-lavin-kirmizigul","tag-mahsun-kirmizigul","tag-unlu-baba-kiz"],"_links":{"self":[{"href":"https:\/\/www.tgrthaber.com\/mavikadin\/wp-json\/wp\/v2\/posts\/92606"}],"collection":[{"href":"https:\/\/www.tgrthaber.com\/mavikadin\/wp-json\/wp\/v2\/posts"}],"about":[{"href":"https:\/\/www.tgrthaber.com\/mavikadin\/wp-json\/wp\/v2\/types\/post"}],"author":[{"embeddable":true,"href":"https:\/\/www.tgrthaber.com\/mavikadin\/wp-json\/wp\/v2\/users\/2"}],"replies":[{"embeddable":true,"href":"https:\/\/www.tgrthaber.com\/mavikadin\/wp-json\/wp\/v2\/comments?post=92606"}],"version-history":[{"count":1,"href":"https:\/\/www.tgrthaber.com\/mavikadin\/wp-json\/wp\/v2\/posts\/92606\/revisions"}],"predecessor-version":[{"id":92607,"href":"https:\/\/www.tgrthaber.com\/mavikadin\/wp-json\/wp\/v2\/posts\/92606\/revisions\/92607"}],"wp:featuredmedia":[{"embeddable":true,"href":"https:\/\/www.tgrthaber.com\/mavikadin\/wp-json\/wp\/v2\/media\/92605"}],"wp:attachment":[{"href":"https:\/\/www.tgrthaber.com\/mavikadin\/wp-json\/wp\/v2\/media?parent=92606"}],"wp:term":[{"taxonomy":"category","embeddable":true,"href":"https:\/\/www.tgrthaber.com\/mavikadin\/wp-json\/wp\/v2\/categories?post=92606"},{"taxonomy":"post_tag","embeddable":true,"href":"https:\/\/www.tgrthaber.com\/mavikadin\/wp-json\/wp\/v2\/tags?post=92606"}],"curies":[{"name":"wp","href":"https:\/\/api.w.org\/{rel}","templated":true}]}}