{"id":92609,"date":"2024-11-15T19:54:18","date_gmt":"2024-11-15T16:54:18","guid":{"rendered":"https:\/\/new1.mavikadin.com\/?p=92609"},"modified":"2024-11-16T00:32:32","modified_gmt":"2024-11-15T21:32:32","slug":"masterchef-15-kasim-2024-eleme-adayi-kim-oldu-potada-kimler-var-dokunulmazligi-hangi-takim-kazandi","status":"publish","type":"post","link":"https:\/\/www.tgrthaber.com\/mavikadin\/masterchef-15-kasim-2024-eleme-adayi-kim-oldu-potada-kimler-var-dokunulmazligi-hangi-takim-kazandi\/","title":{"rendered":"MasterChef 15 Kas\u0131m 2024 eleme aday\u0131 kim oldu? Potada kimler var, dokunulmazl\u0131\u011f\u0131 hangi tak\u0131m kazand\u0131?"},"content":{"rendered":"<p>MasterChef T\u00fcrkiye&#8217;nin 15 Kas\u0131m Cuma g\u00fcn\u00fc yay\u0131nlanan b\u00f6l\u00fcm\u00fcnde, yar\u0131\u015fmac\u0131lar bu kez karn\u0131yar\u0131k yapmak i\u00e7in mutfa\u011fa girdi. Ezgi, Muratcan ve Eda, eleme potas\u0131nda m\u00fccadele ederken, haftan\u0131n d\u00f6rd\u00fcnc\u00fc eleme aday\u0131 da bu ak\u015fam belirlendi. Peki, MasterChef&#8217;te 15 Kas\u0131m&#8217;da kim kazand\u0131 ve eleme aday\u0131 kim oldu? \u0130\u015fte 15 Kas\u0131m\u2019da MasterChef\u2019te ya\u015fananlar..<\/p>\n<p class=\"p2\">MasterChef T&uuml;rkiye&#8217;nin 15 Kas\u0131m Cuma ak\u015fam\u0131 yay\u0131nlanan b&ouml;l&uuml;m&uuml;nde, yar\u0131\u015fmac\u0131lar karn\u0131yar\u0131k yaparak j&uuml;riyi etkilemeye &ccedil;al\u0131\u015facak. Her biri, bu geleneksel T&uuml;rk yeme\u011fini en iyi \u015fekilde haz\u0131rlay\u0131p, j&uuml;ri &uuml;yelerinden tam not almak i&ccedil;in ter d&ouml;kecek. Ancak, bu zorlu m&uuml;cadelede bir isim daha eleme potas\u0131na ad\u0131n\u0131 yazd\u0131racak. Peki, 15 Kas\u0131m&rsquo;da eleme potas\u0131na kim girdi ve kim bu hafta bir ad\u0131m daha yak\u0131nla\u015ft\u0131? \u0130\u015fte MasterChef&rsquo;te bu ak\u015fam ya\u015fananlar!<\/p>\n<h3 class=\"p2\">MASTERCHEF 15 KASIM 2024 ELEME ADAYI K\u0130M OLDU?&nbsp;<\/h3>\n<p class=\"p1\">MasterChef T&uuml;rkiye&#8217;nin 15 Kas\u0131m Cuma ak\u015fam\u0131 yay\u0131nlanan b&ouml;l&uuml;m&uuml;nde, yar\u0131\u015fmac\u0131lar bu kez T&uuml;rk mutfa\u011f\u0131n\u0131n vazge&ccedil;ilmez lezzetlerinden biri olan karn\u0131yar\u0131k yapacak. Her bir yar\u0131\u015fmac\u0131, bu geleneksel yeme\u011fi en iyi \u015fekilde haz\u0131rlayarak, hem j&uuml;ri &uuml;yelerinin takdirini kazanmay\u0131 hem de yar\u0131\u015fmada bir ad\u0131m daha &ouml;ne &ccedil;\u0131kmay\u0131 hedefleyecek. Karn\u0131yar\u0131k, hem lezzetli hem de zor bir yemek oldu\u011fundan, her yar\u0131\u015fmac\u0131n\u0131n en iyi performans\u0131n\u0131 sergilemesi gerekecek. Bu zorlu rekabetin sonunda, yar\u0131\u015fmac\u0131lar sadece j&uuml;riyi etkilemekle kalmayacak, ayn\u0131 zamanda haftan\u0131n eleme potas\u0131na ad\u0131n\u0131 yazd\u0131racak bir di\u011fer isim de belirlenecek.<\/p>\n<p class=\"p1\"><img loading=\"lazy\" decoding=\"async\" src=\"https:\/\/www.tgrthaber.com\/mavikadin\/wp-content\/images\/haberler\/24-11\/15\/ekran-resmi-2024-11-15-200634.png\" width=\"649\" height=\"407\" alt=\"\" title=\"\"><\/p>\n<p class=\"p1\">Bu ak\u015famki m&uuml;cadele sonunda, eleme potas\u0131nda yer alacak isim de netle\u015fecek. 15 Kas\u0131m&rsquo;da, MasterChef&rsquo;te karn\u0131yar\u0131k yaparak b&uuml;y&uuml;k bir s\u0131nav veren yar\u0131\u015fmac\u0131lar, hem lezzet hem de sunumda en iyisini yapmak i&ccedil;in k\u0131yas\u0131ya yar\u0131\u015ft\u0131. \u0130\u015fte bu ak\u015fam\u0131n heyecan dolu geli\u015fmeleri ve MasterChef&rsquo;teki en son durum!<\/p>\n<h3 class=\"p1\">MASTERCHEF DOKUNULMAZLI\u011eI K\u0130M KAZANDI? (14 KASIM)<\/h3>\n<p class=\"p1\">MasterChef T&uuml;rkiye&#8217;de haftan\u0131n son tak\u0131m oyununu K\u0131rm\u0131z\u0131 Tak\u0131m kazand\u0131 ve bu zafer, yar\u0131\u015fmac\u0131lar\u0131 b&uuml;y&uuml;k bir rahatlamaya itti. Ancak, eleme potas\u0131nda yer alan isim Eda oldu. Bu zorlu m&uuml;cadelede, Eda&#8217;n\u0131n ismi eleme aday\u0131 olarak belirlenirken,<span class=\"Apple-converted-space\">&nbsp; <\/span>g&ouml;zler \u015fimdi onun performans\u0131na &ccedil;evrildi.<span class=\"Apple-converted-space\">&nbsp;<\/span><\/p>\n<p class=\"p1\"><span class=\"Apple-converted-space\"><img loading=\"lazy\" decoding=\"async\" src=\"https:\/\/www.tgrthaber.com\/mavikadin\/wp-content\/images\/haberler\/24-11\/15\/ekran-resmi-2024-11-15-200634-1731690611.png\" width=\"699\" height=\"438\" alt=\"\" title=\"\"><\/span><\/p>\n<h3 class=\"p1\">MASTERCHEF 1. ve 2. DOKUNULMAZLIK OYUNUNU HANG\u0130 TAKIM KAZANDI?<\/h3>\n<p class=\"p1\">MasterChef T&uuml;rkiye&rsquo;de haftan\u0131n ilk dokunulmazl\u0131k oyununda K\u0131rm\u0131z\u0131 Tak\u0131m zafer elde etti. Bireysel dokunulmazl\u0131k ise Kerem&#8217;in oldu. Ard\u0131ndan, ikinci dokunulmazl\u0131k oyununda yine K\u0131rm\u0131z\u0131 Tak\u0131m galip gelerek ikinci zaferini kazand\u0131. Bireysel dokunulmazl\u0131k Onur&#8217;un oldu ve haftan\u0131n eleme aday\u0131 olan isim ise Ezgi oldu.<span class=\"Apple-converted-space\">&nbsp;<\/span><\/p>\n<h3 class=\"p1\">MAV\u0130 TAKIM NASIL OLDU?<\/h3>\n<p class=\"p1\">Semih (Kaptan)<\/p>\n<p class=\"p1\">Onur<\/p>\n<p class=\"p1\">Kerem<\/p>\n<p class=\"p1\">Eda<\/p>\n<p class=\"p1\">\u015eirin<\/p>\n<p class=\"p1\">Muratcan<\/p>\n<p class=\"p1\"><img loading=\"lazy\" decoding=\"async\" src=\"https:\/\/www.tgrthaber.com\/mavikadin\/wp-content\/images\/haberler\/24-11\/15\/ekran-resmi-2024-11-15-200641.png\" width=\"677\" height=\"455\" alt=\"\" title=\"\"><\/p>\n<h3 class=\"p1\">KIRMIZI TAKIM NASIL OLDU?<\/h3>\n<p class=\"p1\">Erim (Kaptan)<\/p>\n<p class=\"p1\">Ezgi<\/p>\n<p class=\"p1\">Beyza<\/p>\n<p class=\"p1\">Alper<\/p>\n<p class=\"p1\">Emre<\/p>\n<p class=\"p1\">Kaan<\/p>\n<p class=\"p1\"><img loading=\"lazy\" decoding=\"async\" src=\"https:\/\/www.tgrthaber.com\/mavikadin\/wp-content\/images\/haberler\/24-11\/15\/ekran-resmi-2024-11-15-200655.png\" width=\"693\" height=\"439\" alt=\"\" title=\"\"><\/p>\n<h3 class=\"p1\">MASTERCHEF K\u0130M ELEND\u0130?<\/h3>\n<p class=\"p1\">MasterChef&#8217;te elenen isim Nigar oldu.<\/p>\n<p class=\"p1\">\n","protected":false},"excerpt":{"rendered":"<p>MasterChef T\u00fcrkiye&#8217;nin 15 Kas\u0131m Cuma g\u00fcn\u00fc yay\u0131nlanan b\u00f6l\u00fcm\u00fcnde, yar\u0131\u015fmac\u0131lar bu kez karn\u0131yar\u0131k yapmak i\u00e7in mutfa\u011fa girdi. Ezgi, Muratcan ve Eda, eleme potas\u0131nda m\u00fccadele ederken, haftan\u0131n d\u00f6rd\u00fcnc\u00fc eleme aday\u0131 da bu ak\u015fam belirlendi. Peki, MasterChef&#8217;te 15 Kas\u0131m&#8217;da kim kazand\u0131 ve eleme aday\u0131 kim oldu? \u0130\u015fte 15 Kas\u0131m\u2019da MasterChef\u2019te ya\u015fananlar.. MasterChef T&uuml;rkiye&#8217;nin 15 Kas\u0131m Cuma ak\u015fam\u0131 yay\u0131nlanan [&hellip;]<\/p>\n","protected":false},"author":16,"featured_media":92608,"comment_status":"closed","ping_status":"open","sticky":false,"template":"","format":"standard","meta":{"rank_math_lock_modified_date":false,"footnotes":""},"categories":[76],"tags":[59720,7070,7071,1120,2511],"class_list":["post-92609","post","type-post","status-publish","format-standard","has-post-thumbnail","hentry","category-magazin","tag-15-kasim","tag-dokunulmazlik","tag-eleme-adayi","tag-masterchef","tag-masterchef-turkiye"],"_links":{"self":[{"href":"https:\/\/www.tgrthaber.com\/mavikadin\/wp-json\/wp\/v2\/posts\/92609"}],"collection":[{"href":"https:\/\/www.tgrthaber.com\/mavikadin\/wp-json\/wp\/v2\/posts"}],"about":[{"href":"https:\/\/www.tgrthaber.com\/mavikadin\/wp-json\/wp\/v2\/types\/post"}],"author":[{"embeddable":true,"href":"https:\/\/www.tgrthaber.com\/mavikadin\/wp-json\/wp\/v2\/users\/16"}],"replies":[{"embeddable":true,"href":"https:\/\/www.tgrthaber.com\/mavikadin\/wp-json\/wp\/v2\/comments?post=92609"}],"version-history":[{"count":1,"href":"https:\/\/www.tgrthaber.com\/mavikadin\/wp-json\/wp\/v2\/posts\/92609\/revisions"}],"predecessor-version":[{"id":92610,"href":"https:\/\/www.tgrthaber.com\/mavikadin\/wp-json\/wp\/v2\/posts\/92609\/revisions\/92610"}],"wp:featuredmedia":[{"embeddable":true,"href":"https:\/\/www.tgrthaber.com\/mavikadin\/wp-json\/wp\/v2\/media\/92608"}],"wp:attachment":[{"href":"https:\/\/www.tgrthaber.com\/mavikadin\/wp-json\/wp\/v2\/media?parent=92609"}],"wp:term":[{"taxonomy":"category","embeddable":true,"href":"https:\/\/www.tgrthaber.com\/mavikadin\/wp-json\/wp\/v2\/categories?post=92609"},{"taxonomy":"post_tag","embeddable":true,"href":"https:\/\/www.tgrthaber.com\/mavikadin\/wp-json\/wp\/v2\/tags?post=92609"}],"curies":[{"name":"wp","href":"https:\/\/api.w.org\/{rel}","templated":true}]}}