{"id":92612,"date":"2024-11-15T20:01:04","date_gmt":"2024-11-15T17:01:04","guid":{"rendered":"https:\/\/new1.mavikadin.com\/?p=92612"},"modified":"2024-11-16T00:32:38","modified_gmt":"2024-11-15T21:32:38","slug":"ahu-tugbanin-olumuyle-ilgili-gercek-ortaya-cikti-kizi-anjelik-paylasti","status":"publish","type":"post","link":"https:\/\/www.tgrthaber.com\/mavikadin\/ahu-tugbanin-olumuyle-ilgili-gercek-ortaya-cikti-kizi-anjelik-paylasti\/","title":{"rendered":"Ahu Tu\u011fba&#8217;n\u0131n \u00f6l\u00fcm\u00fcyle ilgili ger\u00e7ek ortaya \u00e7\u0131kt\u0131: K\u0131z\u0131 Anjelik payla\u015ft\u0131"},"content":{"rendered":"<p>T\u00fcrk sinemas\u0131n\u0131n en tan\u0131nan isimlerinden biri olan Ahu Tu\u011fba, 1 Eyl\u00fcl&#8217;de Amerika&#8217;da hayat\u0131n\u0131 kaybetti. 69 ya\u015f\u0131ndaki Ahu Tu\u011fba&#8217;n\u0131n vefat\u0131n\u0131n nedeni belli oldu. Haberi k\u0131z\u0131 Anjelik, sosyal medya hesab\u0131ndan verdi.<\/p>\n<p>Uzun y\u0131llard\u0131r Amerika&#8217;da ikamet eden Ye\u015fil&ccedil;am&#8217;\u0131n efsanevi oyuncusu Ahu Tu\u011fba, 1 Eyl&uuml;l&rsquo;de Miami&#8217;deki konutunda hayat\u0131n\u0131 kaybetti. 69 ya\u015f\u0131nda ya\u015fam\u0131n\u0131 yitiren Ahu Tu\u011fba&#8217;n\u0131n cenazesi, Amerika&#8217;dan T&uuml;rkiye&#8217;ye nakledildi. Uzun s&uuml;ren nakil ve otopsi i\u015fleminden sonra &uuml;nl&uuml; sanat&ccedil;\u0131n\u0131n &ouml;l&uuml;m nedeni belli oldu.<\/p>\n<h3>AHU TU\u011eBA&#8217;NIN &Ouml;L&Uuml;M NEDEN\u0130 BELL\u0130 OLDU<\/h3>\n<p>Anjelik Calvin, annesinin sosyal medya hesab\u0131ndan yapt\u0131\u011f\u0131 a&ccedil;\u0131klamada \u015funlar\u0131 s&ouml;yledi; &#8220;Vefat\u0131n\u0131n ard\u0131ndan sa\u011f g&ouml;z&uuml;nde ve a\u011fz\u0131ndan kan bulunuyordu. Otopsi yap\u0131lmas\u0131n\u0131 ben talep ettim. Sonu&ccedil;lar, do\u011fal bir &ouml;l&uuml;m olarak kayda ge&ccedil;ti. &Ouml;l&uuml;m sebebi Hipertansif Kardiyovask&uuml;ler hastal\u0131k olarak belirlendi. Y&uuml;ksek tansiyonun artmas\u0131 hipertansiyona, bu da &ouml;l&uuml;me yol a&ccedil;m\u0131\u015f.&#8221;<\/p>\n<p><img decoding=\"async\" src=\"https:\/\/www.tgrthaber.com\/mavikadin\/wp-content\/images\/haberler\/24-11\/15\/basliksiz-6.jpg\" alt=\"\" title=\"\"><\/p>\n<h3>POL\u0130SL\u0130\u011eE DEVAM EDECE\u011e\u0130M<\/h3>\n<p>Anjelik, uzunny\u0131llard\u0131r annesiyle birlikte Ameri&#8217;da ya\u015fam\u0131n\u0131 s&uuml;rd&uuml;rm&uuml;\u015f ve burada polis olmu\u015ftu. Ahu Tu\u011fba&#8217;n\u0131n k\u0131z\u0131 Anjelik, annesinin defin i\u015flemlerinin ard\u0131ndan Amerika&#8217;ya geri d&ouml;n&uuml;p polislik mesle\u011fine devam edece\u011fini ifade ederek, &#8220;O eve nas\u0131l ad\u0131m ataca\u011f\u0131m\u0131 bilmiyorum. Son bir ay orada ya\u015fad\u0131klar\u0131m tam anlam\u0131yla k&acirc;bus gibiydi&#8230;&#8221; diye konu\u015fmu\u015ftu.<\/p>\n<p><img decoding=\"async\" src=\"https:\/\/www.tgrthaber.com\/mavikadin\/wp-content\/images\/haberler\/24-11\/15\/12.jpg\" alt=\"\" title=\"\"><\/p>\n<h3>T&Uuml;RK\u0130YE&#8217;DE SON YOLCULU\u011eUNA U\u011eURLANDI<\/h3>\n<p>Usta sanat&ccedil;\u0131 Ahu Tu\u011fba i&ccedil;in Beyo\u011flu&rsquo;ndaki Atlas Sinemas\u0131&rsquo;nda bir anma etkinli\u011fi ger&ccedil;ekle\u015ftirilmi\u015fti. Tu\u011fba, 28 Eyl&uuml;l&rsquo;de \u0130stanbul&rsquo;da ebedi istirahatg&acirc;h\u0131na u\u011furland\u0131. T&ouml;rende, annesinin vefat\u0131n\u0131n ard\u0131ndan ya\u015fad\u0131klar\u0131n\u0131 &#8220;K&acirc;bus gibi bir s&uuml;re&ccedil;ti&#8221; s&ouml;zleriyle anlatan Anjelik Calvin, &#8220;Hi&ccedil;bir evlat annesini b&ouml;yle g&ouml;rmek istemez. Allah, bunu kimseye ya\u015fatmas\u0131n&#8221; ifadelerini kulland\u0131.<\/p>\n<p><img decoding=\"async\" src=\"https:\/\/www.tgrthaber.com\/mavikadin\/wp-content\/images\/haberler\/24-11\/15\/asdsfg.jpg\" alt=\"\" title=\"\"><\/p>\n<h3>&#8220;ANNEME KAVU\u015eMAK \u0130ST\u0130YORUM&#8221;<\/h3>\n<p>Annesinin vefat\u0131yla b&uuml;y&uuml;k bir y\u0131k\u0131m ya\u015fayan Anjelik Calvin, daha &ouml;nce sosyal medya platformunda duygusal bir payla\u015f\u0131m yapm\u0131\u015f ve \u015fu s&ouml;zleri kullanm\u0131\u015ft\u0131:<\/p>\n<p>&#8220;\u0130yi de\u011filim, hi&ccedil;bir zaman iyi olamad\u0131m&#8221; diyen Anjelik Calvin, &#8220;Anne, &ccedil;ok ac\u0131 &ccedil;ekiyorum. Derin bir \u0131zd\u0131rap i&ccedil;indeyim, ke\u015fke evden bile &ccedil;\u0131kmasayd\u0131m. Seninle vakit ge&ccedil;iremedi\u011fim i&ccedil;in &ccedil;ok &uuml;zg&uuml;n&uuml;m, beraber oturamad\u0131k, uyuyamad\u0131k. Kalbim a\u011fr\u0131yor, Allah&rsquo;\u0131m, art\u0131k dayanam\u0131yorum. Hakk\u0131mda hangisi en hay\u0131rl\u0131s\u0131ysa, o olsun. Anneme kavu\u015fmak istiyorum, Rabbim.&#8221;<\/p><\/p>\n","protected":false},"excerpt":{"rendered":"<p>T\u00fcrk sinemas\u0131n\u0131n en tan\u0131nan isimlerinden biri olan Ahu Tu\u011fba, 1 Eyl\u00fcl&#8217;de Amerika&#8217;da hayat\u0131n\u0131 kaybetti. 69 ya\u015f\u0131ndaki Ahu Tu\u011fba&#8217;n\u0131n vefat\u0131n\u0131n nedeni belli oldu. Haberi k\u0131z\u0131 Anjelik, sosyal medya hesab\u0131ndan verdi. Uzun y\u0131llard\u0131r Amerika&#8217;da ikamet eden Ye\u015fil&ccedil;am&#8217;\u0131n efsanevi oyuncusu Ahu Tu\u011fba, 1 Eyl&uuml;l&rsquo;de Miami&#8217;deki konutunda hayat\u0131n\u0131 kaybetti. 69 ya\u015f\u0131nda ya\u015fam\u0131n\u0131 yitiren Ahu Tu\u011fba&#8217;n\u0131n cenazesi, Amerika&#8217;dan T&uuml;rkiye&#8217;ye nakledildi. [&hellip;]<\/p>\n","protected":false},"author":2,"featured_media":92611,"comment_status":"closed","ping_status":"open","sticky":false,"template":"","format":"standard","meta":{"rank_math_lock_modified_date":false,"footnotes":""},"categories":[76],"tags":[2173,60008,2172,41887,667],"class_list":["post-92612","post","type-post","status-publish","format-standard","has-post-thumbnail","hentry","category-magazin","tag-ahu-tugba","tag-ahu-tugba-olum","tag-anjelik-calvin","tag-olum-nedeni","tag-yesilcam"],"_links":{"self":[{"href":"https:\/\/www.tgrthaber.com\/mavikadin\/wp-json\/wp\/v2\/posts\/92612"}],"collection":[{"href":"https:\/\/www.tgrthaber.com\/mavikadin\/wp-json\/wp\/v2\/posts"}],"about":[{"href":"https:\/\/www.tgrthaber.com\/mavikadin\/wp-json\/wp\/v2\/types\/post"}],"author":[{"embeddable":true,"href":"https:\/\/www.tgrthaber.com\/mavikadin\/wp-json\/wp\/v2\/users\/2"}],"replies":[{"embeddable":true,"href":"https:\/\/www.tgrthaber.com\/mavikadin\/wp-json\/wp\/v2\/comments?post=92612"}],"version-history":[{"count":1,"href":"https:\/\/www.tgrthaber.com\/mavikadin\/wp-json\/wp\/v2\/posts\/92612\/revisions"}],"predecessor-version":[{"id":92613,"href":"https:\/\/www.tgrthaber.com\/mavikadin\/wp-json\/wp\/v2\/posts\/92612\/revisions\/92613"}],"wp:featuredmedia":[{"embeddable":true,"href":"https:\/\/www.tgrthaber.com\/mavikadin\/wp-json\/wp\/v2\/media\/92611"}],"wp:attachment":[{"href":"https:\/\/www.tgrthaber.com\/mavikadin\/wp-json\/wp\/v2\/media?parent=92612"}],"wp:term":[{"taxonomy":"category","embeddable":true,"href":"https:\/\/www.tgrthaber.com\/mavikadin\/wp-json\/wp\/v2\/categories?post=92612"},{"taxonomy":"post_tag","embeddable":true,"href":"https:\/\/www.tgrthaber.com\/mavikadin\/wp-json\/wp\/v2\/tags?post=92612"}],"curies":[{"name":"wp","href":"https:\/\/api.w.org\/{rel}","templated":true}]}}