{"id":92624,"date":"2024-11-15T21:29:29","date_gmt":"2024-11-15T18:29:29","guid":{"rendered":"https:\/\/new1.mavikadin.com\/?p=92624"},"modified":"2024-11-16T00:32:56","modified_gmt":"2024-11-15T21:32:56","slug":"unlu-oyuncu-ilker-ayriktan-kalpleri-isitan-paylasim-dede-oldum","status":"publish","type":"post","link":"https:\/\/www.tgrthaber.com\/mavikadin\/unlu-oyuncu-ilker-ayriktan-kalpleri-isitan-paylasim-dede-oldum\/","title":{"rendered":"\u00dcnl\u00fc oyuncu \u0130lker Ayr\u0131k&#8217;tan kalpleri \u0131s\u0131tan payla\u015f\u0131m: &#8216;Dede oldum&#8217;"},"content":{"rendered":"<p>\u00dcnl\u00fc oyuncu \u0130lker Ayr\u0131k, Beykoz&#8217;da 17 d\u00f6n\u00fcml\u00fck bir alan \u00fczerine in\u015fa etti\u011fi Rita \u00c7iftlik&#8217;ten ne\u015felendiren bir payla\u015f\u0131mda bulundu. Yeni do\u011fan kuzularla \u00e7ekilen foto\u011fraflar\u0131n\u0131 payla\u015fan \u0130lker Ayr\u0131k &#8216;dede oldum&#8217; diyerek payla\u015ft\u0131.<\/p>\n<p>&Uuml;nl&uuml; akt&ouml;r \u0130lker Ayr\u0131k, Beykoz&rsquo;daki &ccedil;iftli\u011fiyle yak\u0131ndan ilgileniyor. Zaman bulduk&ccedil;a k&ouml;ydeki &ccedil;iftli\u011fine giden oyuncu, \u015faka yollu dede oldu\u011funu duyurdu. Ayr\u0131k&rsquo;\u0131n &ldquo;Dede oldum ama bu dedelik farkl\u0131 bir dedelik&rdquo; payla\u015f\u0131m\u0131 izleyenleri g&uuml;ld&uuml;rd&uuml;.&nbsp;45 ya\u015f\u0131ndaki akt&ouml;r ve sunucu \u0130lker Ayr\u0131k, Beykoz&rsquo;da 17 d&ouml;n&uuml;ml&uuml;k bir alan &uuml;zerine in\u015fa etti\u011fi Rita &Ccedil;iftlik&rsquo;ten esprili bir payla\u015f\u0131mda bulundu. Tan\u0131nm\u0131\u015f ismin kuca\u011f\u0131nda yavru koyunlarla &ccedil;ekildi\u011fi foto\u011fraf\u0131 &ldquo;Dede oldum. Ama bu dedelik farkl\u0131 bir dedelik&rdquo; a&ccedil;\u0131klamas\u0131yla payla\u015fmas\u0131, takip&ccedil;ilerini g&uuml;ld&uuml;rd&uuml;.<\/p>\n<h3>\u0130LKER AYRIK G&Uuml;L&Uuml;MSETT\u0130<\/h3>\n<p>&#8220;Seksenler&#8221;, &#8220;&Ccedil;akallarla Dans&#8221; ve &#8220;Geni\u015f Aile&#8221; gibi bir&ccedil;ok projede yer alan oyuncu ve sunucu \u0130lker Ayr\u0131k&rsquo;\u0131n sosyal medya payla\u015f\u0131m\u0131, izleyenlerin y&uuml;zlerinde g&uuml;l&uuml;mseme olu\u015fturdu. \u0130lker Ayr\u0131k, kuca\u011f\u0131nda yavru koyunlarla &ccedil;ekilmi\u015f oldu\u011fu foto\u011fraf\u0131 &ldquo;Dede oldum. Ama bu dedelik farkl\u0131 bir dedelik&rdquo; a&ccedil;\u0131klamas\u0131yla Instagram hesab\u0131ndan takip&ccedil;ileriyle payla\u015ft\u0131.<\/p>\n<p><img decoding=\"async\" src=\"https:\/\/www.tgrthaber.com\/mavikadin\/wp-content\/images\/haberler\/24-11\/15\/dede-oldum-ama-bu-dedelik-baska-dedelik-rita-ciftlik-ailesinin-yeni-uyeleri-hayata-gozlerini-actilar-aramiza-hos-geldilerciftcilige-basladigimdan-beri-yasadigim-en-guleryuzlu-duygulardan-birini-yasiyorum-c-1.jpg\" alt=\"\" title=\"\"><\/p>\n<h3>&#8221;GAYET \u0130Y\u0130 SA\u011eLIKLI&#8221;<\/h3>\n<p>Oyuncu, payla\u015f\u0131m\u0131na \u015fu mesaj\u0131 ekledi: &ldquo;Rita &Ccedil;iftlik Ailesi&rsquo;nin yeni &uuml;yeleri d&uuml;nyaya merhaba dedi. Aram\u0131za ho\u015f geldiler. Tar\u0131ma ba\u015flad\u0131\u011f\u0131mdan beri en ne\u015feli duygulardan birini ya\u015f\u0131yorum. Ger&ccedil;ekten harika. S&uuml;rekli g&uuml;l&uuml;mseme sebebi oluyor. Annenin durumu da olduk&ccedil;a iyi, sa\u011fl\u0131kl\u0131.&rdquo;<\/p>\n<p><img decoding=\"async\" src=\"https:\/\/www.tgrthaber.com\/mavikadin\/wp-content\/images\/haberler\/24-11\/15\/dede-oldum-ama-bu-dedelik-baska-dedelik-rita-ciftlik-ailesinin-yeni-uyeleri-hayata-gozlerini-actilar-aramiza-hos-geldilerciftcilige-basladigimdan-beri-yasadigim-en-guleryuzlu-duygulardan-birini-yasiyorum-c-1-1731696189.jpg\" alt=\"\" title=\"\"><\/p>\n<h3>\u0130LKER AYRIK K\u0130MD\u0130R?<\/h3>\n<p>16 Ekim 1979&#8217;da Bal\u0131kesir&#8217;de d&uuml;nyaya gelmi\u015ftir. Anne ve baba taraf\u0131ndan Makedonya g&ouml;&ccedil;menidir. Hen&uuml;z 9 ya\u015f\u0131ndayken babas\u0131n\u0131 kaybetmi\u015ftir. Lise y\u0131llar\u0131nda m&uuml;hendis olma hayali kurmu\u015f ancak okulda sahneye &ccedil;\u0131kt\u0131\u011f\u0131 bir tiyatro oyunundan sonra bu hedefinden vazge&ccedil;ip oyuncu olmaya karar vermi\u015ftir. 2003 y\u0131l\u0131nda M&uuml;jdat Gezen Sanat Merkezi Konservatuvar\u0131 Tiyatro B&ouml;l&uuml;m&uuml;&#8217;nden mezun olmu\u015ftur. Mezuniyetinin ard\u0131ndan 6 y\u0131l M&uuml;jdat Gezen&#8217;in asistanl\u0131\u011f\u0131n\u0131 yapm\u0131\u015ft\u0131r. Okuldan sonra MSM Oyuncular\u0131, M&uuml;jdat Gezen Tiyatrosu, Tiyatro Ti, Kent Oyuncular\u0131 gibi topluluklarla &ccedil;al\u0131\u015fm\u0131\u015ft\u0131r. 2005 y\u0131l\u0131nda Aykut Ta\u015fk\u0131n ile birlikte Pervas\u0131z Tiyatro&#8217;yu kurmu\u015ftur.<\/p>\n<p>2009 y\u0131l\u0131nda &Ouml;m&uuml;r Arpac\u0131 ve Aykut Ta\u015fk\u0131n ile birlikte Doa&#8217;n\u0131n &#8220;Yallah&#8221; klibinde yer alm\u0131\u015ft\u0131r. 2007-2009 y\u0131llar\u0131 aras\u0131nda Cimri adl\u0131 oyunla Kent Oyuncular\u0131&#8217;na kat\u0131lm\u0131\u015ft\u0131r. Tiyatro oyunculu\u011funun yan\u0131 s\u0131ra 2001 y\u0131l\u0131ndan itibaren bir&ccedil;ok sinema, dizi ve reklam projesinde yer alm\u0131\u015ft\u0131r. K\u0131van&ccedil; Tatl\u0131tu\u011f ile birka&ccedil; kez Akbank reklam\u0131nda oynam\u0131\u015ft\u0131r. &Ccedil;akallarla Dans film serisindeki &#8220;Muhasebeci Servet&#8221; karakteriyle tan\u0131nmaktad\u0131r. En son olarak, 2012-2022 y\u0131llar\u0131 aras\u0131nda TRT 1&#8217;de yay\u0131mlanan Seksenler dizisinde &#8220;&Ccedil;a\u011fatay&#8221; karakterini oynam\u0131\u015ft\u0131r.<\/p>\n<p>2009 y\u0131l\u0131nda ortaokul arkada\u015f\u0131 Sanem Ayr\u0131k ile evlenmi\u015f, bu evlili\u011finden &#8220;Ferit&#8221; ve &#8220;&Ouml;mer&#8221; adlar\u0131nda iki o\u011flu olmu\u015ftur.<\/p>\n<\/p>\n<p>&nbsp;<\/p>\n<p>&nbsp;<\/p>\n<p>&nbsp;<\/p>\n","protected":false},"excerpt":{"rendered":"<p>\u00dcnl\u00fc oyuncu \u0130lker Ayr\u0131k, Beykoz&#8217;da 17 d\u00f6n\u00fcml\u00fck bir alan \u00fczerine in\u015fa etti\u011fi Rita \u00c7iftlik&#8217;ten ne\u015felendiren bir payla\u015f\u0131mda bulundu. Yeni do\u011fan kuzularla \u00e7ekilen foto\u011fraflar\u0131n\u0131 payla\u015fan \u0130lker Ayr\u0131k &#8216;dede oldum&#8217; diyerek payla\u015ft\u0131. &Uuml;nl&uuml; akt&ouml;r \u0130lker Ayr\u0131k, Beykoz&rsquo;daki &ccedil;iftli\u011fiyle yak\u0131ndan ilgileniyor. Zaman bulduk&ccedil;a k&ouml;ydeki &ccedil;iftli\u011fine giden oyuncu, \u015faka yollu dede oldu\u011funu duyurdu. Ayr\u0131k&rsquo;\u0131n &ldquo;Dede oldum ama bu dedelik [&hellip;]<\/p>\n","protected":false},"author":2,"featured_media":92623,"comment_status":"closed","ping_status":"open","sticky":false,"template":"","format":"standard","meta":{"rank_math_lock_modified_date":false,"footnotes":""},"categories":[76],"tags":[47556,60014,21581,60013,38502],"class_list":["post-92624","post","type-post","status-publish","format-standard","has-post-thumbnail","hentry","category-magazin","tag-ciftlik-hayati","tag-dede-oldum","tag-ilker-ayrik","tag-rita-ciftlik","tag-unlu-oyuncu"],"_links":{"self":[{"href":"https:\/\/www.tgrthaber.com\/mavikadin\/wp-json\/wp\/v2\/posts\/92624"}],"collection":[{"href":"https:\/\/www.tgrthaber.com\/mavikadin\/wp-json\/wp\/v2\/posts"}],"about":[{"href":"https:\/\/www.tgrthaber.com\/mavikadin\/wp-json\/wp\/v2\/types\/post"}],"author":[{"embeddable":true,"href":"https:\/\/www.tgrthaber.com\/mavikadin\/wp-json\/wp\/v2\/users\/2"}],"replies":[{"embeddable":true,"href":"https:\/\/www.tgrthaber.com\/mavikadin\/wp-json\/wp\/v2\/comments?post=92624"}],"version-history":[{"count":1,"href":"https:\/\/www.tgrthaber.com\/mavikadin\/wp-json\/wp\/v2\/posts\/92624\/revisions"}],"predecessor-version":[{"id":92625,"href":"https:\/\/www.tgrthaber.com\/mavikadin\/wp-json\/wp\/v2\/posts\/92624\/revisions\/92625"}],"wp:featuredmedia":[{"embeddable":true,"href":"https:\/\/www.tgrthaber.com\/mavikadin\/wp-json\/wp\/v2\/media\/92623"}],"wp:attachment":[{"href":"https:\/\/www.tgrthaber.com\/mavikadin\/wp-json\/wp\/v2\/media?parent=92624"}],"wp:term":[{"taxonomy":"category","embeddable":true,"href":"https:\/\/www.tgrthaber.com\/mavikadin\/wp-json\/wp\/v2\/categories?post=92624"},{"taxonomy":"post_tag","embeddable":true,"href":"https:\/\/www.tgrthaber.com\/mavikadin\/wp-json\/wp\/v2\/tags?post=92624"}],"curies":[{"name":"wp","href":"https:\/\/api.w.org\/{rel}","templated":true}]}}