{"id":93393,"date":"2024-10-21T14:47:00","date_gmt":"2024-10-21T11:47:00","guid":{"rendered":"https:\/\/new1.mavikadin.com\/?p=93393"},"modified":"2024-11-16T01:05:02","modified_gmt":"2024-11-15T22:05:02","slug":"dilan-polatin-ablasi-ile-opusme-goruntuleri-herkesi-soke-etmisti-dilan-polat-ve-ablasi-icin-sorusturma-baslatildi","status":"publish","type":"post","link":"https:\/\/www.tgrthaber.com\/mavikadin\/dilan-polatin-ablasi-ile-opusme-goruntuleri-herkesi-soke-etmisti-dilan-polat-ve-ablasi-icin-sorusturma-baslatildi\/","title":{"rendered":"Dilan Polat&#8217;\u0131n ablas\u0131 ile \u00f6p\u00fc\u015fme g\u00f6r\u00fcnt\u00fcleri herkesi \u015foke etmi\u015fti! Dilan Polat ve ablas\u0131 i\u00e7in soru\u015fturma ba\u015flat\u0131ld\u0131"},"content":{"rendered":"<p>\u015eatafatl\u0131 hayat\u0131yla g\u00f6steri\u015f yapmay\u0131 seven Dilan Polat, cezaevinden \u00e7\u0131kt\u0131ktan sonra kutlama niyetiyle verdi\u011fi partide ablas\u0131 S\u0131la Do\u011fu ile \u00f6p\u00fc\u015ft\u00fc. Yok art\u0131k dedirten bu g\u00f6r\u00fcnt\u00fclerden sonra kendisine ve ablas\u0131 S\u0131la Do\u011fu&#8217;ya soru\u015fturma a\u00e7\u0131ld\u0131.<\/p>\n<p>\u0130stanbul Cumhuriyet Ba\u015fsavc\u0131l\u0131\u011f\u0131&#8217;n\u0131n verdi\u011fi karar do\u011frultusunda, Be\u015fikta\u015f&rsquo;taki &uuml;nl&uuml; bir e\u011flence mekan\u0131nda kara para aklama su&ccedil;lamas\u0131yla yarg\u0131lanan Dilan Polat ve ablas\u0131 S\u0131la Do\u011fu&#8217;nun yak\u0131n hallerinin payla\u015f\u0131ld\u0131\u011f\u0131 video, magazin g&uuml;ndeminde &ccedil;\u0131\u011f gibi tepkilere neden oldu. Dudak duda\u011fa birbirlerini &ouml;perek sergiledikleri ahlaks\u0131zca davran\u0131\u015flardan sonra Polat ve Do\u011fu i&ccedil;in &#8216;hayas\u0131zca hareketler&#8217; gerek&ccedil;esinden soru\u015fturma a&ccedil;\u0131ld\u0131.<\/p>\n<p>G&ouml;steri\u015fli ve l&uuml;ks ya\u015fant\u0131 halleriyle g&uuml;ndeme s\u0131k s\u0131k konu olan Dilan Polat, cezaevinden &ccedil;\u0131kt\u0131ktan sonra her ne kadar sosyal medyay\u0131 kullanmay\u0131 b\u0131rakaca\u011f\u0131n\u0131 s&ouml;ylese de bunu ger&ccedil;ekle\u015ftirememi\u015fti. Cezaevi ya\u015fant\u0131s\u0131ndan &ouml;nceki haline k\u0131sa zamanda geri d&ouml;nen Polat, ge&ccedil;ti\u011fimiz g&uuml;n ailesiyle tahliyesini kutlamak i&ccedil;in yine \u015fatafatl\u0131 bir parti vermi\u015fti. Partide kendini kaybetmi\u015fcesine dans ederken ablas\u0131 S\u0131la Do\u011fu&#8217;yu duda\u011f\u0131ndan &ouml;pt&uuml;\u011f&uuml; anlarla herkeste \u015fok etkisi b\u0131rakm\u0131\u015ft\u0131.<\/p>\n<h3>ARDI ARKASI GELMEYEN ELE\u015eT\u0130R\u0130LERE CEVAP VERD\u0130!<\/h3>\n<p>Polat sosyal medya hesab\u0131ndan yapt\u0131\u011f\u0131 a&ccedil;\u0131klamada g&uuml;ya kendini savunarak \u015fu ifadeleri kulland\u0131: &#8220;Biz karde\u015fiz, can cana &ouml;z karde\u015fiz. Ayn\u0131 kandan\u0131z&#8230; D&uuml;\u015f&uuml;rme modunu. Her \u015feyi s&ouml;ylediler zaten. S&ouml;ylenmedik bir \u015fey kalmad\u0131. Malzeme istiyorlard\u0131 zaten. Beni orada ya\u015fanan ac\u0131 g&uuml;nler akl\u0131ma geldi. S\u0131la da &#8216;Bak bu g&uuml;nler ge&ccedil;ecek diyordum sana&#8217; dedi. O anl\u0131k bir \u015feydi. Sar\u0131ld\u0131 &ouml;pt&uuml; beni ben de onu &ouml;pt&uuml;m. Aman ne diyeyim ki.&#8221;<\/p>\n<p><img decoding=\"async\" src=\"https:\/\/www.tgrthaber.com\/mavikadin\/wp-content\/images\/haberler\/24-10\/21\/rw.png\" alt=\"\" title=\"\"><\/p>\n<h3>&#8220;RAHATSIZ OLANLARDAN &Ouml;Z&Uuml;R D\u0130LER\u0130M&#8221;<\/h3>\n<p>&#8220;Bu konuya hi&ccedil; de\u011finmeyecektim. S\u0131la tahliye olup gitti\u011fi g&uuml;n bile benim boynumu, y&uuml;z&uuml;m&uuml;, g&ouml;z&uuml;m&uuml;, duda\u011f\u0131m\u0131, yana\u011f\u0131m\u0131, parmaklar\u0131m\u0131, t\u0131rnaklar\u0131m\u0131 &ouml;pm&uuml;\u015ft&uuml;. Karde\u015fim o benim. Biz birlikte neler ya\u015fad\u0131k onunla. Bu konu hakk\u0131nda da konu\u015fmak istemiyorum. &Ouml;z k\u0131z karde\u015fim. Orada &ccedil;ok duygusal bir an ya\u015fan\u0131yordu asl\u0131nda. Biz birlikte &ccedil;ok fazla \u015feyin &uuml;stesinden geldik. 7 ay ger g&uuml;n birlikteydik orada daha &ccedil;ok birbirimize ba\u011fland\u0131k. Hep a\u011flad\u0131\u011f\u0131mda bay\u0131ld\u0131\u011f\u0131mda &ouml;perdi. Ben sabr\u0131 &ouml;\u011frendim. Sinirlenmiyorum. G&ouml;r&uuml;nt&uuml; olarak rahats\u0131z olanlardan &ouml;z&uuml;r dilerim.&#8221;<\/p>\n<h3>D\u0130LAN POLAT VE ABLASI ADL\u0130YEYE GET\u0130R\u0130LD\u0130LER&#8230;<\/h3>\n<p>Muhabir Rojda Alt\u0131nta\u015f&#8217;\u0131n iddialar\u0131 do\u011frultusunda; Dilan Polat ile S\u0131la Do\u011fu yeniden g&ouml;zalt\u0131na al\u0131n\u0131p sa\u011fl\u0131k taramas\u0131ndan ge&ccedil;ti\u011fi biliniyor. \u0130fade vermek i&ccedil;in \u0130stanbul Adalet Saray\u0131&rsquo;na getirilen Polat ile Do\u011fu&#8217;ya destek i&ccedil;in, Engin Polat&#8217;\u0131n da avukat\u0131yla beraber adliye&#8217;ye geldi\u011fi objektiflere yans\u0131d\u0131.<\/p>\n<p><img decoding=\"async\" src=\"https:\/\/www.tgrthaber.com\/mavikadin\/wp-content\/images\/haberler\/24-10\/21\/ae080be2-4a5f-4dce-92f4-ed6c2b5df5a9.jpg\" alt=\"\" title=\"\"><\/p>\n<h3>r-25390#<\/h3><\/p>\n","protected":false},"excerpt":{"rendered":"<p>\u015eatafatl\u0131 hayat\u0131yla g\u00f6steri\u015f yapmay\u0131 seven Dilan Polat, cezaevinden \u00e7\u0131kt\u0131ktan sonra kutlama niyetiyle verdi\u011fi partide ablas\u0131 S\u0131la Do\u011fu ile \u00f6p\u00fc\u015ft\u00fc. Yok art\u0131k dedirten bu g\u00f6r\u00fcnt\u00fclerden sonra kendisine ve ablas\u0131 S\u0131la Do\u011fu&#8217;ya soru\u015fturma a\u00e7\u0131ld\u0131. \u0130stanbul Cumhuriyet Ba\u015fsavc\u0131l\u0131\u011f\u0131&#8217;n\u0131n verdi\u011fi karar do\u011frultusunda, Be\u015fikta\u015f&rsquo;taki &uuml;nl&uuml; bir e\u011flence mekan\u0131nda kara para aklama su&ccedil;lamas\u0131yla yarg\u0131lanan Dilan Polat ve ablas\u0131 S\u0131la Do\u011fu&#8217;nun yak\u0131n [&hellip;]<\/p>\n","protected":false},"author":27,"featured_media":93392,"comment_status":"closed","ping_status":"open","sticky":false,"template":"","format":"standard","meta":{"rank_math_lock_modified_date":false,"footnotes":""},"categories":[76],"tags":[2715,58657,20660,2402],"class_list":["post-93393","post","type-post","status-publish","format-standard","has-post-thumbnail","hentry","category-magazin","tag-dilan-polat","tag-opusme","tag-sila-dogu","tag-sorusturma"],"_links":{"self":[{"href":"https:\/\/www.tgrthaber.com\/mavikadin\/wp-json\/wp\/v2\/posts\/93393"}],"collection":[{"href":"https:\/\/www.tgrthaber.com\/mavikadin\/wp-json\/wp\/v2\/posts"}],"about":[{"href":"https:\/\/www.tgrthaber.com\/mavikadin\/wp-json\/wp\/v2\/types\/post"}],"author":[{"embeddable":true,"href":"https:\/\/www.tgrthaber.com\/mavikadin\/wp-json\/wp\/v2\/users\/27"}],"replies":[{"embeddable":true,"href":"https:\/\/www.tgrthaber.com\/mavikadin\/wp-json\/wp\/v2\/comments?post=93393"}],"version-history":[{"count":1,"href":"https:\/\/www.tgrthaber.com\/mavikadin\/wp-json\/wp\/v2\/posts\/93393\/revisions"}],"predecessor-version":[{"id":93394,"href":"https:\/\/www.tgrthaber.com\/mavikadin\/wp-json\/wp\/v2\/posts\/93393\/revisions\/93394"}],"wp:featuredmedia":[{"embeddable":true,"href":"https:\/\/www.tgrthaber.com\/mavikadin\/wp-json\/wp\/v2\/media\/93392"}],"wp:attachment":[{"href":"https:\/\/www.tgrthaber.com\/mavikadin\/wp-json\/wp\/v2\/media?parent=93393"}],"wp:term":[{"taxonomy":"category","embeddable":true,"href":"https:\/\/www.tgrthaber.com\/mavikadin\/wp-json\/wp\/v2\/categories?post=93393"},{"taxonomy":"post_tag","embeddable":true,"href":"https:\/\/www.tgrthaber.com\/mavikadin\/wp-json\/wp\/v2\/tags?post=93393"}],"curies":[{"name":"wp","href":"https:\/\/api.w.org\/{rel}","templated":true}]}}