{"id":93444,"date":"2024-10-22T13:55:00","date_gmt":"2024-10-22T10:55:00","guid":{"rendered":"https:\/\/new1.mavikadin.com\/?p=93444"},"modified":"2024-11-16T01:06:53","modified_gmt":"2024-11-15T22:06:53","slug":"gozaltina-alinip-serbest-birakilan-dilan-polat-kismi-felc-gecirdim-bayilmisim","status":"publish","type":"post","link":"https:\/\/www.tgrthaber.com\/mavikadin\/gozaltina-alinip-serbest-birakilan-dilan-polat-kismi-felc-gecirdim-bayilmisim\/","title":{"rendered":"G\u00f6zalt\u0131na al\u0131n\u0131p serbest b\u0131rak\u0131lan Dilan Polat: K\u0131smi fel\u00e7 ge\u00e7irdim, bay\u0131lm\u0131\u015f\u0131m!"},"content":{"rendered":"<p>Ablas\u0131 S\u0131la Do\u011fu ile dudak duda\u011fa \u00f6p\u00fc\u015ferek haklar\u0131nda soru\u015fturma a\u00e7\u0131l\u0131p g\u00f6zalt\u0131na al\u0131nan Dilan Polat, adli kontrol \u015fart\u0131yla serbest b\u0131rak\u0131lm\u0131\u015ft\u0131. Polat, takip\u00e7ilerinden yeniden \u00f6z\u00fcr dileyerek ya\u015fad\u0131\u011f\u0131 s\u00fcrecin zor oldu\u011funu, hatta fel\u00e7 ge\u00e7irip bay\u0131ld\u0131\u011f\u0131n\u0131 anlatt\u0131.<\/p>\n<p>&#8216;Hayas\u0131zca hareketler&#8217; su&ccedil;undan dolay\u0131 g&ouml;zalt\u0131na al\u0131nan Dilan Polat ve ablas\u0131 S\u0131la Do\u011fu geli\u015fmelerinde gelinen son noktada; adli kontrol \u015fart\u0131 ile serbest b\u0131rak\u0131lmalar\u0131na karar verilmi\u015fti. Yeniden serbest kalan Polat, sergiledi\u011fi bu ahlaks\u0131zca davran\u0131\u015f\u0131n bu noktaya gelebilece\u011fini d&uuml;\u015f&uuml;nmeden g&ouml;zya\u015flar\u0131 i&ccedil;inde payla\u015f\u0131m yapt\u0131.<\/p>\n<h3>D\u0130LAN POLAT KEND\u0130N\u0130 TAK\u0130P&Ccedil;\u0130LER\u0130NE B&Ouml;YLE ACINDIRDI!<\/h3>\n<p>Ablas\u0131 S\u0131la Do\u011fu ile dudak duda\u011fa &ouml;p&uuml;\u015ferek ahlaks\u0131z bir g&ouml;r&uuml;n&uuml;m sergileyen Polat, pi\u015fmanl\u0131k dolu a&ccedil;\u0131klamalar\u0131nda \u015fu s&ouml;zlere yer verdi:<\/p>\n<p><img decoding=\"async\" src=\"https:\/\/www.tgrthaber.com\/mavikadin\/wp-content\/images\/haberler\/24-10\/22\/r.png\" alt=\"\" title=\"\"><\/p>\n<p>&#8220;Herkese merhaba. Seven kadar sevmeyenlerim var. Onlar i&ccedil;in birka&ccedil; tane story &ccedil;ekmek istedim. K&ouml;t&uuml; bir g&uuml;nd&uuml; d&uuml;n. Tekrardan hakim kar\u015f\u0131s\u0131na &ccedil;\u0131kmak &ccedil;ok zordu. Hele ki b&ouml;ylesine bir \u015fey. Benim i&ccedil;in &ccedil;ok utan&ccedil; vericiydi.<\/p>\n<p>K\u0131z karde\u015fim annem gibi g&ouml;rd&uuml;\u011f&uuml;m birisi. Bir anl\u0131k sevgi \u015feyi ile yana\u011f\u0131n\u0131 &ouml;pmek isterken denk geldi. Bunun i&ccedil;in &ouml;z&uuml;r diledim. Bir anda apar topar polisler geldi. Nilda&#8217;n\u0131n tekrar bunlar\u0131 ya\u015famas\u0131 beni &ccedil;ok &uuml;z&uuml;yor. Ger&ccedil;ek anlamda sevmeyenler var.<\/p>\n<h3>&#8220;C\u0130DD\u0130 TRAVMALARIM VAR, FEL&Ccedil; GE&Ccedil;\u0130RD\u0130M&#8221;<\/h3>\n<p>Ben iyi de\u011filim. Ac\u0131 &ccedil;ekiyorum. Ciddi travmalar\u0131m var. Ne uyuyabiliyorum, ne uyanabiliyorum. B&ouml;yle bir \u015fey i&ccedil;in polislerin gelmesi utan&ccedil; verici. D&uuml;n k\u0131smi fel&ccedil; ge&ccedil;irdim. 3 kere bay\u0131lm\u0131\u015f\u0131m &ccedil;ok zordu. Tekrardan &ouml;z&uuml;r dilerim. O cezaevinde benim ayaklar\u0131m\u0131 &ouml;per, koklard\u0131. Anne gibi d&uuml;\u015f&uuml;n&uuml;n. Polis g&ouml;r&uuml;nce &ccedil;ok korkuyorum. Buraya yans\u0131tmamaya &ccedil;al\u0131\u015f\u0131yorum<img decoding=\"async\" src=\"https:\/\/www.tgrthaber.com\/mavikadin\/wp-content\/images\/haberler\/24-10\/22\/w.png\" alt=\"\" title=\"\"><\/p><\/p>\n","protected":false},"excerpt":{"rendered":"<p>Ablas\u0131 S\u0131la Do\u011fu ile dudak duda\u011fa \u00f6p\u00fc\u015ferek haklar\u0131nda soru\u015fturma a\u00e7\u0131l\u0131p g\u00f6zalt\u0131na al\u0131nan Dilan Polat, adli kontrol \u015fart\u0131yla serbest b\u0131rak\u0131lm\u0131\u015ft\u0131. Polat, takip\u00e7ilerinden yeniden \u00f6z\u00fcr dileyerek ya\u015fad\u0131\u011f\u0131 s\u00fcrecin zor oldu\u011funu, hatta fel\u00e7 ge\u00e7irip bay\u0131ld\u0131\u011f\u0131n\u0131 anlatt\u0131. &#8216;Hayas\u0131zca hareketler&#8217; su&ccedil;undan dolay\u0131 g&ouml;zalt\u0131na al\u0131nan Dilan Polat ve ablas\u0131 S\u0131la Do\u011fu geli\u015fmelerinde gelinen son noktada; adli kontrol \u015fart\u0131 ile serbest b\u0131rak\u0131lmalar\u0131na [&hellip;]<\/p>\n","protected":false},"author":27,"featured_media":93443,"comment_status":"closed","ping_status":"open","sticky":false,"template":"","format":"standard","meta":{"rank_math_lock_modified_date":false,"footnotes":""},"categories":[76],"tags":[2715,44701,7371,41361,20660],"class_list":["post-93444","post","type-post","status-publish","format-standard","has-post-thumbnail","hentry","category-magazin","tag-dilan-polat","tag-felc","tag-gozalti","tag-ozur","tag-sila-dogu"],"_links":{"self":[{"href":"https:\/\/www.tgrthaber.com\/mavikadin\/wp-json\/wp\/v2\/posts\/93444"}],"collection":[{"href":"https:\/\/www.tgrthaber.com\/mavikadin\/wp-json\/wp\/v2\/posts"}],"about":[{"href":"https:\/\/www.tgrthaber.com\/mavikadin\/wp-json\/wp\/v2\/types\/post"}],"author":[{"embeddable":true,"href":"https:\/\/www.tgrthaber.com\/mavikadin\/wp-json\/wp\/v2\/users\/27"}],"replies":[{"embeddable":true,"href":"https:\/\/www.tgrthaber.com\/mavikadin\/wp-json\/wp\/v2\/comments?post=93444"}],"version-history":[{"count":1,"href":"https:\/\/www.tgrthaber.com\/mavikadin\/wp-json\/wp\/v2\/posts\/93444\/revisions"}],"predecessor-version":[{"id":93445,"href":"https:\/\/www.tgrthaber.com\/mavikadin\/wp-json\/wp\/v2\/posts\/93444\/revisions\/93445"}],"wp:featuredmedia":[{"embeddable":true,"href":"https:\/\/www.tgrthaber.com\/mavikadin\/wp-json\/wp\/v2\/media\/93443"}],"wp:attachment":[{"href":"https:\/\/www.tgrthaber.com\/mavikadin\/wp-json\/wp\/v2\/media?parent=93444"}],"wp:term":[{"taxonomy":"category","embeddable":true,"href":"https:\/\/www.tgrthaber.com\/mavikadin\/wp-json\/wp\/v2\/categories?post=93444"},{"taxonomy":"post_tag","embeddable":true,"href":"https:\/\/www.tgrthaber.com\/mavikadin\/wp-json\/wp\/v2\/tags?post=93444"}],"curies":[{"name":"wp","href":"https:\/\/api.w.org\/{rel}","templated":true}]}}