{"id":93669,"date":"2024-10-28T16:08:00","date_gmt":"2024-10-28T13:08:00","guid":{"rendered":"https:\/\/new1.mavikadin.com\/?p=93669"},"modified":"2024-11-16T01:14:46","modified_gmt":"2024-11-15T22:14:46","slug":"demet-akalindan-tepkili-narin-yorumu-ne-yapti-kiz-kendi-kendine-mi-oldurdu","status":"publish","type":"post","link":"https:\/\/www.tgrthaber.com\/mavikadin\/demet-akalindan-tepkili-narin-yorumu-ne-yapti-kiz-kendi-kendine-mi-oldurdu\/","title":{"rendered":"Demet Akal\u0131n\u2019dan tepkili Narin yorumu! \u201cNe yapt\u0131 k\u0131z kendi kendine mi \u00f6ld\u00fcrd\u00fc?\u201d"},"content":{"rendered":"<p>Diyarbak\u0131r\u2019da cans\u0131z bedeni bulunan 8 ya\u015f\u0131ndaki Narin G\u00fcran\u2019\u0131n \u00f6l\u00fcm\u00fc hakk\u0131nda \u00e7e\u015fitli incelemeler yap\u0131lmaya devam ediliyor. Hen\u00fcz kesin bir sonuca var\u0131lamayan bu s\u00fcre\u00e7te \u00fcnl\u00fc \u015fark\u0131c\u0131 Demet Akal\u0131n\u2019dan Narin cinayetine ili\u015fkin tepkili bir yorum geldi.<\/p>\n<p>Diyarbak\u0131r&#8217;\u0131n Ba\u011flar il&ccedil;esine ba\u011fl\u0131 Tav\u015fantepe Mahallesi&#8217;nde kaybolan ve uzun s&uuml;re boyunca arama kurtarma &ccedil;al\u0131\u015fmalar\u0131 yap\u0131lan Narin G&uuml;ran&rsquo;\u0131n cans\u0131z bedenine 19. g&uuml;n&uuml;n sonunda ula\u015f\u0131lm\u0131\u015ft\u0131. Narin G&uuml;ran, cinayetine ili\u015fkin ise otopsi i\u015flemleri yap\u0131lm\u0131\u015f ve konu mahkemeye ta\u015f\u0131nm\u0131\u015ft\u0131.<\/p>\n<p>\u0130DD\u0130ANAME KABUL ED\u0130LM\u0130\u015eT\u0130!<\/p>\n<p>K&uuml;&ccedil;&uuml;k Narin&#8217;in neden ve kim taraf\u0131ndan &ouml;ld&uuml;r&uuml;ld&uuml;\u011f&uuml;ne dair soru\u015fturmalar hala devam ediyor. Narin G&uuml;ran&#8217;\u0131n &ouml;ld&uuml;r&uuml;lmesine ili\u015fkin tutuklu olan 4 san\u0131k hakk\u0131nda Diyarbak\u0131r Cumhuriyet Ba\u015fsavc\u0131l\u0131\u011f\u0131 taraf\u0131ndan y&uuml;r&uuml;t&uuml;len soru\u015fturma ge&ccedil;ti\u011fimiz g&uuml;nlerde tamamlanm\u0131\u015ft\u0131. Tutuklu san\u0131klar amca Salim, anne Y&uuml;ksel, a\u011fabey Enes G&uuml;ran ve kom\u015fular\u0131 Nevzat Bahtiyar hakk\u0131nda &#8220;i\u015ftirak halinde &ccedil;ocu\u011fa kar\u015f\u0131 kasten &ouml;ld&uuml;rme&#8221; su&ccedil;undan a\u011f\u0131rla\u015ft\u0131r\u0131lm\u0131\u015f m&uuml;ebbet hapis cezas\u0131 istemiyle haz\u0131rlanan iddianame, Diyarbak\u0131r 8. A\u011f\u0131r Ceza Mahkemesi taraf\u0131ndan ge&ccedil;ti\u011fimiz g&uuml;nlerde kabul edilmi\u015fti.<\/p>\n<p><img decoding=\"async\" src=\"https:\/\/www.tgrthaber.com\/mavikadin\/wp-content\/images\/haberler\/24-10\/28\/adsiz-tasarim-64.jpg\" alt=\"\" title=\"\"><\/p>\n<p>DEMET AKALIN&rsquo;DAN TEPK\u0130 GELD\u0130!<\/p>\n<p>&Uuml;nl&uuml; \u015fark\u0131c\u0131 Demet Akal\u0131n&rsquo;dan, Narin cinayetine ili\u015fkin tepkili bir yorum geldi. Demet Akal\u0131n yapt\u0131\u011f\u0131 yorumda: &ldquo;Hay\u0131r anne yapmad\u0131 amca yapmad\u0131 abi yapmad\u0131 ne yapt\u0131 k\u0131z kendi kendine mi &ouml;ld&uuml;rd&uuml;? O ana ki g&ouml;zya\u015f\u0131 d&ouml;kmedi be yaz\u0131k abisin sen ama kime diyoruz.&rdquo; ifadelerini kulland\u0131.<\/p><\/p>\n","protected":false},"excerpt":{"rendered":"<p>Diyarbak\u0131r\u2019da cans\u0131z bedeni bulunan 8 ya\u015f\u0131ndaki Narin G\u00fcran\u2019\u0131n \u00f6l\u00fcm\u00fc hakk\u0131nda \u00e7e\u015fitli incelemeler yap\u0131lmaya devam ediliyor. Hen\u00fcz kesin bir sonuca var\u0131lamayan bu s\u00fcre\u00e7te \u00fcnl\u00fc \u015fark\u0131c\u0131 Demet Akal\u0131n\u2019dan Narin cinayetine ili\u015fkin tepkili bir yorum geldi. Diyarbak\u0131r&#8217;\u0131n Ba\u011flar il&ccedil;esine ba\u011fl\u0131 Tav\u015fantepe Mahallesi&#8217;nde kaybolan ve uzun s&uuml;re boyunca arama kurtarma &ccedil;al\u0131\u015fmalar\u0131 yap\u0131lan Narin G&uuml;ran&rsquo;\u0131n cans\u0131z bedenine 19. g&uuml;n&uuml;n sonunda [&hellip;]<\/p>\n","protected":false},"author":26,"featured_media":93668,"comment_status":"closed","ping_status":"open","sticky":false,"template":"","format":"standard","meta":{"rank_math_lock_modified_date":false,"footnotes":""},"categories":[76],"tags":[56027,130,59103,445,4629,42850],"class_list":["post-93669","post","type-post","status-publish","format-standard","has-post-thumbnail","hentry","category-magazin","tag-cocuk-cinayeti","tag-demet-akalin","tag-demet-akalin-yorumu","tag-diyarbakir","tag-narin-guran","tag-son-dakika"],"_links":{"self":[{"href":"https:\/\/www.tgrthaber.com\/mavikadin\/wp-json\/wp\/v2\/posts\/93669"}],"collection":[{"href":"https:\/\/www.tgrthaber.com\/mavikadin\/wp-json\/wp\/v2\/posts"}],"about":[{"href":"https:\/\/www.tgrthaber.com\/mavikadin\/wp-json\/wp\/v2\/types\/post"}],"author":[{"embeddable":true,"href":"https:\/\/www.tgrthaber.com\/mavikadin\/wp-json\/wp\/v2\/users\/26"}],"replies":[{"embeddable":true,"href":"https:\/\/www.tgrthaber.com\/mavikadin\/wp-json\/wp\/v2\/comments?post=93669"}],"version-history":[{"count":1,"href":"https:\/\/www.tgrthaber.com\/mavikadin\/wp-json\/wp\/v2\/posts\/93669\/revisions"}],"predecessor-version":[{"id":93670,"href":"https:\/\/www.tgrthaber.com\/mavikadin\/wp-json\/wp\/v2\/posts\/93669\/revisions\/93670"}],"wp:featuredmedia":[{"embeddable":true,"href":"https:\/\/www.tgrthaber.com\/mavikadin\/wp-json\/wp\/v2\/media\/93668"}],"wp:attachment":[{"href":"https:\/\/www.tgrthaber.com\/mavikadin\/wp-json\/wp\/v2\/media?parent=93669"}],"wp:term":[{"taxonomy":"category","embeddable":true,"href":"https:\/\/www.tgrthaber.com\/mavikadin\/wp-json\/wp\/v2\/categories?post=93669"},{"taxonomy":"post_tag","embeddable":true,"href":"https:\/\/www.tgrthaber.com\/mavikadin\/wp-json\/wp\/v2\/tags?post=93669"}],"curies":[{"name":"wp","href":"https:\/\/api.w.org\/{rel}","templated":true}]}}