{"id":93744,"date":"2024-10-30T10:22:00","date_gmt":"2024-10-30T07:22:00","guid":{"rendered":"https:\/\/new1.mavikadin.com\/?p=93744"},"modified":"2025-01-07T02:03:36","modified_gmt":"2025-01-06T23:03:36","slug":"karantina-filminin-basrol-oyuncusu-demirhan-demircioglu-kimdir-basarili-oyuncunun-yasi-ve-oyunculuk-kariyeri-merak-edildi","status":"publish","type":"post","link":"https:\/\/www.tgrthaber.com\/mavikadin\/karantina-filminin-basrol-oyuncusu-demirhan-demircioglu-kimdir-basarili-oyuncunun-yasi-ve-oyunculuk-kariyeri-merak-edildi\/","title":{"rendered":"Karantina filminin ba\u015frol oyuncusu Demirhan Demircio\u011flu kimdir? Ba\u015far\u0131l\u0131 oyuncunun ya\u015f\u0131 ve oyunculuk kariyeri merak edildi"},"content":{"rendered":"<p>\u201cKarantina\u201d adl\u0131 sinema filmi ile izleyici kar\u015f\u0131s\u0131na \u00e7\u0131kacak olan Demirhan Demircio\u011flu, \u015fimdilerde Show TV\u2019nin iddial\u0131 dizileri aras\u0131nda yer alan \u201cBahar\u201d dizisinde Aziz Uras karakterine can veriyor. Ba\u015far\u0131l\u0131 oyunculu\u011fuyla s\u0131k s\u0131k ad\u0131ndan s\u00f6z ettiren Demircio\u011flu, ilk sinema filmiyle izleyici kar\u015f\u0131s\u0131na \u00e7\u0131kmaya haz\u0131rlan\u0131yor. 10 Ocak\u2019ta vizyona girecek \u201cKarantina\u201d filmiyle seyirci kar\u015f\u0131s\u0131na \u00e7\u0131kacak olan Demircio\u011flu\u2019nun oyunculuk performans\u0131 \u015fimdiden merak edilenler aras\u0131nda.<\/p>\n<p>Peki, ba\u015far\u0131l\u0131 oyunculu\u011fuyla ad\u0131ndan s\u00f6z ettiren Demirhan Demircio\u011flu kimdir? Demirhan Demircio\u011flu ka\u00e7 ya\u015f\u0131nda, hangi dizilerde oynad\u0131? Demirhan Demircio\u011flu hakk\u0131nda merak edilenleri sizin i\u00e7in ara\u015ft\u0131rd\u0131k. \u0130\u015fte Demirhan Demircio\u011flu hakk\u0131nda bilmeniz gerekenler\u2026<\/p>\n<hr \/>\n<h3><strong>DEM\u0130RHAN DEM\u0130RC\u0130O\u011eLU K\u0130MD\u0130R?<\/strong><\/h3>\n<p>1999 y\u0131l\u0131nda \u0130stanbul\u2019da d\u00fcnyaya gelen Demirhan Demircio\u011flu, \u00e7ocukluk d\u00f6nemini \u0130stanbul\u2019da ge\u00e7irerek ilk, orta ve lise \u00f6\u011frenimini tamamlad\u0131. \u00dcniversite e\u011fitimini Mimar Sinan \u00dcniversitesi Oyunculuk b\u00f6l\u00fcm\u00fcnden tamamlayan Demircio\u011flu, sonras\u0131nda oyunculuk kariyerinde kendisini geli\u015ftirmeye ba\u015flad\u0131.<\/p>\n<p><img loading=\"lazy\" decoding=\"async\" class=\"alignnone wp-image-118028\" src=\"https:\/\/www.tgrthaber.com\/mavikadin\/wp-content\/uploads\/Demirhan-Demircioglu-4-1024x576.jpg\" alt=\"Demirhan Demircio\u011flu \" width=\"1208\" height=\"680\" title=\"\" srcset=\"https:\/\/www.tgrthaber.com\/mavikadin\/wp-content\/uploads\/Demirhan-Demircioglu-4-1024x576.jpg 1024w, https:\/\/www.tgrthaber.com\/mavikadin\/wp-content\/uploads\/Demirhan-Demircioglu-4-300x169.jpg 300w, https:\/\/www.tgrthaber.com\/mavikadin\/wp-content\/uploads\/Demirhan-Demircioglu-4-768x432.jpg 768w, https:\/\/www.tgrthaber.com\/mavikadin\/wp-content\/uploads\/Demirhan-Demircioglu-4-1536x864.jpg 1536w, https:\/\/www.tgrthaber.com\/mavikadin\/wp-content\/uploads\/Demirhan-Demircioglu-4.jpg 1600w\" sizes=\"(max-width: 1208px) 100vw, 1208px\" \/><\/p>\n<hr \/>\n<p>&nbsp;<\/p>\n<h3><strong>DEM\u0130RHAN DEM\u0130RC\u0130O\u011eLU KA\u00c7 YA\u015eINDA?<\/strong><\/h3>\n<p>\u00c7e\u015fitli reklam filmlerinde boy g\u00f6steren Demircio\u011flu, ilk profesyonel oyunculuk deneyimini 2019 y\u0131l\u0131nda Kanal D ekranlar\u0131nda izleyici kar\u015f\u0131s\u0131na \u00e7\u0131kan Hekimo\u011flu dizisiyle ya\u015fad\u0131. \u015eimdilerde 25 ya\u015f\u0131nda olan Demircio\u011flu, daha sonra TRT1 ekranlar\u0131nda izleyici kar\u015f\u0131s\u0131na \u00e7\u0131kan Barbaros Hayreddin: Sultan\u2019\u0131n Ferman\u0131 adl\u0131 dizide boy g\u00f6sterdi.<\/p>\n<p><img loading=\"lazy\" decoding=\"async\" class=\"alignnone wp-image-118029\" src=\"https:\/\/www.tgrthaber.com\/mavikadin\/wp-content\/uploads\/Demirhan-Demircioglu-2-1024x576.jpg\" alt=\"Demirhan Demircio\u011flu \" width=\"1208\" height=\"680\" title=\"\" srcset=\"https:\/\/www.tgrthaber.com\/mavikadin\/wp-content\/uploads\/Demirhan-Demircioglu-2-1024x576.jpg 1024w, https:\/\/www.tgrthaber.com\/mavikadin\/wp-content\/uploads\/Demirhan-Demircioglu-2-300x169.jpg 300w, https:\/\/www.tgrthaber.com\/mavikadin\/wp-content\/uploads\/Demirhan-Demircioglu-2-768x432.jpg 768w, https:\/\/www.tgrthaber.com\/mavikadin\/wp-content\/uploads\/Demirhan-Demircioglu-2-1536x864.jpg 1536w, https:\/\/www.tgrthaber.com\/mavikadin\/wp-content\/uploads\/Demirhan-Demircioglu-2.jpg 1600w\" sizes=\"(max-width: 1208px) 100vw, 1208px\" \/><\/p>\n<hr \/>\n<p>\u015eimdilerde Show TV\u2019nin ilgiyle takip edilen Bahar dizisinde \u201cAziz Uras\u201d karakterine can veren Demirhan Demircio\u011flu, ba\u015far\u0131l\u0131 oyunculuk performans\u0131yla dikkatleri \u00fczerine \u00e7ekiyor.<\/p>\n<h3>KARANT\u0130NA F\u0130LM\u0130YLE \u0130ZLEY\u0130C\u0130 KAR\u015eISINA \u00c7IKACAK!<\/h3>\n<p>\u015eimdilerde Show TV ekranlar\u0131n\u0131n sevilen dizisi \u201cBahar\u201dda \u201cAziz Uras\u201d karakterine can veren Demirhan Demircio\u011flu, ilk sinema filmi \u201cKarantina\u201d ile izleyici kar\u015f\u0131s\u0131na \u00e7\u0131k\u0131yor. 10 Ocak tarihinde vizyona girecek olan sinema filminde Demircio\u011flu\u2019nun oyunculuk performans\u0131 da merak ediliyor.<\/p>\n<p>&nbsp;<\/p>\n<p><img loading=\"lazy\" decoding=\"async\" class=\"alignnone wp-image-118032\" src=\"https:\/\/www.tgrthaber.com\/mavikadin\/wp-content\/uploads\/Adsiz-tasarim-134-1024x576.jpg\" alt=\"Demirhan Demircio\u011flu \" width=\"1208\" height=\"680\" title=\"\" srcset=\"https:\/\/www.tgrthaber.com\/mavikadin\/wp-content\/uploads\/Adsiz-tasarim-134-1024x576.jpg 1024w, https:\/\/www.tgrthaber.com\/mavikadin\/wp-content\/uploads\/Adsiz-tasarim-134-300x169.jpg 300w, https:\/\/www.tgrthaber.com\/mavikadin\/wp-content\/uploads\/Adsiz-tasarim-134-768x432.jpg 768w, https:\/\/www.tgrthaber.com\/mavikadin\/wp-content\/uploads\/Adsiz-tasarim-134-1536x864.jpg 1536w, https:\/\/www.tgrthaber.com\/mavikadin\/wp-content\/uploads\/Adsiz-tasarim-134.jpg 1600w\" sizes=\"(max-width: 1208px) 100vw, 1208px\" \/><\/p>\n<hr \/>\n<p>Ba\u015far\u0131l\u0131 oyuncu Demirhan Demircio\u011flu, dram, gen\u00e7lik ve romantik t\u00fcrlerinin bir arada bulundu\u011fu s\u0131ra d\u0131\u015f\u0131 macera; karantina, cinayet ve beklenmedik bir a\u015fk \u00fc\u00e7genini konu alan Karantina dizisinde ba\u015frol karakter Onur\u2019a can veriyor. Demircio\u011flu\u2019nun filmde sergiledi\u011fi oyunculuk performans\u0131 \u015fimdiden merak ediliyor.<\/p>\n<h3>DEM\u0130RHAN DEM\u0130RC\u0130O\u011eLU\u2019NUN YER ALDI\u011eI D\u0130Z\u0130 VE F\u0130LMLER<\/h3>\n<p>Hekimo\u011flu \u2013 2020<\/p>\n<p>\u0130\u00e7imizdeki Ate\u015f \u2013 2022<\/p>\n<p>Barbaros Hayreddin: Sultan\u2019\u0131n Ferman\u0131 \u2013 2022-2023<\/p>\n<p>Bahar \u2013 2024<\/p>\n<p>Karantina \u2013 2025<\/p>\n","protected":false},"excerpt":{"rendered":"<p>Karantina filminin ba\u015frol oyuncular\u0131ndan Demirhan Demircio\u011flu, ba\u015far\u0131l\u0131 oyunculu\u011fuyla dikkatleri \u00fczerine \u00e7ekiyor. \u015eimdilerde Show TV\u2019nin iddial\u0131 dizileri aras\u0131nda yer alan \u201cBahar\u201d dizisinde Aziz Uras karakterine can veren Demircio\u011flu\u2019nun kim oldu\u011fu merak ediliyor. \u0130\u015fte Demirhan Demircio\u011flu hakk\u0131nda merak edilenler\u2026 <\/p>\n","protected":false},"author":26,"featured_media":118030,"comment_status":"closed","ping_status":"open","sticky":false,"template":"","format":"standard","meta":{"rank_math_lock_modified_date":false,"footnotes":""},"categories":[491],"tags":[2305,7327,7328,3131],"class_list":["post-93744","post","type-post","status-publish","format-standard","has-post-thumbnail","hentry","category-biyografi","tag-bahar-dizi","tag-demirhan-demirciogglu","tag-karantina","tag-karantina-filmi"],"_links":{"self":[{"href":"https:\/\/www.tgrthaber.com\/mavikadin\/wp-json\/wp\/v2\/posts\/93744"}],"collection":[{"href":"https:\/\/www.tgrthaber.com\/mavikadin\/wp-json\/wp\/v2\/posts"}],"about":[{"href":"https:\/\/www.tgrthaber.com\/mavikadin\/wp-json\/wp\/v2\/types\/post"}],"author":[{"embeddable":true,"href":"https:\/\/www.tgrthaber.com\/mavikadin\/wp-json\/wp\/v2\/users\/26"}],"replies":[{"embeddable":true,"href":"https:\/\/www.tgrthaber.com\/mavikadin\/wp-json\/wp\/v2\/comments?post=93744"}],"version-history":[{"count":4,"href":"https:\/\/www.tgrthaber.com\/mavikadin\/wp-json\/wp\/v2\/posts\/93744\/revisions"}],"predecessor-version":[{"id":118034,"href":"https:\/\/www.tgrthaber.com\/mavikadin\/wp-json\/wp\/v2\/posts\/93744\/revisions\/118034"}],"wp:featuredmedia":[{"embeddable":true,"href":"https:\/\/www.tgrthaber.com\/mavikadin\/wp-json\/wp\/v2\/media\/118030"}],"wp:attachment":[{"href":"https:\/\/www.tgrthaber.com\/mavikadin\/wp-json\/wp\/v2\/media?parent=93744"}],"wp:term":[{"taxonomy":"category","embeddable":true,"href":"https:\/\/www.tgrthaber.com\/mavikadin\/wp-json\/wp\/v2\/categories?post=93744"},{"taxonomy":"post_tag","embeddable":true,"href":"https:\/\/www.tgrthaber.com\/mavikadin\/wp-json\/wp\/v2\/tags?post=93744"}],"curies":[{"name":"wp","href":"https:\/\/api.w.org\/{rel}","templated":true}]}}