{"id":93771,"date":"2024-10-30T15:15:00","date_gmt":"2024-10-30T12:15:00","guid":{"rendered":"https:\/\/new1.mavikadin.com\/?p=93771"},"modified":"2024-11-16T01:18:33","modified_gmt":"2024-11-15T22:18:33","slug":"leyla-dizisinin-minik-yildizi-melisa-duru-unal-kimin-kizidir","status":"publish","type":"post","link":"https:\/\/www.tgrthaber.com\/mavikadin\/leyla-dizisinin-minik-yildizi-melisa-duru-unal-kimin-kizidir\/","title":{"rendered":"Leyla dizisinin minik y\u0131ld\u0131z\u0131 Melisa Duru \u00dcnal kimin k\u0131z\u0131d\u0131r?"},"content":{"rendered":"<p>NOW TV ekranlar\u0131nda izleyici kar\u015f\u0131s\u0131na \u00e7\u0131kan Leyla dizisi yo\u011fun bir ilgi g\u00f6rmeye devam ediyor. Leyla karakterinin k\u00fc\u00e7\u00fckl\u00fc\u011f\u00fcne can veren Melisa Duru \u00dcnal, muhte\u015fem oyunculu\u011fuyla herkesi etkilemeyi ba\u015far\u0131yor. Sosyal medyada da olduk\u00e7a konu\u015fulan Melisa Duru \u00dcnal\u2019\u0131n kim oldu\u011fu merak ediliyor. \u0130\u015fte Melisa Duru \u00dcnal hakk\u0131nda merak edilenler\u2026<\/p>\n<p>NOW TV ekranlar\u0131n\u0131n ilgiyle takip edilen dizisi Leyla, yo\u011fun bir ilgi g&ouml;rmeye devam ediyor. G&uuml;&ccedil;l&uuml; ve deneyimli oyuncu kadrosuyla seyirci kar\u015f\u0131s\u0131na &ccedil;\u0131kan Leyla dizisi, sosyal medyada da olduk&ccedil;a g&uuml;ndem oluyor. Seyircilerin yo\u011fun ilgisiyle kar\u015f\u0131 kar\u015f\u0131ya kalan dizinin minik y\u0131ld\u0131z\u0131 Melisa Duru &Uuml;nal&rsquo;\u0131n kim oldu\u011fu merak ediliyor. Leyla dizisinin minik y\u0131ld\u0131z\u0131 Melisa Duru &Uuml;nal, kimdir? \u0130\u015fte Melisa Duru &Uuml;nal hakk\u0131nda merak edilenler&hellip;<\/p>\n<h3>MEL\u0130SA DURU &Uuml;NAL K\u0130MD\u0130R, K\u0130M\u0130N KIZIDIR?<\/h3>\n<p>Leyla dizisi, yay\u0131nland\u0131\u011f\u0131 ilk g&uuml;nden bu yana b&uuml;y&uuml;k bir ilgi g&ouml;r&uuml;yor. Dizide Leyla karakterinin k&uuml;&ccedil;&uuml;kl&uuml;\u011f&uuml;n&uuml; oynayan Melisa Duru &Uuml;nal ba\u015far\u0131l\u0131 oyunculu\u011fu ve performans\u0131yla dikkatleri &uuml;zerine &ccedil;ekiyor. Melisa Duru &Uuml;nal&rsquo;\u0131n kim oldu\u011fu merak ediliyor.<\/p>\n<p><img decoding=\"async\" src=\"https:\/\/www.tgrthaber.com\/mavikadin\/wp-content\/images\/haberler\/24-10\/30\/adsiz-tasarim-2024-10-30t151222695.jpg\" alt=\"\" title=\"\"><\/p>\n<p>Melisa Duru &Uuml;nal, 2015 y\u0131l\u0131nda Kocaeli&rsquo;nde d&uuml;nyaya geldi. Layla \u015eirin Ajans\u0131n &ccedil;ocuk oyuncular\u0131ndan olan Melisa Duru &Uuml;nal, ilk oyunculuk deneyimini 2022 y\u0131l\u0131nda &ldquo;Baba&rdquo; dizisiyle ger&ccedil;ekle\u015ftirdi. Minik oyuncu ayn\u0131 y\u0131l rol ald\u0131\u011f\u0131 &ldquo;Ben Bu Cihana S\u0131\u011fmazsam&rdquo; adl\u0131 dizisinde Mercan karakterine can verdi. Minik oyuncu 2023 y\u0131l\u0131nda ise &ldquo;Ne Gemiler Yakt\u0131m&rdquo; dizisinde Zeynep karakterini canland\u0131rd\u0131.<\/p>\n<p><img decoding=\"async\" src=\"https:\/\/www.tgrthaber.com\/mavikadin\/wp-content\/images\/haberler\/24-10\/30\/adsiz-tasarim-2024-10-30t151126866.jpg\" alt=\"\" title=\"\"><\/p>\n<p>Minik oyuncu \u015fimdilerde NOW TV&rsquo;nin ilgiyle takip edilen dizisi Leyla&rsquo;da, Leyla karakterinin k&uuml;&ccedil;&uuml;kl&uuml;\u011f&uuml;n&uuml; canland\u0131r\u0131yor. Sosyal medyada payla\u015ft\u0131\u011f\u0131 videolarla yo\u011fun ilgi g&ouml;ren Melisa Duru &Uuml;nal, dizideki ba\u015far\u0131l\u0131 performans\u0131 ile dikkatleri &uuml;zerine topluyor.<\/p><\/p>\n","protected":false},"excerpt":{"rendered":"<p>NOW TV ekranlar\u0131nda izleyici kar\u015f\u0131s\u0131na \u00e7\u0131kan Leyla dizisi yo\u011fun bir ilgi g\u00f6rmeye devam ediyor. Leyla karakterinin k\u00fc\u00e7\u00fckl\u00fc\u011f\u00fcne can veren Melisa Duru \u00dcnal, muhte\u015fem oyunculu\u011fuyla herkesi etkilemeyi ba\u015far\u0131yor. Sosyal medyada da olduk\u00e7a konu\u015fulan Melisa Duru \u00dcnal\u2019\u0131n kim oldu\u011fu merak ediliyor. \u0130\u015fte Melisa Duru \u00dcnal hakk\u0131nda merak edilenler\u2026 NOW TV ekranlar\u0131n\u0131n ilgiyle takip edilen dizisi Leyla, yo\u011fun [&hellip;]<\/p>\n","protected":false},"author":26,"featured_media":93770,"comment_status":"closed","ping_status":"open","sticky":false,"template":"","format":"standard","meta":{"rank_math_lock_modified_date":false,"footnotes":""},"categories":[491],"tags":[3033,54906,15464,21019,37983],"class_list":["post-93771","post","type-post","status-publish","format-standard","has-post-thumbnail","hentry","category-biyografi","tag-leyla-dizisi","tag-leyla-oyunculari","tag-melisa-duru-unal","tag-now-tv","tag-turk-dizileri"],"_links":{"self":[{"href":"https:\/\/www.tgrthaber.com\/mavikadin\/wp-json\/wp\/v2\/posts\/93771"}],"collection":[{"href":"https:\/\/www.tgrthaber.com\/mavikadin\/wp-json\/wp\/v2\/posts"}],"about":[{"href":"https:\/\/www.tgrthaber.com\/mavikadin\/wp-json\/wp\/v2\/types\/post"}],"author":[{"embeddable":true,"href":"https:\/\/www.tgrthaber.com\/mavikadin\/wp-json\/wp\/v2\/users\/26"}],"replies":[{"embeddable":true,"href":"https:\/\/www.tgrthaber.com\/mavikadin\/wp-json\/wp\/v2\/comments?post=93771"}],"version-history":[{"count":1,"href":"https:\/\/www.tgrthaber.com\/mavikadin\/wp-json\/wp\/v2\/posts\/93771\/revisions"}],"predecessor-version":[{"id":93772,"href":"https:\/\/www.tgrthaber.com\/mavikadin\/wp-json\/wp\/v2\/posts\/93771\/revisions\/93772"}],"wp:featuredmedia":[{"embeddable":true,"href":"https:\/\/www.tgrthaber.com\/mavikadin\/wp-json\/wp\/v2\/media\/93770"}],"wp:attachment":[{"href":"https:\/\/www.tgrthaber.com\/mavikadin\/wp-json\/wp\/v2\/media?parent=93771"}],"wp:term":[{"taxonomy":"category","embeddable":true,"href":"https:\/\/www.tgrthaber.com\/mavikadin\/wp-json\/wp\/v2\/categories?post=93771"},{"taxonomy":"post_tag","embeddable":true,"href":"https:\/\/www.tgrthaber.com\/mavikadin\/wp-json\/wp\/v2\/tags?post=93771"}],"curies":[{"name":"wp","href":"https:\/\/api.w.org\/{rel}","templated":true}]}}