{"id":93834,"date":"2024-11-01T02:02:00","date_gmt":"2024-10-31T23:02:00","guid":{"rendered":"https:\/\/new1.mavikadin.com\/?p=93834"},"modified":"2024-11-16T01:20:48","modified_gmt":"2024-11-15T22:20:48","slug":"acun-ilicalinin-seyma-subasindan-olan-kizi-melisa-ilicalinin-dogum-gununu-kutladi","status":"publish","type":"post","link":"https:\/\/www.tgrthaber.com\/mavikadin\/acun-ilicalinin-seyma-subasindan-olan-kizi-melisa-ilicalinin-dogum-gununu-kutladi\/","title":{"rendered":"Acun Il\u0131cal\u0131&#8217;n\u0131n \u015eeyma Suba\u015f\u0131&#8217;ndan olan k\u0131z\u0131 Melisa Il\u0131cal\u0131&#8217;n\u0131n do\u011fum g\u00fcn\u00fcn\u00fc kutlad\u0131"},"content":{"rendered":"<p>Acun Il\u0131cal\u0131, Instagram hesab\u0131ndan yay\u0131nlad\u0131\u011f\u0131 g\u00f6nderide k\u0131z\u0131 Melisa Il\u0131cal\u0131&#8217;n\u0131n yeni ya\u015f\u0131n\u0131 kutlad\u0131. 11. ya\u015f\u0131na basan Melisa Il\u0131cal\u0131&#8217;n\u0131n babas\u0131yla \u00e7ekildi\u011fi do\u011fum g\u00fcn\u00fc karelerine be\u011feni ya\u011fd\u0131.<\/p>\n<p>2017 y\u0131l\u0131nda fenomen \u015eeyma Suba\u015f\u0131 ile evlili\u011finden olan k\u0131z\u0131 Melisa Il\u0131cal\u0131&#8217;n\u0131n do\u011fum g&uuml;n&uuml;n&uuml; kutlayan Acun Il\u0131cal\u0131, sosyal medya hesab\u0131ndan k\u0131z\u0131yla beraber &ccedil;ekindi\u011fi do\u011fum g&uuml;n&uuml; karelerini payla\u015ft\u0131. 11. ya\u015f\u0131na basan Melisa Il\u0131cal\u0131&#8217;n\u0131n babas\u0131 Acun&#8217;u &ouml;perken poz verdi\u011fi g&ouml;r&uuml;nt&uuml; sosyal medyada be\u011feni kazand\u0131.<\/p>\n<p><img decoding=\"async\" src=\"https:\/\/www.tgrthaber.com\/mavikadin\/wp-content\/images\/haberler\/24-11\/01\/rr.png\" alt=\"\" title=\"\"><\/p>\n<p>\u015e\u0131k bir organizasyon e\u015fli\u011finde yap\u0131lan kutlaman\u0131n oldu\u011fu kareye babas\u0131 Acun Il\u0131cal\u0131, k\u0131z\u0131 Melisa i&ccedil;in do\u011fum g&uuml;n&uuml; tebri\u011finde bulundu.<\/p>\n<h3>ACUN ILICALI&#8217;DAN KIZI MEL\u0130SA&#8217;YA DO\u011eUM G&Uuml;N&Uuml; PAYLA\u015eIMI:<\/h3>\n<p>K\u0131z\u0131 Melisa&#8217;n\u0131n do\u011fum g&uuml;n&uuml;nde &ccedil;ekildi\u011fi baba-k\u0131z pozlar\u0131n\u0131 Instagram hesab\u0131ndan yay\u0131nlayan Acun Il\u0131cal\u0131, g&ouml;nderinin alt\u0131na iyi dileklerde bulunarak \u015fu notu d&uuml;\u015ft&uuml;:<\/p>\n<h3>&#8220;Can\u0131m k\u0131z\u0131m nice mutlu y\u0131llar\u0131n olsun&#8221;<\/h3>\n<p><img decoding=\"async\" src=\"https:\/\/www.tgrthaber.com\/mavikadin\/wp-content\/images\/haberler\/24-11\/01\/9.png\" alt=\"\" title=\"\"><\/p>\n<p>Acun Il\u0131cal\u0131, Instagram hesab\u0131ndan k\u0131z\u0131 Melisa&#8217;n\u0131n do\u011fum g&uuml;n&uuml;n&uuml; kutlad\u0131.<\/p>\n<p>Haberin Devam\u0131<br \/>Acun Il\u0131cal\u0131 payla\u015f\u0131m\u0131nda, &#8220;Can\u0131m k\u0131z\u0131m nice mutlu y\u0131llar\u0131n olsun&#8221; dedi. Il\u0131cal\u0131 ayn\u0131 zamanda yapt\u0131\u011f\u0131 payla\u015f\u0131mda pe\u015f pe\u015fe do\u011fum g&uuml;n&uuml; karelerine yer verdi.&nbsp;<\/p>\n","protected":false},"excerpt":{"rendered":"<p>Acun Il\u0131cal\u0131, Instagram hesab\u0131ndan yay\u0131nlad\u0131\u011f\u0131 g\u00f6nderide k\u0131z\u0131 Melisa Il\u0131cal\u0131&#8217;n\u0131n yeni ya\u015f\u0131n\u0131 kutlad\u0131. 11. ya\u015f\u0131na basan Melisa Il\u0131cal\u0131&#8217;n\u0131n babas\u0131yla \u00e7ekildi\u011fi do\u011fum g\u00fcn\u00fc karelerine be\u011feni ya\u011fd\u0131. 2017 y\u0131l\u0131nda fenomen \u015eeyma Suba\u015f\u0131 ile evlili\u011finden olan k\u0131z\u0131 Melisa Il\u0131cal\u0131&#8217;n\u0131n do\u011fum g&uuml;n&uuml;n&uuml; kutlayan Acun Il\u0131cal\u0131, sosyal medya hesab\u0131ndan k\u0131z\u0131yla beraber &ccedil;ekindi\u011fi do\u011fum g&uuml;n&uuml; karelerini payla\u015ft\u0131. 11. ya\u015f\u0131na basan Melisa Il\u0131cal\u0131&#8217;n\u0131n [&hellip;]<\/p>\n","protected":false},"author":27,"featured_media":93833,"comment_status":"closed","ping_status":"open","sticky":false,"template":"","format":"standard","meta":{"rank_math_lock_modified_date":false,"footnotes":""},"categories":[76],"tags":[38195,2837,133,40338,2249,6037],"class_list":["post-93834","post","type-post","status-publish","format-standard","has-post-thumbnail","hentry","category-magazin","tag-acun-ilicali","tag-dogum-gunu","tag-magazin","tag-melisa-ilicali","tag-seyma-subasi","tag-unluler"],"_links":{"self":[{"href":"https:\/\/www.tgrthaber.com\/mavikadin\/wp-json\/wp\/v2\/posts\/93834"}],"collection":[{"href":"https:\/\/www.tgrthaber.com\/mavikadin\/wp-json\/wp\/v2\/posts"}],"about":[{"href":"https:\/\/www.tgrthaber.com\/mavikadin\/wp-json\/wp\/v2\/types\/post"}],"author":[{"embeddable":true,"href":"https:\/\/www.tgrthaber.com\/mavikadin\/wp-json\/wp\/v2\/users\/27"}],"replies":[{"embeddable":true,"href":"https:\/\/www.tgrthaber.com\/mavikadin\/wp-json\/wp\/v2\/comments?post=93834"}],"version-history":[{"count":1,"href":"https:\/\/www.tgrthaber.com\/mavikadin\/wp-json\/wp\/v2\/posts\/93834\/revisions"}],"predecessor-version":[{"id":93835,"href":"https:\/\/www.tgrthaber.com\/mavikadin\/wp-json\/wp\/v2\/posts\/93834\/revisions\/93835"}],"wp:featuredmedia":[{"embeddable":true,"href":"https:\/\/www.tgrthaber.com\/mavikadin\/wp-json\/wp\/v2\/media\/93833"}],"wp:attachment":[{"href":"https:\/\/www.tgrthaber.com\/mavikadin\/wp-json\/wp\/v2\/media?parent=93834"}],"wp:term":[{"taxonomy":"category","embeddable":true,"href":"https:\/\/www.tgrthaber.com\/mavikadin\/wp-json\/wp\/v2\/categories?post=93834"},{"taxonomy":"post_tag","embeddable":true,"href":"https:\/\/www.tgrthaber.com\/mavikadin\/wp-json\/wp\/v2\/tags?post=93834"}],"curies":[{"name":"wp","href":"https:\/\/api.w.org\/{rel}","templated":true}]}}