{"id":93837,"date":"2024-11-01T02:29:00","date_gmt":"2024-10-31T23:29:00","guid":{"rendered":"https:\/\/new1.mavikadin.com\/?p=93837"},"modified":"2024-11-16T01:20:55","modified_gmt":"2024-11-15T22:20:55","slug":"hamile-olan-neslihan-atagul-misirda-ayran-aserdi-kendi-ayranini-kendi-yapti","status":"publish","type":"post","link":"https:\/\/www.tgrthaber.com\/mavikadin\/hamile-olan-neslihan-atagul-misirda-ayran-aserdi-kendi-ayranini-kendi-yapti\/","title":{"rendered":"Hamile olan Neslihan Atag\u00fcl M\u0131s\u0131r&#8217;da ayran a\u015ferdi! Kendi ayran\u0131n\u0131 kendi yapt\u0131"},"content":{"rendered":"<p>M\u0131s\u0131r&#8217;da olan g\u00fczel oyuncu Neslihan Atag\u00fcl, hamileli\u011finde ilk be\u015f ay\u0131 devirdikten sonra bebe\u011fine kavu\u015fmak i\u00e7in g\u00fcn say\u0131yor. Can\u0131 ayran \u00e7eken Atag\u00fcl, mekanda ayan bulamay\u0131nca kendine ayran yapt\u0131.<\/p>\n<p>Yak\u0131n zamanda&nbsp; magazin g&uuml;ndeminde Kadir Do\u011fulu ile aralar\u0131n\u0131n bozuk oldu\u011fu y&ouml;n&uuml;nde iddialar &ccedil;\u0131ksa da evlilikleri gayet huzurlu bir \u015fekilde ilerledi\u011fi, yay\u0131nlad\u0131\u011f\u0131 mutluluk karelerinden anla\u015f\u0131lan &uuml;nl&uuml; &ccedil;ift, birka&ccedil; hafta &ouml;ncesinde bebeklerinin cinsiyetini a&ccedil;\u0131klam\u0131\u015ft\u0131.<\/p>\n<h3>MISIR&#8217;DA AYRAN A\u015eEREN NESL\u0130HAN ATAG&Uuml;L&#8217;&Uuml;N O ANLARI:<\/h3>\n<p>5 ayl\u0131k hamile olan g&uuml;zel anne aday\u0131 Neslihan Atag&uuml;l ile e\u015fi Kadir Do\u011fulu, bebeklerine kavu\u015facak olmalar\u0131n\u0131n heyecan\u0131n\u0131 ya\u015farken Atag&uuml;l, hamilelik s&uuml;recinin getirdi\u011fi baz\u0131 sonu&ccedil;lar\u0131 da ya\u015f\u0131yor.<\/p>\n<p>&Uuml;nl&uuml; &ccedil;iftin yemek yemek i&ccedil;in gitti\u011fi restoranda can\u0131 ayran &ccedil;ekince mekanda ayran bulunmad\u0131\u011f\u0131ndan kendi ayran\u0131n\u0131 kendi yapmaya koyuldu.&nbsp;<\/p>\n<p><img decoding=\"async\" src=\"https:\/\/www.tgrthaber.com\/mavikadin\/wp-content\/images\/haberler\/24-11\/01\/ttt.png\" alt=\"\" title=\"\"><\/p><\/p>\n","protected":false},"excerpt":{"rendered":"<p>M\u0131s\u0131r&#8217;da olan g\u00fczel oyuncu Neslihan Atag\u00fcl, hamileli\u011finde ilk be\u015f ay\u0131 devirdikten sonra bebe\u011fine kavu\u015fmak i\u00e7in g\u00fcn say\u0131yor. Can\u0131 ayran \u00e7eken Atag\u00fcl, mekanda ayan bulamay\u0131nca kendine ayran yapt\u0131. Yak\u0131n zamanda&nbsp; magazin g&uuml;ndeminde Kadir Do\u011fulu ile aralar\u0131n\u0131n bozuk oldu\u011fu y&ouml;n&uuml;nde iddialar &ccedil;\u0131ksa da evlilikleri gayet huzurlu bir \u015fekilde ilerledi\u011fi, yay\u0131nlad\u0131\u011f\u0131 mutluluk karelerinden anla\u015f\u0131lan &uuml;nl&uuml; &ccedil;ift, birka&ccedil; hafta [&hellip;]<\/p>\n","protected":false},"author":27,"featured_media":93836,"comment_status":"closed","ping_status":"open","sticky":false,"template":"","format":"standard","meta":{"rank_math_lock_modified_date":false,"footnotes":""},"categories":[76],"tags":[1666,59314,266,3097,3096],"class_list":["post-93837","post","type-post","status-publish","format-standard","has-post-thumbnail","hentry","category-magazin","tag-ayran","tag-ayran-asermesi","tag-hamilelik","tag-kadir-dogulu","tag-neslihan-atagul"],"_links":{"self":[{"href":"https:\/\/www.tgrthaber.com\/mavikadin\/wp-json\/wp\/v2\/posts\/93837"}],"collection":[{"href":"https:\/\/www.tgrthaber.com\/mavikadin\/wp-json\/wp\/v2\/posts"}],"about":[{"href":"https:\/\/www.tgrthaber.com\/mavikadin\/wp-json\/wp\/v2\/types\/post"}],"author":[{"embeddable":true,"href":"https:\/\/www.tgrthaber.com\/mavikadin\/wp-json\/wp\/v2\/users\/27"}],"replies":[{"embeddable":true,"href":"https:\/\/www.tgrthaber.com\/mavikadin\/wp-json\/wp\/v2\/comments?post=93837"}],"version-history":[{"count":1,"href":"https:\/\/www.tgrthaber.com\/mavikadin\/wp-json\/wp\/v2\/posts\/93837\/revisions"}],"predecessor-version":[{"id":93838,"href":"https:\/\/www.tgrthaber.com\/mavikadin\/wp-json\/wp\/v2\/posts\/93837\/revisions\/93838"}],"wp:featuredmedia":[{"embeddable":true,"href":"https:\/\/www.tgrthaber.com\/mavikadin\/wp-json\/wp\/v2\/media\/93836"}],"wp:attachment":[{"href":"https:\/\/www.tgrthaber.com\/mavikadin\/wp-json\/wp\/v2\/media?parent=93837"}],"wp:term":[{"taxonomy":"category","embeddable":true,"href":"https:\/\/www.tgrthaber.com\/mavikadin\/wp-json\/wp\/v2\/categories?post=93837"},{"taxonomy":"post_tag","embeddable":true,"href":"https:\/\/www.tgrthaber.com\/mavikadin\/wp-json\/wp\/v2\/tags?post=93837"}],"curies":[{"name":"wp","href":"https:\/\/api.w.org\/{rel}","templated":true}]}}