{"id":93966,"date":"2024-11-06T22:26:00","date_gmt":"2024-11-06T19:26:00","guid":{"rendered":"https:\/\/new1.mavikadin.com\/?p=93966"},"modified":"2024-11-16T01:25:28","modified_gmt":"2024-11-15T22:25:28","slug":"oyuncu-hatice-aslan-bahar-dizisinin-setinde-cikan-kriz-iddialarina-yanit-verdi","status":"publish","type":"post","link":"https:\/\/www.tgrthaber.com\/mavikadin\/oyuncu-hatice-aslan-bahar-dizisinin-setinde-cikan-kriz-iddialarina-yanit-verdi\/","title":{"rendered":"Oyuncu Hatice Aslan &#8216;Bahar&#8217; dizisinin setinde \u00e7\u0131kan kriz iddialar\u0131na yan\u0131t verdi!"},"content":{"rendered":"<p>Ekrana verildi\u011fi her b\u00f6l\u00fcm\u00fc ile izleyicileri ekrana kilitlemeyi ba\u015faran oyuncu Hatice Aslan, sette kriz \u00e7\u0131kt\u0131\u011f\u0131 y\u00f6n\u00fcnde \u00e7\u0131kan haberlerle ilgili konu\u015ftu.<\/p>\n<p>Show TV kanal\u0131nda yay\u0131nlanan ve yo\u011fun bir izleyici kitlesi olan &#8216;Bahar&#8217; dizisinde ba\u015frol oyuncusu Demet Evgar ile ilgili yak\u0131n zamanda bir t&uuml;r olumsuz haberler &ccedil;\u0131km\u0131\u015ft\u0131. &#8216;Bahar&#8217; dizisinin &ouml;nemli oyuncular\u0131ndan olan ve dizide &#8216;Nevra&#8217; karakterini canland\u0131ran Hatice Aslan, bir davet sonras\u0131 rol arkada\u015f\u0131 Demet Evgar&#8217;\u0131n aleyhine &ccedil;\u0131kan haberlerle ilgili konu\u015ftu.<\/p>\n<h3>&#8216;BAHAR&#8217;IN NEVRA&#8217;SI HAT\u0130CE ASLAN O \u0130DD\u0130ALARI REDDETT\u0130!<\/h3>\n<p>Demet Han\u0131m&rsquo;\u0131n sette huzursuzluk &ccedil;\u0131kard\u0131\u011f\u0131 y&ouml;n&uuml;nde iddialar &ouml;ne s&uuml;r&uuml;lm&uuml;\u015ft&uuml;. Kimseden de bir a&ccedil;\u0131klama gelmedi siz ne s&ouml;ylemek istersiniz? sorusuna tebess&uuml;m ederek cevap veren &uuml;nl&uuml; oyuncu Hatice Aslan, bu konu ile ilgili \u015fu a&ccedil;\u0131klamada bulunarak rol arkada\u015f\u0131 Demet Evgar&rsquo;\u0131 kirleten bu iddialar\u0131 yalanlad\u0131. Aslan, Bahar dizisi setinde Demet Evgar&rsquo;\u0131n olay &ccedil;\u0131kard\u0131\u011f\u0131na dair &uuml;retilen haberler i&ccedil;in \u015f&ouml;yle dedi:<\/p>\n<p><img decoding=\"async\" src=\"https:\/\/www.tgrthaber.com\/mavikadin\/wp-content\/images\/haberler\/24-11\/06\/a7r06615-850x560.jpg\" alt=\"\" title=\"\"><\/p>\n<p>&#8220;&Ouml;yle bir \u015fey olabilir mi, her \u015fey ortada. Bu kadar g&uuml;zel, ba\u015far\u0131l\u0131, yetenekli daha ne olmas\u0131n\u0131 bekliyorsunuz \u015fahane her \u015fey. Biz genelde olumsuz \u015feyleri konu\u015fmay\u0131 daha &ccedil;ok seviyoruz ya al\u0131\u015fkanl\u0131ktan yani o y&uuml;zden b&ouml;yle \u015feylere &ccedil;ok da inanmay\u0131n bence. G&ouml;r&uuml;nen k&ouml;y k\u0131lavuz istemez.&#8221;&nbsp;<\/p>\n<p>Muhabirin &#8216;&Ccedil;\u0131kan tart\u0131\u015fmalardan dolay\u0131 setin 1 hafta boyunca durduruldu\u011fu s&ouml;ylenmi\u015fti.&#8217; c&uuml;mlesine kar\u015f\u0131l\u0131k &#8216;Hay\u0131r, b&ouml;yle bir \u015fey olabilir mi&#8217; diyerek yalanlad\u0131.<\/p>\n<h3>DEMET EVGAR&#8217;IN SETTE OLAY &Ccedil;IKARDI\u011eI \u0130DD\u0130A ED\u0130LM\u0130\u015eT\u0130&#8230;<\/h3>\n<p>&#8221;Aram\u0131zda Kalmas\u0131n&#8221; program\u0131nda &ouml;ne s&uuml;r&uuml;len iddialara g&ouml;re, Bahar dizisinin ba\u015frol oyuncular\u0131ndan Demet Evgar&#8217;\u0131n sahne s&uuml;relerine dair sorular sordu\u011fu s\u0131rada y&ouml;netmen asistan\u0131yla seslerin y&uuml;kseldi\u011fi bir tart\u0131\u015fma ya\u015fand\u0131\u011f\u0131 biliniyordu. S&ouml;ylentilere g&ouml;re, bu tart\u0131\u015fma k&uuml;f&uuml;rl&uuml; ifadeler i&ccedil;ererek &ccedil;irkinle\u015fmi\u015fti. Aralar\u0131\u0131nda ge&ccedil;en bu ikili diyalog, dizinin &ouml;nemli oyuncular\u0131dan olan Evgar&#8217;\u0131n setteki huzuru bozdu\u011fu y&ouml;n&uuml;nde alg\u0131lanm\u0131\u015ft\u0131.<\/p>\n<p><img decoding=\"async\" src=\"https:\/\/www.tgrthaber.com\/mavikadin\/wp-content\/images\/haberler\/24-11\/06\/966-1730920583.png\" alt=\"\" title=\"\"><\/p>\n<p>Y&ouml;netmen asistan\u0131n\u0131n, &uuml;nl&uuml; oyuncu Evgar&#8217;\u0131n hal ve hareketlerini kabul edilemez bulmas\u0131 ve bu ya\u015fanan tart\u0131\u015fmalar\u0131 alenen dizinin y&ouml;netmeni Neslihan Ye\u015filyurt&#8217;a iletilmesi &uuml;zerine, y&ouml;netmenin dizisinin seyrine ald\u0131r\u0131\u015f etmeden ciddi bir karar ald\u0131\u011f\u0131 &ouml;ne s&uuml;r&uuml;lm&uuml;\u015ft&uuml;. Ye\u015filyurt, ekip i&ccedil;erisinde ya\u015fanan bu karma\u015fadaki&nbsp; sayg\u0131s\u0131zl\u0131\u011f\u0131n ard\u0131ndan seti paydos etti\u011fini duyurdu\u011fu ve Evgar&#8217;\u0131n kabahatini kabul edip &ouml;z&uuml;r dilemedik&ccedil;e &ccedil;ekimlere devam edilmeyece\u011fi iddia edilmi\u015fti.<\/p><\/p>\n","protected":false},"excerpt":{"rendered":"<p>Ekrana verildi\u011fi her b\u00f6l\u00fcm\u00fc ile izleyicileri ekrana kilitlemeyi ba\u015faran oyuncu Hatice Aslan, sette kriz \u00e7\u0131kt\u0131\u011f\u0131 y\u00f6n\u00fcnde \u00e7\u0131kan haberlerle ilgili konu\u015ftu. Show TV kanal\u0131nda yay\u0131nlanan ve yo\u011fun bir izleyici kitlesi olan &#8216;Bahar&#8217; dizisinde ba\u015frol oyuncusu Demet Evgar ile ilgili yak\u0131n zamanda bir t&uuml;r olumsuz haberler &ccedil;\u0131km\u0131\u015ft\u0131. &#8216;Bahar&#8217; dizisinin &ouml;nemli oyuncular\u0131ndan olan ve dizide &#8216;Nevra&#8217; karakterini canland\u0131ran [&hellip;]<\/p>\n","protected":false},"author":27,"featured_media":93965,"comment_status":"closed","ping_status":"open","sticky":false,"template":"","format":"standard","meta":{"rank_math_lock_modified_date":false,"footnotes":""},"categories":[76],"tags":[2452,2304,59615,39096,59616],"class_list":["post-93966","post","type-post","status-publish","format-standard","has-post-thumbnail","hentry","category-magazin","tag-bahar-dizisi","tag-demet-evgar","tag-dizi-krizi","tag-hatice-aslan","tag-set-iddialari"],"_links":{"self":[{"href":"https:\/\/www.tgrthaber.com\/mavikadin\/wp-json\/wp\/v2\/posts\/93966"}],"collection":[{"href":"https:\/\/www.tgrthaber.com\/mavikadin\/wp-json\/wp\/v2\/posts"}],"about":[{"href":"https:\/\/www.tgrthaber.com\/mavikadin\/wp-json\/wp\/v2\/types\/post"}],"author":[{"embeddable":true,"href":"https:\/\/www.tgrthaber.com\/mavikadin\/wp-json\/wp\/v2\/users\/27"}],"replies":[{"embeddable":true,"href":"https:\/\/www.tgrthaber.com\/mavikadin\/wp-json\/wp\/v2\/comments?post=93966"}],"version-history":[{"count":1,"href":"https:\/\/www.tgrthaber.com\/mavikadin\/wp-json\/wp\/v2\/posts\/93966\/revisions"}],"predecessor-version":[{"id":93967,"href":"https:\/\/www.tgrthaber.com\/mavikadin\/wp-json\/wp\/v2\/posts\/93966\/revisions\/93967"}],"wp:featuredmedia":[{"embeddable":true,"href":"https:\/\/www.tgrthaber.com\/mavikadin\/wp-json\/wp\/v2\/media\/93965"}],"wp:attachment":[{"href":"https:\/\/www.tgrthaber.com\/mavikadin\/wp-json\/wp\/v2\/media?parent=93966"}],"wp:term":[{"taxonomy":"category","embeddable":true,"href":"https:\/\/www.tgrthaber.com\/mavikadin\/wp-json\/wp\/v2\/categories?post=93966"},{"taxonomy":"post_tag","embeddable":true,"href":"https:\/\/www.tgrthaber.com\/mavikadin\/wp-json\/wp\/v2\/tags?post=93966"}],"curies":[{"name":"wp","href":"https:\/\/api.w.org\/{rel}","templated":true}]}}