{"id":94047,"date":"2024-11-09T12:21:00","date_gmt":"2024-11-09T09:21:00","guid":{"rendered":"https:\/\/new1.mavikadin.com\/?p=94047"},"modified":"2024-11-16T01:28:21","modified_gmt":"2024-11-15T22:28:21","slug":"ajda-pekkan-sahne-tarziyla-dikkatleri-uzerine-cekti-superstarin-sahne-kostumu-olay-oldu","status":"publish","type":"post","link":"https:\/\/www.tgrthaber.com\/mavikadin\/ajda-pekkan-sahne-tarziyla-dikkatleri-uzerine-cekti-superstarin-sahne-kostumu-olay-oldu\/","title":{"rendered":"Ajda Pekkan sahne tarz\u0131yla dikkatleri \u00fczerine \u00e7ekti! S\u00fcperstar&#8217;\u0131n sahne kost\u00fcm\u00fc olay oldu"},"content":{"rendered":"<p>S\u00fcperstar olarak adland\u0131r\u0131lan Ajda Pekkan, konserlerine h\u0131z kesmeden devam ediyor. Ajda Pekkan hem sahne performans\u0131yla hem de kost\u00fcmleriyle dikkat \u00e7ekiyor. Pekkan\u2019\u0131n son giydi\u011fi sahne kost\u00fcm\u00fc herkes taraf\u0131ndan \u00e7ok konu\u015fuldu. S\u00fcperstar Ajda Pekkan, sahne performans\u0131yla herkesi etkiledi.<\/p>\n<p>T&uuml;rk pop m&uuml;zi\u011fin usta isimlerinden Ajda Pekkan, 1970&rsquo;li y\u0131llardan itibaren S&uuml;perstar lakab\u0131yla tan\u0131n\u0131yor. G&uuml;&ccedil;l&uuml; sesiyle T&uuml;rk pop m&uuml;zi\u011fine y&ouml;n veren S&uuml;perstar, konser vermeye devam ediyor. 78 ya\u015f\u0131nda olmas\u0131na ra\u011fmen konser vermeye devam eden S&uuml;perstar&rsquo;\u0131n sahne performans\u0131 ve kost&uuml;mleri dikkat &ccedil;ekiyor.<\/p>\n<h3><strong>SEY\u0130RC\u0130LER\u0130 KIZDIRMI\u015eTI!<\/strong><\/h3>\n<p>S&uuml;perstar Ajda Pekkan, ge&ccedil;ti\u011fimiz aylarda \u0130zmir Efes Antik Tiyatro&rsquo;daki konserine belirlenen saatte &ccedil;\u0131kmam\u0131\u015f ve seyirciyi bekletmi\u015fti. Belirlenen saatte sahneye &ccedil;\u0131kmayan Pekkan, seyirci taraf\u0131ndan tepki g&ouml;rm&uuml;\u015f ve yuhlanm\u0131\u015ft\u0131.<\/p>\n<p><img decoding=\"async\" src=\"https:\/\/www.tgrthaber.com\/mavikadin\/wp-content\/images\/haberler\/24-11\/09\/adsiz-tasarim-3.jpg\" alt=\"\" title=\"\"><\/p>\n<p>S&uuml;perstar Pekkan, ge&ccedil;ti\u011fimiz aylarda \u0130zmir&rsquo;de Efes Antik Tiyatro sahnesinde m&uuml;zik severlerle bulu\u015fmu\u015ftu. Pekkan, 21.00&rsquo;da ba\u015flamas\u0131 gereken konserine yakla\u015f\u0131k bir saat kadar ge&ccedil; &ccedil;\u0131k\u0131nca dinleyicinin tepkilerini alm\u0131\u015ft\u0131.<\/p>\n<p>Pekkan&rsquo;\u0131n bu davran\u0131\u015f\u0131n\u0131n &uuml;zerine dinleyiciler sosyal medya hesaplar\u0131ndan tepki g&ouml;stermi\u015f ve &ccedil;e\u015fitli ele\u015ftirilerde bulunmu\u015ftu. Hatta baz\u0131 dinleyiciler alan\u0131 terk etmi\u015fti.<\/p>\n<h3><strong>&Ouml;Z&Uuml;R D\u0130LED\u0130!<\/strong><\/h3>\n<p>Pekkan, sahneye ge&ccedil; &ccedil;\u0131kt\u0131\u011f\u0131 i&ccedil;in seyircilerden &ouml;z&uuml;r diledi. Seyirciyi bir saat boyunca bekleten Pekkan: &ldquo;De\u011ferli alk\u0131\u015flar\u0131n\u0131z i&ccedil;in &ccedil;ok ama &ccedil;ok ama &ccedil;ok te\u015fekk&uuml;r ederim. Efendim, kusura bakmay\u0131n. Yemin ediyorum bu ak\u015fam neler &ccedil;ekti\u011fimi bir bilseniz&#8230; Ben, hi&ccedil; b&ouml;yle tahmin etmedim. Mesafeler a&ccedil;\u0131s\u0131ndan b&ouml;yle yerlerin &ouml;n provas\u0131 yap\u0131lam\u0131yor. Benim y&uuml;z&uuml;mden sizler de &ccedil;ok beklediniz biliyorum. Bu y&uuml;zden &ccedil;ok &ouml;z&uuml;r diliyorum&#8221; ifadelerini kullanm\u0131\u015ft\u0131.<\/p>\n<p><img decoding=\"async\" src=\"https:\/\/www.tgrthaber.com\/mavikadin\/wp-content\/images\/haberler\/24-11\/09\/adsiz-tasarim-4.jpg\" alt=\"\" title=\"\"><\/p>\n<h3><strong>SAHNE TARZI G&Uuml;NDEM OLDU!<\/strong><\/h3>\n<p>Hem sahne performans\u0131 hem de kost&uuml;mleriyle dikkatleri &uuml;zerine &ccedil;eken Ajda Pekkan&rsquo;\u0131n, son konserinde giydi\u011fi sahne kost&uuml;m&uuml; olay oldu. Konserlerine h\u0131z kesmeden devam eden Pekkan, yaln\u0131zca sesiyle de\u011fil sahne performans\u0131 ve kost&uuml;m&uuml;yle de herkesin dikkatini &ccedil;ekiyor.<\/p>\n<p>Her konserinde farkl\u0131 kost&uuml;m giyen ve sahne performans\u0131na olduk&ccedil;a dikkat eden Pekkan, son giydi\u011fi kost&uuml;mle herkesi kendine hayran b\u0131rakt\u0131. Kendine has tarz\u0131yla dikkatleri &uuml;zerine toplayan Pekkan, 78 ya\u015f\u0131nda olmas\u0131na ra\u011fmen gen&ccedil; k\u0131zlara ta\u015f &ccedil;\u0131karmaya devam ediyor. Pekkan&rsquo;\u0131n son konserinde giydi\u011fi sahne kost&uuml;m&uuml; de herkesin dikkatini &ccedil;ekti. Pekkan, her zamanki gibi kendi tarz\u0131n\u0131 sahnede konu\u015fturdu. \u0130\u015fte Pekkan&rsquo;\u0131n &ccedil;ok konu\u015fulan sahne kost&uuml;m&uuml;&hellip;&nbsp;<\/p>\n<p><img decoding=\"async\" src=\"https:\/\/www.tgrthaber.com\/mavikadin\/wp-content\/images\/haberler\/24-11\/09\/adsiz-tasarim-6.jpg\" alt=\"\" title=\"\"><\/p><\/p>\n","protected":false},"excerpt":{"rendered":"<p>S\u00fcperstar olarak adland\u0131r\u0131lan Ajda Pekkan, konserlerine h\u0131z kesmeden devam ediyor. Ajda Pekkan hem sahne performans\u0131yla hem de kost\u00fcmleriyle dikkat \u00e7ekiyor. Pekkan\u2019\u0131n son giydi\u011fi sahne kost\u00fcm\u00fc herkes taraf\u0131ndan \u00e7ok konu\u015fuldu. S\u00fcperstar Ajda Pekkan, sahne performans\u0131yla herkesi etkiledi. T&uuml;rk pop m&uuml;zi\u011fin usta isimlerinden Ajda Pekkan, 1970&rsquo;li y\u0131llardan itibaren S&uuml;perstar lakab\u0131yla tan\u0131n\u0131yor. G&uuml;&ccedil;l&uuml; sesiyle T&uuml;rk pop m&uuml;zi\u011fine y&ouml;n [&hellip;]<\/p>\n","protected":false},"author":26,"featured_media":94046,"comment_status":"closed","ping_status":"open","sticky":false,"template":"","format":"standard","meta":{"rank_math_lock_modified_date":false,"footnotes":""},"categories":[76],"tags":[3546,1645,40376,40391],"class_list":["post-94047","post","type-post","status-publish","format-standard","has-post-thumbnail","hentry","category-magazin","tag-ajda-pekkan","tag-konser","tag-sahne-kostumu","tag-superstar"],"_links":{"self":[{"href":"https:\/\/www.tgrthaber.com\/mavikadin\/wp-json\/wp\/v2\/posts\/94047"}],"collection":[{"href":"https:\/\/www.tgrthaber.com\/mavikadin\/wp-json\/wp\/v2\/posts"}],"about":[{"href":"https:\/\/www.tgrthaber.com\/mavikadin\/wp-json\/wp\/v2\/types\/post"}],"author":[{"embeddable":true,"href":"https:\/\/www.tgrthaber.com\/mavikadin\/wp-json\/wp\/v2\/users\/26"}],"replies":[{"embeddable":true,"href":"https:\/\/www.tgrthaber.com\/mavikadin\/wp-json\/wp\/v2\/comments?post=94047"}],"version-history":[{"count":1,"href":"https:\/\/www.tgrthaber.com\/mavikadin\/wp-json\/wp\/v2\/posts\/94047\/revisions"}],"predecessor-version":[{"id":94048,"href":"https:\/\/www.tgrthaber.com\/mavikadin\/wp-json\/wp\/v2\/posts\/94047\/revisions\/94048"}],"wp:featuredmedia":[{"embeddable":true,"href":"https:\/\/www.tgrthaber.com\/mavikadin\/wp-json\/wp\/v2\/media\/94046"}],"wp:attachment":[{"href":"https:\/\/www.tgrthaber.com\/mavikadin\/wp-json\/wp\/v2\/media?parent=94047"}],"wp:term":[{"taxonomy":"category","embeddable":true,"href":"https:\/\/www.tgrthaber.com\/mavikadin\/wp-json\/wp\/v2\/categories?post=94047"},{"taxonomy":"post_tag","embeddable":true,"href":"https:\/\/www.tgrthaber.com\/mavikadin\/wp-json\/wp\/v2\/tags?post=94047"}],"curies":[{"name":"wp","href":"https:\/\/api.w.org\/{rel}","templated":true}]}}