{"id":94122,"date":"2024-11-12T12:39:00","date_gmt":"2024-11-12T09:39:00","guid":{"rendered":"https:\/\/new1.mavikadin.com\/?p=94122"},"modified":"2024-11-16T01:31:00","modified_gmt":"2024-11-15T22:31:00","slug":"deha-dizisi-oyuncusu-aras-bulut-iynemlinin-bolum-basina-aldigi-ucret-dudak-ucuklatti","status":"publish","type":"post","link":"https:\/\/www.tgrthaber.com\/mavikadin\/deha-dizisi-oyuncusu-aras-bulut-iynemlinin-bolum-basina-aldigi-ucret-dudak-ucuklatti\/","title":{"rendered":"&#8216;Deha&#8217; dizisi oyuncusu Aras Bulut \u0130ynemli&#8217;nin b\u00f6l\u00fcm ba\u015f\u0131na ald\u0131\u011f\u0131 \u00fccret dudak u\u00e7uklatt\u0131!"},"content":{"rendered":"<p>Show TV&#8217;nin en iddial\u0131 dizilerinden olan &#8216;Deha&#8217; dizisi yay\u0131nland\u0131\u011f\u0131 ilk b\u00f6l\u00fcmden itibaren izleyicilerin g\u00f6zde dizisi olmay\u0131 ba\u015fard\u0131. \u00dcst\u00fcn oyunculuk performans\u0131yla kendisini hayran b\u0131rakan oyuncu Aras Bulut \u0130ynemli&#8217;nin b\u00f6l\u00fcm ba\u015f\u0131na ald\u0131\u011f\u0131 \u00fccret ise duyanlar\u0131n duda\u011f\u0131n\u0131 u\u00e7uklat\u0131yor. \u0130\u015fte oyuncunun her b\u00f6l\u00fcm ba\u015f\u0131nda ald\u0131\u011f\u0131 servet de\u011ferinde \u00fccret miktar\u0131&#8230;<\/p>\n<p>Show TV kanal\u0131nda yay\u0131nlanarak her pazar ak\u015fam\u0131 saat 20.00&#8217;da ekrana verilen &#8216;Deha&#8217; dizisi yeni sezonun en iddial\u0131 dizilerinden biri olmay\u0131 ba\u015fard\u0131. Bir d&ouml;neme damga vuran en pop&uuml;ler dizilerden olan &#8216;&Ouml;yle Bir Ge&ccedil;er Zaman Ki&#8217; dizisinde &#8216;Mete&#8217; karakteriyle &uuml;n kazan\u0131p ad\u0131n\u0131 geni\u015f kitleye duyuran yetenekli oyuncu Aras Bulut \u0130ynemli, y\u0131llar sonra yeniden televizyon ekranlar\u0131na geri d&ouml;nd&uuml;.<\/p>\n<p><img decoding=\"async\" src=\"https:\/\/www.tgrthaber.com\/mavikadin\/wp-content\/images\/haberler\/24-11\/12\/deha.jpg\" alt=\"\" title=\"\"><\/p>\n<p>Show TV&#8217;nin severek takip edilen dizilerinden olan &#8216;Deha&#8217; dizisinin oyuncu kadrosunda birbirinden yetenekli isimler yerini ald\u0131. U\u011fur Polat, Taner &Ouml;lmez, Ahsen Ero\u011flu gibi isimler e\u015flik etti\u011fi dizi \u015fimdiden en pop&uuml;ler dizilerden biri olup reyting rekorlar\u0131 k\u0131rmaya do\u011fru gidiyor.<\/p>\n<p><img decoding=\"async\" src=\"https:\/\/www.tgrthaber.com\/mavikadin\/wp-content\/images\/haberler\/24-11\/12\/3736812_1920x1080.jpg\" alt=\"\" title=\"\"><\/p>\n<p>Her b&ouml;l&uuml;m&uuml; b&uuml;y&uuml;k bir be\u011feni ve merakla izlenen Deha dizisinde &ouml;zellikle&nbsp; ba\u015frol oyuncular\u0131ndan olan Aras Bulut \u0130ynemli&#8217;nin oyunculuk performans\u0131 alk\u0131\u015f al\u0131rken ba\u015far\u0131l\u0131 ismin b&ouml;l&uuml;m ba\u015f\u0131na ald\u0131\u011f\u0131 &uuml;cret ise hayranlar\u0131 taraf\u0131ndan merak uyand\u0131r\u0131yordu. Yay\u0131nlanan haberlerde &ouml;ne s&uuml;r&uuml;len iddialara g&ouml;re; ba\u015far\u0131l\u0131 oyuncu Aras Bulut \u0130ynemli&#8217;nin Deha&#8217;dan b&ouml;l&uuml;m ba\u015f\u0131na ald\u0131\u011f\u0131 &uuml;cret belli oldu. \u0130ddialara g&ouml;re Aras Bulut \u0130ynemli, Deha dizisinin her b&ouml;l&uuml;m&uuml; i&ccedil;in tam 1 milyon 500 bin TL kazand\u0131\u011f\u0131 &ouml;\u011frenildi.<\/p>\n<h3>DEHA D\u0130Z\u0130S\u0130 OYUNCUSU ARAS BULUT&#8217;UN &#8216;D\u0130Z\u0130DEK\u0130 KARDE\u015e\u0130YLE A\u015eK YA\u015eIYOR&#8217; \u0130DD\u0130ASI!<\/h3>\n<p>Yeni sezonun ba\u015far\u0131l\u0131 yap\u0131mlar\u0131 aras\u0131nda olup izleyicileri ekran ba\u015f\u0131na kilitlemeyi ba\u015faran Deha dizisinin ba\u015frol oyuncusu Aras Bulut \u0130ynemli, oyunculuk performans\u0131 kadar &ouml;zel hayat\u0131 da en &ccedil;ok konu\u015fulan isimlerden biri. &Uuml;nl&uuml; oyuncunun yeni a\u015fk\u0131 oldu\u011fu &ouml;\u011frenilen yeni isim herkesi \u015fa\u015f\u0131rtt\u0131.&nbsp;<\/p>\n<p><img decoding=\"async\" src=\"https:\/\/www.tgrthaber.com\/mavikadin\/wp-content\/images\/haberler\/24-11\/12\/ddd.png\" alt=\"\" title=\"\"><\/p>\n<p>&#8216;Deha&#8217; dizinin 34 ya\u015f\u0131ndaki yetenekli oyuncusu Aras Bulut \u0130ynemli, \u015fimdilerde a\u015fk hayat\u0131yla g&uuml;ndem konusu oldu. &Uuml;nl&uuml; oyuncu Aras Bulut \u0130ynemli&#8217;nin Deha dizisinde k\u0131z karde\u015fi rol&uuml;nde canland\u0131rd\u0131\u011f\u0131 23 ya\u015f\u0131ndaki Eyl&uuml;l Ers&ouml;z ile beraber ili\u015fki ya\u015fad\u0131klar\u0131 &ouml;ne s&uuml;r&uuml;ld&uuml;. &Uuml;nl&uuml; iklinin aralar\u0131nda 11 ya\u015f fark\u0131n\u0131n olmas\u0131 dikkat &ccedil;ekiyor.<\/p><\/p>\n","protected":false},"excerpt":{"rendered":"<p>Show TV&#8217;nin en iddial\u0131 dizilerinden olan &#8216;Deha&#8217; dizisi yay\u0131nland\u0131\u011f\u0131 ilk b\u00f6l\u00fcmden itibaren izleyicilerin g\u00f6zde dizisi olmay\u0131 ba\u015fard\u0131. \u00dcst\u00fcn oyunculuk performans\u0131yla kendisini hayran b\u0131rakan oyuncu Aras Bulut \u0130ynemli&#8217;nin b\u00f6l\u00fcm ba\u015f\u0131na ald\u0131\u011f\u0131 \u00fccret ise duyanlar\u0131n duda\u011f\u0131n\u0131 u\u00e7uklat\u0131yor. \u0130\u015fte oyuncunun her b\u00f6l\u00fcm ba\u015f\u0131nda ald\u0131\u011f\u0131 servet de\u011ferinde \u00fccret miktar\u0131&#8230; Show TV kanal\u0131nda yay\u0131nlanarak her pazar ak\u015fam\u0131 saat 20.00&#8217;da ekrana [&hellip;]<\/p>\n","protected":false},"author":27,"featured_media":94121,"comment_status":"closed","ping_status":"open","sticky":false,"template":"","format":"standard","meta":{"rank_math_lock_modified_date":false,"footnotes":""},"categories":[602],"tags":[2793,3398,44806,37983,51065],"class_list":["post-94122","post","type-post","status-publish","format-standard","has-post-thumbnail","hentry","category-diziler","tag-aras-bulut-iynemli","tag-deha-dizisi","tag-dizi-ucretleri","tag-turk-dizileri","tag-unlu-asklari"],"_links":{"self":[{"href":"https:\/\/www.tgrthaber.com\/mavikadin\/wp-json\/wp\/v2\/posts\/94122"}],"collection":[{"href":"https:\/\/www.tgrthaber.com\/mavikadin\/wp-json\/wp\/v2\/posts"}],"about":[{"href":"https:\/\/www.tgrthaber.com\/mavikadin\/wp-json\/wp\/v2\/types\/post"}],"author":[{"embeddable":true,"href":"https:\/\/www.tgrthaber.com\/mavikadin\/wp-json\/wp\/v2\/users\/27"}],"replies":[{"embeddable":true,"href":"https:\/\/www.tgrthaber.com\/mavikadin\/wp-json\/wp\/v2\/comments?post=94122"}],"version-history":[{"count":1,"href":"https:\/\/www.tgrthaber.com\/mavikadin\/wp-json\/wp\/v2\/posts\/94122\/revisions"}],"predecessor-version":[{"id":94123,"href":"https:\/\/www.tgrthaber.com\/mavikadin\/wp-json\/wp\/v2\/posts\/94122\/revisions\/94123"}],"wp:featuredmedia":[{"embeddable":true,"href":"https:\/\/www.tgrthaber.com\/mavikadin\/wp-json\/wp\/v2\/media\/94121"}],"wp:attachment":[{"href":"https:\/\/www.tgrthaber.com\/mavikadin\/wp-json\/wp\/v2\/media?parent=94122"}],"wp:term":[{"taxonomy":"category","embeddable":true,"href":"https:\/\/www.tgrthaber.com\/mavikadin\/wp-json\/wp\/v2\/categories?post=94122"},{"taxonomy":"post_tag","embeddable":true,"href":"https:\/\/www.tgrthaber.com\/mavikadin\/wp-json\/wp\/v2\/tags?post=94122"}],"curies":[{"name":"wp","href":"https:\/\/api.w.org\/{rel}","templated":true}]}}