{"id":94125,"date":"2024-11-12T13:55:00","date_gmt":"2024-11-12T10:55:00","guid":{"rendered":"https:\/\/new1.mavikadin.com\/?p=94125"},"modified":"2024-11-16T01:31:05","modified_gmt":"2024-11-15T22:31:05","slug":"her-seyin-basi-merkur-filminin-firati-alp-navruz-kimdir-alp-navruz-kac-yasinda-nereli","status":"publish","type":"post","link":"https:\/\/www.tgrthaber.com\/mavikadin\/her-seyin-basi-merkur-filminin-firati-alp-navruz-kimdir-alp-navruz-kac-yasinda-nereli\/","title":{"rendered":"Her \u015eeyin Ba\u015f\u0131 Merk\u00fcr filminin F\u0131rat\u2019\u0131 Alp Navruz kimdir? Alp Navruz ka\u00e7 ya\u015f\u0131nda, nereli?"},"content":{"rendered":"<p>\u201cHer \u015eeyin Ba\u015f\u0131 Merk\u00fcr\u201d filmi izleyici kar\u015f\u0131s\u0131na \u00e7\u0131kmaya g\u00fcn say\u0131yor. Seyircilerin merakla bekledi\u011fi filmin ba\u015frol oyuncular\u0131n\u0131n da kim oldu\u011fu merak ediliyor. Dizide ba\u015frol karakterlerden birine hayat verecek olan Alp Navruz\u2019un da kim oldu\u011fu merak ediliyor. Alp Navruz kimdir? Alp Navruz ka\u00e7 ya\u015f\u0131nda, nereli? \u0130\u015fte Alp Navruz hakk\u0131nda merak edilenler\u2026<\/p>\n<p>Ali Balc\u0131&rsquo;n\u0131n y&ouml;netmenli\u011fini yapt\u0131\u011f\u0131 ve Alp Navruz ve Sinem Kobal&rsquo;\u0131n ba\u015frollerini payla\u015ft\u0131\u011f\u0131 &ldquo;Her \u015eeyin Ba\u015f\u0131 Merk&uuml;r&rdquo; adl\u0131 sinema filmi izleyici ile bulu\u015fmaya g&uuml;n say\u0131yor. Ay\u015fe Bal\u0131bey&rsquo;in kitab\u0131ndan sinemaya uyarlanan &ldquo;Her \u015eeyin Ba\u015f\u0131 Merk&uuml;r&rdquo; filmi 13 Aral\u0131k 2024 tarihinde vizyona girmeye haz\u0131rlan\u0131yor. &ldquo;Her \u015eeyin Ba\u015f\u0131 Merk&uuml;r&rdquo; filmiyle seyirci ile bulu\u015facak Alp Navruz&rsquo;un kim oldu\u011fu merak ediliyor. \u0130\u015fte Alp Navruz hakk\u0131nda merak edilenler&hellip;<\/p>\n<h3><strong>ALP NAVRUZ K\u0130MD\u0130R?&nbsp;<\/strong><\/h3>\n<p>Alp Navruz, 15 Ocak 1990 tarihinde \u0130stanbul&rsquo;da d&uuml;nyaya geldi. Tam ad\u0131 Seyit Alp Navruz olan ba\u015far\u0131l\u0131 oyuncu, ilk, orta ve lise e\u011fitiminin ard\u0131ndan Y\u0131ld\u0131z Teknik &Uuml;niversitesi T&uuml;rk Dili ve Edebiyat\u0131 B&ouml;l&uuml;m&uuml;&rsquo;nden mezun olarak e\u011fitim hayat\u0131n\u0131 tamamlam\u0131\u015ft\u0131r.<\/p>\n<p><img decoding=\"async\" src=\"https:\/\/www.tgrthaber.com\/mavikadin\/wp-content\/images\/haberler\/24-11\/12\/adsiz-tasarim-64.jpg\" alt=\"\" title=\"\"><\/p>\n<p>E\u011fitim hayat\u0131n\u0131 s&uuml;rd&uuml;r&uuml;rken bir yandan da oyunculuk alan\u0131nda kendini geli\u015ftiren Navruz, ilk profesyonel oyunculuk deneyimini 2016 y\u0131l\u0131nda Show TV ekranlar\u0131nda izleyici kar\u015f\u0131s\u0131na &ccedil;\u0131kan &ldquo;A\u015fk Laftan Anlamaz&rdquo; dizisiyle ya\u015fad\u0131.<\/p>\n<h3><strong>ALP NAVRUZ KA&Ccedil; YA\u015eINDA?<\/strong><\/h3>\n<p>\u015eimdilerde 34 ya\u015f\u0131nda olan ba\u015far\u0131l\u0131 oyuncu Alp Navruz, 2017-2018 y\u0131llar\u0131nda yay\u0131mlanan &ldquo;Fazilet Han\u0131m ve K\u0131zlar\u0131&rdquo; dizisiyle oyunculuk kariyerinde zirveye ula\u015ft\u0131. Fazilet Han\u0131m ve K\u0131zlar\u0131 dizisiyle &uuml;n kazanan Alp Navruz daha sonra &ldquo;Elimi B\u0131rakma&rdquo; dizisiyle izleyici kar\u015f\u0131s\u0131na &ccedil;\u0131kt\u0131. Navruz&rsquo;un Elimi B\u0131rakma dizisinde canland\u0131rd\u0131\u011f\u0131 Cenk karakteri izleyici taraf\u0131ndan olduk&ccedil;a sevildi.<\/p>\n<p><img decoding=\"async\" src=\"https:\/\/www.tgrthaber.com\/mavikadin\/wp-content\/images\/haberler\/24-11\/12\/adsiz-tasarim-65.jpg\" alt=\"\" title=\"\"><\/p>\n<h3><strong>S\u0130NEMA F\u0130LM\u0130YLE SEY\u0130RC\u0130YLE BULU\u015eUYOR!<\/strong><\/h3>\n<p>Ba\u015far\u0131l\u0131 oyunculu\u011funu kendini geli\u015ftirerek g&ouml;steren Alp Navruz, son olarak Senden &Ouml;nce dizisiyle ekranlara &ccedil;\u0131kt\u0131. \u015eimdilerde Sinem Kobal ile ba\u015frol payla\u015fan ba\u015far\u0131l\u0131 oyuncu &ldquo;Her \u015eeyin Ba\u015f\u0131 Merk&uuml;r&rdquo; filmiyle seyirci kar\u015f\u0131s\u0131na &ccedil;\u0131kmaya haz\u0131rlan\u0131yor. &ldquo;Her \u015eeyin Ba\u015f\u0131 Merk&uuml;r&rdquo; filminde F\u0131rat karakterine can verecek Alp Navruz&rsquo;un sergileyece\u011fi performansta olduk&ccedil;a merak ediliyor.<\/p><\/p>\n","protected":false},"excerpt":{"rendered":"<p>\u201cHer \u015eeyin Ba\u015f\u0131 Merk\u00fcr\u201d filmi izleyici kar\u015f\u0131s\u0131na \u00e7\u0131kmaya g\u00fcn say\u0131yor. Seyircilerin merakla bekledi\u011fi filmin ba\u015frol oyuncular\u0131n\u0131n da kim oldu\u011fu merak ediliyor. Dizide ba\u015frol karakterlerden birine hayat verecek olan Alp Navruz\u2019un da kim oldu\u011fu merak ediliyor. Alp Navruz kimdir? Alp Navruz ka\u00e7 ya\u015f\u0131nda, nereli? \u0130\u015fte Alp Navruz hakk\u0131nda merak edilenler\u2026 Ali Balc\u0131&rsquo;n\u0131n y&ouml;netmenli\u011fini yapt\u0131\u011f\u0131 ve Alp [&hellip;]<\/p>\n","protected":false},"author":26,"featured_media":94124,"comment_status":"closed","ping_status":"open","sticky":false,"template":"","format":"standard","meta":{"rank_math_lock_modified_date":false,"footnotes":""},"categories":[491],"tags":[152,489,53585,2726,38423],"class_list":["post-94125","post","type-post","status-publish","format-standard","has-post-thumbnail","hentry","category-biyografi","tag-alp-navruz","tag-firat","tag-merkur-filmi","tag-sinem-kobal","tag-turk-oyuncular"],"_links":{"self":[{"href":"https:\/\/www.tgrthaber.com\/mavikadin\/wp-json\/wp\/v2\/posts\/94125"}],"collection":[{"href":"https:\/\/www.tgrthaber.com\/mavikadin\/wp-json\/wp\/v2\/posts"}],"about":[{"href":"https:\/\/www.tgrthaber.com\/mavikadin\/wp-json\/wp\/v2\/types\/post"}],"author":[{"embeddable":true,"href":"https:\/\/www.tgrthaber.com\/mavikadin\/wp-json\/wp\/v2\/users\/26"}],"replies":[{"embeddable":true,"href":"https:\/\/www.tgrthaber.com\/mavikadin\/wp-json\/wp\/v2\/comments?post=94125"}],"version-history":[{"count":1,"href":"https:\/\/www.tgrthaber.com\/mavikadin\/wp-json\/wp\/v2\/posts\/94125\/revisions"}],"predecessor-version":[{"id":94126,"href":"https:\/\/www.tgrthaber.com\/mavikadin\/wp-json\/wp\/v2\/posts\/94125\/revisions\/94126"}],"wp:featuredmedia":[{"embeddable":true,"href":"https:\/\/www.tgrthaber.com\/mavikadin\/wp-json\/wp\/v2\/media\/94124"}],"wp:attachment":[{"href":"https:\/\/www.tgrthaber.com\/mavikadin\/wp-json\/wp\/v2\/media?parent=94125"}],"wp:term":[{"taxonomy":"category","embeddable":true,"href":"https:\/\/www.tgrthaber.com\/mavikadin\/wp-json\/wp\/v2\/categories?post=94125"},{"taxonomy":"post_tag","embeddable":true,"href":"https:\/\/www.tgrthaber.com\/mavikadin\/wp-json\/wp\/v2\/tags?post=94125"}],"curies":[{"name":"wp","href":"https:\/\/api.w.org\/{rel}","templated":true}]}}