{"id":94128,"date":"2024-11-12T16:04:00","date_gmt":"2024-11-12T13:04:00","guid":{"rendered":"https:\/\/new1.mavikadin.com\/?p=94128"},"modified":"2024-11-16T01:31:10","modified_gmt":"2024-11-15T22:31:10","slug":"gulsim-alinin-kardesi-kenan-ali-kimdir-kenan-ali-kac-yasinda-ne-is-yapiyor","status":"publish","type":"post","link":"https:\/\/www.tgrthaber.com\/mavikadin\/gulsim-alinin-kardesi-kenan-ali-kimdir-kenan-ali-kac-yasinda-ne-is-yapiyor\/","title":{"rendered":"G\u00fclsim Ali\u2019nin karde\u015fi Kenan Ali kimdir? Kenan Ali ka\u00e7 ya\u015f\u0131nda ne i\u015f yap\u0131yor?"},"content":{"rendered":"<p>TRT1 ekranlar\u0131n\u0131n reyting rekortmeni dizisi G\u00f6n\u00fcl Da\u011f\u0131\u2019n\u0131n Dilek\u2019i G\u00fclsim Ali\u2019nin karde\u015fi g\u00fcndem oldu. Ba\u015far\u0131l\u0131 oyuncu G\u00fclsim Ali, karde\u015fi Kenan Ali ile Kakt\u00fcs \u00c7i\u00e7e\u011fi oyununun galas\u0131na kat\u0131ld\u0131. G\u00fclsim Ali, kat\u0131ld\u0131\u011f\u0131 galada gazetecilerin sorular\u0131n\u0131 yan\u0131tlad\u0131. Galada G\u00fclsim Ali\u2019nin karde\u015fi Kenan Ali\u2019de olduk\u00e7a dikkat \u00e7ekti. Dikkatleri \u00fczerine \u00e7eken Kenan Ali\u2019nin kim oldu\u011fu merak ediliyor. \u0130\u015fte Kenan Ali hakk\u0131nda merak edilenler\u2026<\/p>\n<p>G&ouml;n&uuml;l Da\u011f\u0131 dizisiyle haf\u0131zalara kaz\u0131nan ba\u015far\u0131l\u0131 oyuncu G&uuml;lsim Ali, karde\u015fi Kenan Ali ile birlikte Kakt&uuml;s &Ccedil;i&ccedil;e\u011fi tiyatro oyununun galas\u0131na kat\u0131ld\u0131. Galada herkesin dikkatini &ccedil;eken Kenan Ali&rsquo;nin kim oldu\u011fu merak edildi. Peki, Kenan Ali kimdir? Kenan Ali ka&ccedil; ya\u015f\u0131nda ne i\u015f yap\u0131yor?<\/p>\n<h3><strong>KENAN AL\u0130 K\u0130MD\u0130R?<\/strong><\/h3>\n<p>Kenan Ali, ablas\u0131 G&uuml;lsim Ali ile Kakt&uuml;s &Ccedil;i&ccedil;e\u011fi tiyatro oyununun galas\u0131na kat\u0131ld\u0131. Galata dikkatleri &uuml;zerine &ccedil;eken Kenan Ali herkes taraf\u0131ndan merak edildi. Kenan Ali&rsquo;nin ablas\u0131 gibi oyuncu olup olmayaca\u011f\u0131 da ekstra merak edildi.<\/p>\n<p>Kenan Ali, ablas\u0131 gibi oyuncu olma yolunda ilerliyor. Boks&ouml;r olan Kenan Ali, \u015fimdilerde oyunculuk dersleri al\u0131yor.<\/p>\n<p>Azra Ak\u0131n gibi ba\u015far\u0131l\u0131 isimlerin yer ald\u0131\u011f\u0131 Kakt&uuml;s &Ccedil;i&ccedil;e\u011fi tiyatro oyununun galas\u0131na karde\u015fi Kenan Ali ile kat\u0131lan G&uuml;lsim Ali, gazetecilerin sorular\u0131n\u0131 yan\u0131tlad\u0131. &nbsp;<\/p>\n<h3><strong>OYUNCU OLMA YOLUNDA \u0130LERL\u0130YOR!<\/strong><\/h3>\n<p>Abl\u015fa karde\u015f gazetecilerin sorular\u0131n\u0131 yan\u0131tlayan ikiliden Kenan Ali, \u0130stanbul&#8217;a 3 ay &ouml;nce geldi\u011fini belirterek oyuncu olmak istedi\u011fini dile getirdi. Oyuncu G&uuml;lsim Ali ise karde\u015finin T&uuml;rk&ccedil;esini geli\u015ftirmek i&ccedil;in &ccedil;al\u0131\u015ft\u0131\u011f\u0131n\u0131 ve oyunculuk e\u011fitimi ald\u0131\u011f\u0131n\u0131 a&ccedil;\u0131klad\u0131.&nbsp;<\/p>\n<p><img decoding=\"async\" src=\"https:\/\/www.tgrthaber.com\/mavikadin\/wp-content\/images\/haberler\/24-11\/12\/adsiz-tasarim-72.jpg\" alt=\"\" title=\"\"><\/p>\n<p>Muhabirlerin karde\u015finizde \u0131\u015f\u0131k g&ouml;rd&uuml;n&uuml;z m&uuml;? sorusu &uuml;zerine G&uuml;lsim Ali, &#8220;Bu kadar olabilece\u011fini d&uuml;\u015f&uuml;nmedim&#8221; \u015feklinde yan\u0131t verdi. <br \/>&#8220;Karde\u015finizle beraber bir projede oynama hayaliniz var m\u0131?&#8221; sorusuna ise G&uuml;lsim Ali, &#8220;\u0130n\u015fallah neden olmas\u0131n&#8221; \u015feklinde cevap verdi.<\/p>\n<p>Karde\u015fi ile benzerlikleri dikkatlerden ka&ccedil;mayan &uuml;nl&uuml; oyuncu G&uuml;lsim Ali, Kenan Ali ile ge&ccedil;ti\u011fimiz haftalarda \u0130rem Helvac\u0131o\u011flu ve Ural Kaspar&rsquo;\u0131n d&uuml;\u011f&uuml;n&uuml;ne kat\u0131lm\u0131\u015ft\u0131.<\/p>\n","protected":false},"excerpt":{"rendered":"<p>TRT1 ekranlar\u0131n\u0131n reyting rekortmeni dizisi G\u00f6n\u00fcl Da\u011f\u0131\u2019n\u0131n Dilek\u2019i G\u00fclsim Ali\u2019nin karde\u015fi g\u00fcndem oldu. Ba\u015far\u0131l\u0131 oyuncu G\u00fclsim Ali, karde\u015fi Kenan Ali ile Kakt\u00fcs \u00c7i\u00e7e\u011fi oyununun galas\u0131na kat\u0131ld\u0131. G\u00fclsim Ali, kat\u0131ld\u0131\u011f\u0131 galada gazetecilerin sorular\u0131n\u0131 yan\u0131tlad\u0131. Galada G\u00fclsim Ali\u2019nin karde\u015fi Kenan Ali\u2019de olduk\u00e7a dikkat \u00e7ekti. Dikkatleri \u00fczerine \u00e7eken Kenan Ali\u2019nin kim oldu\u011fu merak ediliyor. \u0130\u015fte Kenan Ali hakk\u0131nda [&hellip;]<\/p>\n","protected":false},"author":26,"featured_media":94127,"comment_status":"closed","ping_status":"open","sticky":false,"template":"","format":"standard","meta":{"rank_math_lock_modified_date":false,"footnotes":""},"categories":[491],"tags":[3687,11850,59833,59834,38423],"class_list":["post-94128","post","type-post","status-publish","format-standard","has-post-thumbnail","hentry","category-biyografi","tag-gonul-dagi","tag-gulsim-ali","tag-kenan-ali","tag-kenan-ali-kimdir","tag-turk-oyuncular"],"_links":{"self":[{"href":"https:\/\/www.tgrthaber.com\/mavikadin\/wp-json\/wp\/v2\/posts\/94128"}],"collection":[{"href":"https:\/\/www.tgrthaber.com\/mavikadin\/wp-json\/wp\/v2\/posts"}],"about":[{"href":"https:\/\/www.tgrthaber.com\/mavikadin\/wp-json\/wp\/v2\/types\/post"}],"author":[{"embeddable":true,"href":"https:\/\/www.tgrthaber.com\/mavikadin\/wp-json\/wp\/v2\/users\/26"}],"replies":[{"embeddable":true,"href":"https:\/\/www.tgrthaber.com\/mavikadin\/wp-json\/wp\/v2\/comments?post=94128"}],"version-history":[{"count":1,"href":"https:\/\/www.tgrthaber.com\/mavikadin\/wp-json\/wp\/v2\/posts\/94128\/revisions"}],"predecessor-version":[{"id":94129,"href":"https:\/\/www.tgrthaber.com\/mavikadin\/wp-json\/wp\/v2\/posts\/94128\/revisions\/94129"}],"wp:featuredmedia":[{"embeddable":true,"href":"https:\/\/www.tgrthaber.com\/mavikadin\/wp-json\/wp\/v2\/media\/94127"}],"wp:attachment":[{"href":"https:\/\/www.tgrthaber.com\/mavikadin\/wp-json\/wp\/v2\/media?parent=94128"}],"wp:term":[{"taxonomy":"category","embeddable":true,"href":"https:\/\/www.tgrthaber.com\/mavikadin\/wp-json\/wp\/v2\/categories?post=94128"},{"taxonomy":"post_tag","embeddable":true,"href":"https:\/\/www.tgrthaber.com\/mavikadin\/wp-json\/wp\/v2\/tags?post=94128"}],"curies":[{"name":"wp","href":"https:\/\/api.w.org\/{rel}","templated":true}]}}