{"id":94182,"date":"2024-11-14T12:27:00","date_gmt":"2024-11-14T09:27:00","guid":{"rendered":"https:\/\/new1.mavikadin.com\/?p=94182"},"modified":"2024-11-16T01:33:14","modified_gmt":"2024-11-15T22:33:14","slug":"fatima-azimoglu-kimdir-neden-gundem-oldu-doktorluk-mu-yapiyor","status":"publish","type":"post","link":"https:\/\/www.tgrthaber.com\/mavikadin\/fatima-azimoglu-kimdir-neden-gundem-oldu-doktorluk-mu-yapiyor\/","title":{"rendered":"Fatima Azimo\u011flu kimdir? Neden g\u00fcndem oldu, doktorluk mu yap\u0131yor?"},"content":{"rendered":"<p>Sosyal medya fenomeni olarak tan\u0131nan Alp K\u0131l\u0131n\u00e7, Fatima Azimo\u011flu ad\u0131ndaki g\u00fczellik merkezi sahibinin insanlar\u0131 doland\u0131rd\u0131\u011f\u0131n\u0131 iddia etti. Bunun \u00fczerine Fatima Azimo\u011flu\u2019nun kim oldu\u011fu merak edildi. Fatima Azimo\u011flu kimdir? Fatima Azimo\u011flu neden g\u00fcndem oldu? Fatima Azimo\u011flu doktor mu? Fatima Azimo\u011flu hakk\u0131nda merak edilenleri sizin i\u00e7in ara\u015ft\u0131rd\u0131k. \u0130\u015fte Fatima Azimo\u011flu hakk\u0131nda merak edilenler&#8230;<\/p>\n<p><span data-contrast=\"auto\">Sosyal medya fenomeni olarak tan\u0131nan Alp K\u0131l\u0131n&ccedil;, ge&ccedil;ti\u011fimiz g&uuml;n g&uuml;zellik ve estetik sekt&ouml;r&uuml;nde ya\u015fanan yasa d\u0131\u015f\u0131 uygulamalar\u0131 if\u015fa etti. K\u0131l\u0131n&ccedil;, Fatima Azimo\u011flu ad\u0131nda bir g&uuml;zellik salonu sahibinin ismini vererek diplomal\u0131 olmayan ve yetkisiz ki\u015filer taraf\u0131ndan yap\u0131lan medikal m&uuml;dahaleleri sosyal medya hesab\u0131ndan payla\u015farak g&uuml;zellik salonu sahibini if\u015fa etti. <\/span><span data-ccp-props=\"{}\">&nbsp;<\/span><\/p>\n<h3><strong>FAT\u0130MA AZ\u0130MO\u011eLU K\u0130MD\u0130R?&nbsp;<\/strong><\/h3>\n<p><span data-contrast=\"auto\">Sosyal medya hesab\u0131nda 15 bin 600 takip&ccedil;iye sahip olan Fatima Azimo\u011flu, ger&ccedil;ek ismi Fatma Azimo\u011flu oldu\u011fu iddia edilen, diplomas\u0131z ve yetkisiz olarak medikal ve cerrahi m&uuml;dahaleler uygulad\u0131\u011f\u0131 &ouml;ne s&uuml;r&uuml;len, yabanc\u0131 bir g&uuml;zellik merkezi sahibi olarak kar\u015f\u0131m\u0131za &ccedil;\u0131k\u0131yor. <\/span><span data-ccp-props=\"{}\">&nbsp;<\/span><\/p>\n<p><span data-ccp-props=\"{}\"><img decoding=\"async\" src=\"https:\/\/www.tgrthaber.com\/mavikadin\/wp-content\/images\/haberler\/24-11\/14\/adsiz-tasarim-5.jpg\" alt=\"\" title=\"\"><\/span><\/p>\n<p><span data-contrast=\"auto\">Ayn\u0131 zamanda Fatima Azimo\u011flu&rsquo;nun ger&ccedil;ek ad\u0131n\u0131 sa\u011fl\u0131k sekt&ouml;r&uuml;nde kullanmad\u0131\u011f\u0131, diplomas\u0131z bir \u015fekilde doktor olarak kendini g&ouml;sterdi\u011fi biliniyor. Fatima Azimo\u011flu&rsquo;nun Ankara&rsquo;da Bakanl\u0131kta tan\u0131klar\u0131n\u0131n oldu\u011fu ve hi&ccedil;bir denetime t&acirc;bi olmad\u0131\u011f\u0131 da s&ouml;yleniyor. \u0130lkokul mezunu olan Fatima Azimo\u011flu&rsquo;nun devlete bir kuru\u015f vermeden her ay sa\u011fl\u0131k sekt&ouml;r&uuml;nde milyon liralar kazand\u0131\u011f\u0131 biliniyor. <\/span><span data-ccp-props=\"{}\">&nbsp;<\/span><\/p>\n<h3><strong> FAT\u0130MA AZ\u0130MO\u011eLU NEDEN G&Uuml;NDEM OLDU?&nbsp;<\/strong><\/h3>\n<p><span data-contrast=\"auto\">Sosyal medya fenomeni olarak tan\u0131nan Alp K\u0131l\u0131n&ccedil;&rsquo;\u0131n sosyal medya hesaplar\u0131ndan yapt\u0131\u011f\u0131 payla\u015f\u0131m herkesi \u015fa\u015f\u0131rtt\u0131. &Uuml;nl&uuml; fenomen, sosyal medya hesaplar\u0131ndan Fatima Azimo\u011flu ad\u0131nda bir g&uuml;zellik sahibinin sahte doktor oldu\u011funu ve vergisiz bir \u015fekilde milyon liralar kazand\u0131\u011f\u0131n\u0131 iddia etti. <\/span><span data-ccp-props=\"{}\">&nbsp;<\/span><\/p>\n<p><span data-contrast=\"auto\">Alp K\u0131l\u0131n&ccedil; sosyal medya hesab\u0131ndan yapt\u0131\u011f\u0131 payla\u015f\u0131mla: &ldquo;Merhabalar, ben Fatima Azimo\u011flu. Ger&ccedil;ek ismimi bile sa\u011fl\u0131k sekt&ouml;r&uuml;nde kullanm\u0131yorum. Diplomas\u0131z bir \u015fekilde ortal\u0131kta doktor olarak geziyorum. Ankara&#8217;da, Bakanl\u0131kta tan\u0131d\u0131klar\u0131m sayesinde hi&ccedil;bir denetimden ge&ccedil;miyorum. Sizler, e\u015fek gibi y\u0131llarca okuyup gece g&uuml;nd&uuml;z &ccedil;al\u0131\u015f\u0131p diplomal\u0131 h&acirc;kim, savc\u0131, doktor olmaya &ccedil;al\u0131\u015f\u0131rken; ben, ilkokul mezunu ve devlete bir kuru\u015f vergi vermeden her ay sa\u011fl\u0131k sekt&ouml;r&uuml;nde milyonlar kazan\u0131yorum.&rdquo; ifadelerine yer verdi. <\/span><span data-ccp-props=\"{}\">&nbsp;<\/span><\/p>\n<p><span data-ccp-props=\"{}\"><img decoding=\"async\" src=\"https:\/\/www.tgrthaber.com\/mavikadin\/wp-content\/images\/haberler\/24-11\/14\/adsiz-tasarim-1.jpg\" alt=\"\" title=\"\"><\/span><\/p>\n<p><span data-contrast=\"auto\">Payla\u015f\u0131mlar\u0131na devam eden Alp K\u0131l\u0131n&ccedil;: &ldquo;&Uuml;lkenin her yeri diplomas\u0131z, denetimsiz insanlar taraf\u0131ndan y&ouml;netiliyor! Sa\u011fl\u0131k sekt&ouml;r&uuml;nde gitti\u011finiz kliniklerin &ccedil;o\u011funda ne ruhsat var ne&nbsp;belge ne de doktor! Sekt&ouml;r o kadar yozla\u015fm\u0131\u015f ki, ruhsatl\u0131 kliniklerin bile bir&ccedil;o\u011fu ba\u015fkalar\u0131n\u0131n ad\u0131na kay\u0131tl\u0131, bu ki\u015filer i\u015f yerlerini ba\u015fkalar\u0131na kiral\u0131yor.<\/span><span data-ccp-props=\"{}\">&nbsp;<\/span><\/p>\n<p><span data-contrast=\"auto\">Bu sahtekarlar, Ankara&rsquo;dan &ccedil;\u0131k\u0131p \u0130stanbul&rsquo;a kadar adeta &ouml;r&uuml;mcek a\u011f\u0131 gibi her yere yay\u0131lm\u0131\u015f durumda. G&ouml;z g&ouml;re g&ouml;re insanlar\u0131 kand\u0131r\u0131yor, sa\u011fl\u0131klar\u0131n\u0131 tehlikeye at\u0131yorlar. Y\u0131llard\u0131r denetimsizlikten beslenen bu d&uuml;zen, vatanda\u015f\u0131n can g&uuml;venli\u011fini hi&ccedil;e say\u0131yor.<\/span><span data-ccp-props=\"{}\">&nbsp;<\/span><\/p>\n<p><span data-contrast=\"auto\">Sa\u011fl\u0131k gibi kritik bir alanda kimse keyfi d&uuml;zen kuramaz, insan hayat\u0131n\u0131 riske atamaz!&rdquo; ifadelerine yer verdi. <\/span><span data-ccp-props=\"{}\">&nbsp;<\/span><\/p>\n<h3><strong>SOSYAL MEDYA FENOMEN\u0130 ATE\u015e P&Uuml;SK&Uuml;RD&Uuml;! &nbsp;<\/strong><\/h3>\n<p><span data-contrast=\"auto\">Yapt\u0131\u011f\u0131 payla\u015f\u0131mlarla g&uuml;zellik merkezi sahibi Fatima Azimo\u011flu&rsquo;nu if\u015fa eden Alp K\u0131l\u0131n&ccedil;, sosyal medya hesab\u0131ndan bu tarz sekt&ouml;rde &ccedil;al\u0131\u015fan doland\u0131r\u0131c\u0131 i\u015fletme sahiplerine ate\u015f p&uuml;sk&uuml;rd&uuml;. K\u0131l\u0131n&ccedil;, sosyal medya hesab\u0131ndan yapt\u0131\u011f\u0131 payla\u015f\u0131mda: Bu &uuml;lkenin &ouml;z evlatlar\u0131n\u0131 h&uuml;k&uuml;mete, devlete d&uuml;\u015fman ettiniz! Anadolu&rsquo;nun ba\u011fr\u0131ndan gelen y&uuml;zlerce gen&ccedil;, a&ccedil; susuz, gecesini g&uuml;nd&uuml;z&uuml;ne katarak okuyup &ccedil;al\u0131\u015ft\u0131. Vatan\u0131 ve milleti i&ccedil;in canla ba\u015fla emek veren bu insanlar, gece g&uuml;nd&uuml;z n&ouml;betlerde uyuyup kal\u0131yor, g&ouml;revlerinin ba\u015f\u0131nda dimdik duruyor. Ama diplomas\u0131z ki\u015filer, hi&ccedil;bir yeterlilikleri olmadan sa\u011fl\u0131k hizmeti sunuyor, devlete vergi bile &ouml;demeden krallar gibi ya\u015f\u0131yor. <\/span><span data-ccp-props=\"{&quot;134233117&quot;:false,&quot;134233118&quot;:false,&quot;335551550&quot;:0,&quot;335551620&quot;:0,&quot;335559738&quot;:240,&quot;335559739&quot;:240}\">&nbsp;<\/span><\/p>\n<p><span data-contrast=\"auto\">Bu nas\u0131l bir adaletsizliktir? &Uuml;lkesine faydal\u0131 olmak i&ccedil;in didinenler k&ouml;\u015fede b\u0131rak\u0131l\u0131rken, f\u0131rsat&ccedil;\u0131lar ba\u015f tac\u0131 ediliyor. &Uuml;lkenin gelece\u011fini d&uuml;\u015f&uuml;nen gen&ccedil;ler yok say\u0131l\u0131p, halk\u0131n sa\u011fl\u0131\u011f\u0131 bile tehlikeye at\u0131l\u0131yor.&rdquo; ifadelerine yer verdi. <\/span><span data-ccp-props=\"{&quot;134233117&quot;:false,&quot;134233118&quot;:false,&quot;335551550&quot;:0,&quot;335551620&quot;:0,&quot;335559738&quot;:240,&quot;335559739&quot;:240}\">&nbsp;<\/span><\/p>\n<h3><strong>FAT\u0130MA AZ\u0130MO\u011eLU DOKTOR MU? &nbsp;<\/strong><\/h3>\n<p><span data-contrast=\"auto\">Fatima Azimo\u011flu hakk\u0131nda &ccedil;e\u015fitli iddialarda bulunan Alp K\u0131l\u0131n&ccedil;, Fatima Azimo\u011flu&rsquo;nun ilkokul mezunu oldu\u011funu ve herhangi bir doktorluk belgesinin bulunmad\u0131\u011f\u0131n\u0131 dile getirmi\u015fti. Sosyal medya hesaplar\u0131ndan Fatima Azimo\u011flu hakk\u0131nda kapsaml\u0131 bir a&ccedil;\u0131klama yapan K\u0131l\u0131n&ccedil;, Azimo\u011flu hakk\u0131nda: &ldquo;Instagram profilinde &ldquo;hekim&rdquo; yaz\u0131yor, sosyal medya uygulamalar\u0131nda reklam yap\u0131yor! Yasakl\u0131 her t&uuml;rl&uuml; yola ba\u015fvurarak kendini pazarl\u0131yor. \u0130nsanlar\u0131 yan\u0131ltmak, sa\u011fl\u0131k hizmetini ticarete d&ouml;kmek bu kadar kolay olmamal\u0131!&rdquo; ifadelerini kulland\u0131. <\/span><span data-ccp-props=\"{&quot;134233117&quot;:false,&quot;134233118&quot;:false,&quot;335551550&quot;:0,&quot;335551620&quot;:0,&quot;335559738&quot;:240,&quot;335559739&quot;:240}\">&nbsp;<\/span><\/p>\n<p><span data-ccp-props=\"{&quot;134233117&quot;:false,&quot;134233118&quot;:false,&quot;335551550&quot;:0,&quot;335551620&quot;:0,&quot;335559738&quot;:240,&quot;335559739&quot;:240}\"><img decoding=\"async\" src=\"https:\/\/www.tgrthaber.com\/mavikadin\/wp-content\/images\/haberler\/24-11\/14\/adsiz-tasarim.jpg\" alt=\"\" title=\"\"><\/span><\/p>\n<h3><strong>GELEN \u0130HBARLAR &Uuml;ZER\u0130NE \u0130\u015eLETME SAH\u0130B\u0130N\u0130 \u0130F\u015eA ETT\u0130! &nbsp;<\/strong><\/h3>\n<p><span data-contrast=\"auto\">Alp K\u0131l\u0131n&ccedil;, Fatima Azimo\u011flu hakk\u0131nda yapt\u0131\u011f\u0131 a&ccedil;\u0131klamalar\u0131n kendisine gelen bir ihbar oldu\u011funu ve bu ihbarla Fatima Azimo\u011flu ad\u0131ndaki g&uuml;zellik merkezi sahibini if\u015fa etti\u011fini dile getirdi. K\u0131l\u0131n&ccedil;, kendisine gelen ihbar\u0131 sosyal medya hesab\u0131ndan payla\u015ft\u0131. I\u015fte K\u0131l\u0131n&ccedil;&rsquo;\u0131n payla\u015ft\u0131\u011f\u0131 ihbar mesaj\u0131&#8230; <\/span><span data-ccp-props=\"{&quot;134233117&quot;:false,&quot;134233118&quot;:false,&quot;335551550&quot;:0,&quot;335551620&quot;:0,&quot;335559738&quot;:240,&quot;335559739&quot;:240}\">&nbsp;<\/span><\/p>\n<p><span data-contrast=\"auto\">&ldquo;Ben bir il&ccedil;e sa\u011fl\u0131k m&uuml;d&uuml;rl&uuml;\u011f&uuml;nde hekimim. Ge&ccedil;ti\u011fimiz haftalarda baz\u0131 muayenehaneleri denetlemekle g&ouml;revlendirildim. Bu muayenehanelerde, yetkisiz hekimlerin dolgu ve botoks gibi uygulamalar yapt\u0131\u011f\u0131na dair ila&ccedil; ve te&ccedil;hizat tespit ettim ve buna y&ouml;nelik tutanaklar\u0131 tuttum. Ancak sonras\u0131nda, \u0130SM (\u0130l Sa\u011fl\u0131k M&uuml;d&uuml;rl&uuml;\u011f&uuml;) personelinin bu hekimlerle aras\u0131n\u0131n iyi oldu\u011funu, hatta bu hekimlerden birinin blefaroplasti bile yapt\u0131\u011f\u0131n\u0131 duydum.<\/span><span data-ccp-props=\"{&quot;134233117&quot;:false,&quot;134233118&quot;:false,&quot;335551550&quot;:0,&quot;335551620&quot;:0,&quot;335559738&quot;:240,&quot;335559739&quot;:240}\">&nbsp;<\/span><\/p>\n<p><span data-contrast=\"auto\">As\u0131l sorun \u015fu ki, bu hekimler denetim s\u0131ras\u0131nda \u0130SM personelini telefonla arayarak soru\u015fturmayla ilgili detayl\u0131 bilgi ald\u0131. Aralar\u0131nda ge&ccedil;en konu\u015fmada, &ldquo;Bizim i\u015fi halledersen sana bir &ccedil;ikolata falan alay\u0131m&rdquo; \u015feklinde bir laf etmesine, personelin &ldquo;O hafta izinliydim; burada olsayd\u0131m ceza yazd\u0131rmazd\u0131m&rdquo; ve &ldquo;Cezay\u0131 yazan hekim \u015fu anda kar\u015f\u0131mda oturuyor&rdquo; gibi yan\u0131tlar verdi\u011fine \u015fahit oldum.<\/span><span data-ccp-props=\"{&quot;134233117&quot;:false,&quot;134233118&quot;:false,&quot;335551550&quot;:0,&quot;335551620&quot;:0,&quot;335559738&quot;:240,&quot;335559739&quot;:240}\">&nbsp;<\/span><\/p>\n<p><span data-contrast=\"auto\">Bu durumu &uuml;st k\u0131demlerime iletti\u011fimde ise hi&ccedil;bir sonu&ccedil; alamad\u0131m. Maalesef, T&uuml;rkiye&rsquo;de i\u015fini ahlak\u0131yla yapan biri olarak &ccedil;aba g&ouml;sterdi\u011finizde hi&ccedil;bir sonu&ccedil; elde edemiyorsunuz; hatta zaman zaman bu sistem y&uuml;z&uuml;nden can g&uuml;venli\u011finizden bile endi\u015fe eder hale geliyorsunuz.&rdquo; <\/span><span data-ccp-props=\"{&quot;134233117&quot;:false,&quot;134233118&quot;:false,&quot;335551550&quot;:0,&quot;335551620&quot;:0,&quot;335559738&quot;:240,&quot;335559739&quot;:240}\">&nbsp;<\/span><\/p>\n<p><span data-contrast=\"auto\">Kendisine gelen bu ihbar\u0131 sosyal medya hesab\u0131ndan payla\u015fan K\u0131l\u0131n&ccedil;, bu tarz i\u015fletme sahiplerinin Bakanl\u0131k taraf\u0131ndan tespit edilip i\u015flerine son verilmesini talep etti. <\/span><span data-ccp-props=\"{&quot;134233117&quot;:false,&quot;134233118&quot;:false,&quot;335551550&quot;:0,&quot;335551620&quot;:0,&quot;335559738&quot;:240,&quot;335559739&quot;:240}\">&nbsp;<\/span><\/p>\n<p><span data-ccp-props=\"{&quot;134233117&quot;:false,&quot;134233118&quot;:false,&quot;335551550&quot;:0,&quot;335551620&quot;:0,&quot;335559738&quot;:240,&quot;335559739&quot;:240}\"><\/span><\/p>\n","protected":false},"excerpt":{"rendered":"<p>Sosyal medya fenomeni olarak tan\u0131nan Alp K\u0131l\u0131n\u00e7, Fatima Azimo\u011flu ad\u0131ndaki g\u00fczellik merkezi sahibinin insanlar\u0131 doland\u0131rd\u0131\u011f\u0131n\u0131 iddia etti. Bunun \u00fczerine Fatima Azimo\u011flu\u2019nun kim oldu\u011fu merak edildi. Fatima Azimo\u011flu kimdir? Fatima Azimo\u011flu neden g\u00fcndem oldu? Fatima Azimo\u011flu doktor mu? Fatima Azimo\u011flu hakk\u0131nda merak edilenleri sizin i\u00e7in ara\u015ft\u0131rd\u0131k. \u0130\u015fte Fatima Azimo\u011flu hakk\u0131nda merak edilenler&#8230; Sosyal medya fenomeni olarak [&hellip;]<\/p>\n","protected":false},"author":26,"featured_media":94181,"comment_status":"closed","ping_status":"open","sticky":false,"template":"","format":"standard","meta":{"rank_math_lock_modified_date":false,"footnotes":""},"categories":[491],"tags":[59936,39464,59935,22951,59937],"class_list":["post-94182","post","type-post","status-publish","format-standard","has-post-thumbnail","hentry","category-biyografi","tag-alp-kilinc","tag-dolandiricilik","tag-fatima-azimoglu","tag-guzellik-merkezi","tag-sahte-doktor"],"_links":{"self":[{"href":"https:\/\/www.tgrthaber.com\/mavikadin\/wp-json\/wp\/v2\/posts\/94182"}],"collection":[{"href":"https:\/\/www.tgrthaber.com\/mavikadin\/wp-json\/wp\/v2\/posts"}],"about":[{"href":"https:\/\/www.tgrthaber.com\/mavikadin\/wp-json\/wp\/v2\/types\/post"}],"author":[{"embeddable":true,"href":"https:\/\/www.tgrthaber.com\/mavikadin\/wp-json\/wp\/v2\/users\/26"}],"replies":[{"embeddable":true,"href":"https:\/\/www.tgrthaber.com\/mavikadin\/wp-json\/wp\/v2\/comments?post=94182"}],"version-history":[{"count":1,"href":"https:\/\/www.tgrthaber.com\/mavikadin\/wp-json\/wp\/v2\/posts\/94182\/revisions"}],"predecessor-version":[{"id":94183,"href":"https:\/\/www.tgrthaber.com\/mavikadin\/wp-json\/wp\/v2\/posts\/94182\/revisions\/94183"}],"wp:featuredmedia":[{"embeddable":true,"href":"https:\/\/www.tgrthaber.com\/mavikadin\/wp-json\/wp\/v2\/media\/94181"}],"wp:attachment":[{"href":"https:\/\/www.tgrthaber.com\/mavikadin\/wp-json\/wp\/v2\/media?parent=94182"}],"wp:term":[{"taxonomy":"category","embeddable":true,"href":"https:\/\/www.tgrthaber.com\/mavikadin\/wp-json\/wp\/v2\/categories?post=94182"},{"taxonomy":"post_tag","embeddable":true,"href":"https:\/\/www.tgrthaber.com\/mavikadin\/wp-json\/wp\/v2\/tags?post=94182"}],"curies":[{"name":"wp","href":"https:\/\/api.w.org\/{rel}","templated":true}]}}