{"id":94296,"date":"2024-11-16T15:48:46","date_gmt":"2024-11-16T12:48:46","guid":{"rendered":"https:\/\/www.tgrthaber.com\/mavikadin\/?p=94296"},"modified":"2024-11-16T15:48:46","modified_gmt":"2024-11-16T12:48:46","slug":"omega-3-ne-ise-yarar-omega-3-en-cok-hangi-besinlerde-bulunur","status":"publish","type":"post","link":"https:\/\/www.tgrthaber.com\/mavikadin\/omega-3-ne-ise-yarar-omega-3-en-cok-hangi-besinlerde-bulunur\/","title":{"rendered":"Omega 3 ne i\u015fe yarar? Omega 3 en \u00e7ok hangi besinlerde bulunur?"},"content":{"rendered":"<p><span data-contrast=\"auto\">Sa\u011fl\u0131m\u0131z i\u00e7in bir\u00e7ok besini dengeli ve d\u00fczenli bir \u015fekilde kullanmam\u0131z gerekir. V\u00fccudumuzun direncini art\u0131ran ve v\u00fccudumuza fayda sa\u011flayan bir\u00e7ok vitamin ve mineral mevcuttur. Ya\u011f asidi olarak kar\u015f\u0131m\u0131za \u00e7\u0131kan Omega 3 de v\u00fccut sa\u011fl\u0131\u011f\u0131m\u0131z i\u00e7in olduk\u00e7a \u00f6nemlidir. Peki, Omega 3 ya\u011f asidinin ne i\u015fe yarad\u0131\u011f\u0131n\u0131 biliyor musunuz? Omega 3 en \u00e7ok hangi besinlerde bulunur? \u0130\u015fte Omega 3 y\u00f6n\u00fcnden zengin olan besinler&#8230; <\/span><span data-ccp-props=\"{}\">\u00a0<\/span><\/p>\n<h3><span data-contrast=\"auto\">OMEGA 3 NED\u0130R? <\/span><span data-ccp-props=\"{}\">\u00a0<\/span><\/h3>\n<p><span data-contrast=\"auto\">V\u00fccutta bir\u00e7ok fonksiyonun daha i\u015flevsel olmas\u0131n\u0131 sa\u011flayan Omega 3, h\u00fccre zar\u0131n\u0131n yap\u0131 ta\u015f\u0131 olarak kullan\u0131lan bir grup uzun zincirli doymam\u0131\u015f ya\u011f asididir. Omega 3 kendi i\u00e7erisinde \u00fc\u00e7 \u00e7e\u015fide ayr\u0131l\u0131r. Bunlar EPA, DHA ve ALA olarak kar\u015f\u0131m\u0131za \u00e7\u0131kar. ALA bitki kaynakl\u0131 omega-3 ya\u011f asidiyken, EPA ve DHA ise deniz \u00fcr\u00fcnlerinden elde edilen Omega 3 ya\u011f asididir.<\/span><span data-ccp-props=\"{}\">\u00a0<\/span><\/p>\n<p><img loading=\"lazy\" decoding=\"async\" class=\"size-full wp-image-94302\" src=\"https:\/\/www.tgrthaber.com\/mavikadin\/wp-content\/uploads\/Adsiz-tasarim-6.jpg\" alt=\"Omega 3 hangi besinlerde bulunur?\" width=\"1600\" height=\"900\" title=\"\" srcset=\"https:\/\/www.tgrthaber.com\/mavikadin\/wp-content\/uploads\/Adsiz-tasarim-6.jpg 1600w, https:\/\/www.tgrthaber.com\/mavikadin\/wp-content\/uploads\/Adsiz-tasarim-6-300x169.jpg 300w, https:\/\/www.tgrthaber.com\/mavikadin\/wp-content\/uploads\/Adsiz-tasarim-6-1024x576.jpg 1024w, https:\/\/www.tgrthaber.com\/mavikadin\/wp-content\/uploads\/Adsiz-tasarim-6-768x432.jpg 768w, https:\/\/www.tgrthaber.com\/mavikadin\/wp-content\/uploads\/Adsiz-tasarim-6-1536x864.jpg 1536w\" sizes=\"(max-width: 1600px) 100vw, 1600px\" \/><\/p>\n<p><span data-contrast=\"auto\">Omega 3 ya\u011f asidinin v\u00fccutta bir\u00e7ok temel g\u00f6revi vard\u0131r. Omega 3 ya\u011f asidi, ba\u011f\u0131\u015f\u0131kl\u0131k sisteminin g\u00fc\u00e7lendirilmesinde, v\u00fccuttaki iltihab\u0131n azalmas\u0131nda, kalp ve damar hastal\u0131klar\u0131n\u0131n korunmas\u0131nda ve bir\u00e7ok hastal\u0131\u011f\u0131n iyile\u015ftirilmesinde v\u00fccuda katk\u0131 sa\u011flar.<\/span><span data-ccp-props=\"{}\">\u00a0<\/span><\/p>\n<p><span data-contrast=\"auto\">Omega 3, v\u00fccut taraf\u0131ndan do\u011fal olarak \u00fcretilmemektedir. Bu y\u00fczden Omega 3 ya\u011f asitleri baz\u0131 besinlerin t\u00fcketilmesi yoluyla v\u00fccuda al\u0131n\u0131r. <\/span><span data-ccp-props=\"{}\">\u00a0<\/span><\/p>\n<h3><span data-contrast=\"auto\">OMEGA 3 NE \u0130\u015eE YARAR, FAYDALARI NELERD\u0130R? <\/span><span data-ccp-props=\"{}\">\u00a0<\/span><\/h3>\n<p><span data-contrast=\"auto\">Sa\u011fl\u0131m\u0131z\u0131n a\u00e7\u0131s\u0131ndan olduk\u00e7a \u00f6nemli olan Omega 3 ya\u011f asidi, v\u00fccudumuza bir\u00e7ok fayda sa\u011flar. Omega 3 ya\u011f asidi, v\u00fccudun iltihaplardan korunmas\u0131na yard\u0131mc\u0131 olarak v\u00fccudun ba\u011f\u0131\u015f\u0131kl\u0131k sistemini g\u00fc\u00e7lendirir. Bunun yan\u0131nda Omega 3, h\u00fccre b\u00fct\u00fcnl\u00fc\u011f\u00fcn\u00fc ve fonksiyonlar\u0131n\u0131 korumaya yard\u0131mc\u0131 olur. Peki, Omega 3 ya\u011f asidi ne i\u015fe yarar? \u0130\u015fte Omega 3 ya\u011f asidinin faydalar\u0131&#8230; <\/span><span data-ccp-props=\"{}\">\u00a0<\/span><\/p>\n<ul>\n<li><span data-contrast=\"auto\">Kandaki k\u00f6t\u00fc kolesterol d\u00fczeyinin d\u00fc\u015f\u00fcr\u00fclmesine yard\u0131mc\u0131 olur. <\/span><span data-ccp-props=\"{}\">\u00a0<\/span><\/li>\n<li><span data-contrast=\"auto\">Kansere kar\u015f\u0131 koruyucu etki sa\u011flayarak g\u00fc\u00e7l\u00fc bir diren\u00e7 olu\u015fturur. <\/span><span data-ccp-props=\"{}\">\u00a0<\/span><\/li>\n<li><span data-contrast=\"auto\">Karaci\u011ferdeki ya\u011f oran\u0131n\u0131n azalt\u0131lmas\u0131na fayda sa\u011flar. <\/span><span data-ccp-props=\"{}\">\u00a0<\/span><\/li>\n<li><span data-contrast=\"auto\">\u00c7e\u015fitli v\u00fccut dokular\u0131nda g\u00f6r\u00fclen iltihaplar\u0131n kontrol alt\u0131na al\u0131nmas\u0131na yard\u0131mc\u0131 olur. <\/span><span data-ccp-props=\"{}\">\u00a0<\/span><\/li>\n<li><span data-contrast=\"auto\">Demans, depresyon, anksiyete ve hiperaktivite gibi n\u00f6rolojik veya psikolojik rahats\u0131zl\u0131klar\u0131n hafifletilmesinde etkilidir. <\/span><span data-ccp-props=\"{}\">\u00a0<\/span><\/li>\n<\/ul>\n<p><img loading=\"lazy\" decoding=\"async\" class=\"size-full wp-image-94304\" src=\"https:\/\/www.tgrthaber.com\/mavikadin\/wp-content\/uploads\/Adsiz-tasarim-4.jpg\" alt=\"Omega 3 faydalar\u0131 nelerdir?\" width=\"1600\" height=\"900\" title=\"\" srcset=\"https:\/\/www.tgrthaber.com\/mavikadin\/wp-content\/uploads\/Adsiz-tasarim-4.jpg 1600w, https:\/\/www.tgrthaber.com\/mavikadin\/wp-content\/uploads\/Adsiz-tasarim-4-300x169.jpg 300w, https:\/\/www.tgrthaber.com\/mavikadin\/wp-content\/uploads\/Adsiz-tasarim-4-1024x576.jpg 1024w, https:\/\/www.tgrthaber.com\/mavikadin\/wp-content\/uploads\/Adsiz-tasarim-4-768x432.jpg 768w, https:\/\/www.tgrthaber.com\/mavikadin\/wp-content\/uploads\/Adsiz-tasarim-4-1536x864.jpg 1536w\" sizes=\"(max-width: 1600px) 100vw, 1600px\" \/><\/p>\n<ul>\n<li><span data-contrast=\"auto\">Cilt esnekli\u011fi, gerginli\u011fi ve sa\u011fl\u0131\u011f\u0131n\u0131n korunmas\u0131na yard\u0131mc\u0131 olur. <\/span><span data-ccp-props=\"{}\">\u00a0<\/span><\/li>\n<li><span data-contrast=\"auto\">Ba\u011f\u0131\u015f\u0131kl\u0131\u011f\u0131 g\u00fc\u00e7lendirerek v\u00fccudu hastal\u0131klara kar\u015f\u0131 korur. <\/span><span data-ccp-props=\"{}\">\u00a0<\/span><\/li>\n<li><span data-contrast=\"auto\">Kardiyovask\u00fcler hastal\u0131k riskinin azalt\u0131lmas\u0131na yard\u0131mc\u0131 olur.<\/span><span data-ccp-props=\"{}\">\u00a0<\/span><\/li>\n<li><span data-contrast=\"auto\">G\u00f6z sa\u011fl\u0131\u011f\u0131n\u0131 destekleyerek kuru g\u00f6z hastal\u0131\u011f\u0131 riskini azaltmaya yard\u0131mc\u0131 olur. <\/span><span data-ccp-props=\"{}\">\u00a0<\/span><\/li>\n<li><span data-contrast=\"auto\">Romatizmaya ba\u011fl\u0131 eklem a\u011fr\u0131lar\u0131na iyi gelir.<\/span><span data-ccp-props=\"{}\">\u00a0<\/span><\/li>\n<li><span data-contrast=\"auto\">Depresyon ve\u00a0anksiyeteye ba\u011fl\u0131 semptomlar\u0131n azalmas\u0131na yard\u0131mc\u0131 olur. <\/span><span data-ccp-props=\"{}\">\u00a0<\/span><\/li>\n<li><span data-contrast=\"auto\">T\u00fcm\u00f6rlere kar\u015f\u0131 m\u00fccadelede potansiyel sava\u015f\u00e7\u0131 olarak rol oynar.<\/span><span data-ccp-props=\"{}\">\u00a0<\/span><\/li>\n<\/ul>\n<h3><span data-contrast=\"auto\">OMEGA 3 EKS\u0130KL\u0130\u011e\u0130 BEL\u0130RT\u0130LER\u0130 NELERD\u0130R? <\/span><span data-ccp-props=\"{}\">\u00a0<\/span><\/h3>\n<p><span data-contrast=\"auto\">V\u00fccudumuzun belli ba\u015fl\u0131 vitamin, mineral ve ya\u011f asitlerine ihtiyac\u0131 vard\u0131r. V\u00fccut kendisi \u00fcretemedi\u011fi bu vitamin, mineral ve ya\u011f asitlerini d\u0131\u015far\u0131dan besinlerle destekleyerek tamamlar. Peki, Omega 3 eksikli\u011fi belirtileri nelerdir? Omega 3 eksikli\u011fi oldu\u011funu nas\u0131l anlar\u0131z? \u0130\u015fte Omega 3 eksikli\u011fi belirtileri&#8230; <\/span><span data-ccp-props=\"{}\">\u00a0<\/span><\/p>\n<ul>\n<li><span data-contrast=\"auto\">Ciltte kuruluk ve d\u00f6k\u00fcnt\u00fc<\/span><span data-ccp-props=\"{}\">\u00a0<\/span><\/li>\n<li><span data-contrast=\"auto\">Sa\u00e7 d\u00f6k\u00fclmesi<\/span><span data-ccp-props=\"{}\">\u00a0<\/span><\/li>\n<li><span data-contrast=\"auto\">T\u0131rnaklarda k\u0131r\u0131lma<\/span><span data-ccp-props=\"{}\">\u00a0<\/span><\/li>\n<li><span data-contrast=\"auto\">Halsizlik ve yorgunluk<\/span><span data-ccp-props=\"{}\">\u00a0<\/span><\/li>\n<\/ul>\n<p><img loading=\"lazy\" decoding=\"async\" class=\"size-full wp-image-94306\" src=\"https:\/\/www.tgrthaber.com\/mavikadin\/wp-content\/uploads\/Adsiz-tasarim-2.jpg\" alt=\"Omega 3 eksikli\u011fi belirtileri\" width=\"1600\" height=\"900\" title=\"\" srcset=\"https:\/\/www.tgrthaber.com\/mavikadin\/wp-content\/uploads\/Adsiz-tasarim-2.jpg 1600w, https:\/\/www.tgrthaber.com\/mavikadin\/wp-content\/uploads\/Adsiz-tasarim-2-300x169.jpg 300w, https:\/\/www.tgrthaber.com\/mavikadin\/wp-content\/uploads\/Adsiz-tasarim-2-1024x576.jpg 1024w, https:\/\/www.tgrthaber.com\/mavikadin\/wp-content\/uploads\/Adsiz-tasarim-2-768x432.jpg 768w, https:\/\/www.tgrthaber.com\/mavikadin\/wp-content\/uploads\/Adsiz-tasarim-2-1536x864.jpg 1536w\" sizes=\"(max-width: 1600px) 100vw, 1600px\" \/><\/p>\n<ul>\n<li><span data-contrast=\"auto\">Konsantrasyonda g\u00fc\u00e7l\u00fck<\/span><span data-ccp-props=\"{}\">\u00a0<\/span><\/li>\n<li><span data-contrast=\"auto\">Uykusuzluk<\/span><span data-ccp-props=\"{}\">\u00a0<\/span><\/li>\n<li><span data-contrast=\"auto\">Eklem ve kas a\u011fr\u0131lar\u0131<\/span><span data-ccp-props=\"{}\">\u00a0<\/span><\/li>\n<li><span data-contrast=\"auto\">Kalp-damar problemleri<\/span><span data-ccp-props=\"{}\">\u00a0<\/span><\/li>\n<li><span data-contrast=\"auto\">Kad\u0131nlarda adet d\u00fczensizli\u011fi<\/span><span data-ccp-props=\"{}\">\u00a0<\/span><\/li>\n<\/ul>\n<h3><span data-contrast=\"auto\">OMEGA 3 HANG\u0130 BES\u0130NLERDE BULUNUR? <\/span><span data-ccp-props=\"{}\">\u00a0<\/span><\/h3>\n<p><span data-contrast=\"auto\">Yayg\u0131n olarak deniz \u00fcr\u00fcnlerinde bulunan Omega 3 ya\u011f asidi, \u00e7e\u015fitli hayvansal g\u0131dalarda ve sebzelerde de g\u00f6r\u00fcl\u00fcr. Peki, Omega 3 ya\u011f asidi hangi besinlerde daha \u00e7ok bulunur? \u0130\u015fte Omega 3 y\u00f6n\u00fcnden zengin olan besinler&#8230; <\/span><span data-ccp-props=\"{}\">\u00a0<\/span><\/p>\n<p><img loading=\"lazy\" decoding=\"async\" class=\"size-full wp-image-94301\" src=\"https:\/\/www.tgrthaber.com\/mavikadin\/wp-content\/uploads\/Adsiz-tasarim-7.jpg\" alt=\"Omega 3 hangi besinlerde bulunur? \" width=\"1600\" height=\"900\" title=\"\" srcset=\"https:\/\/www.tgrthaber.com\/mavikadin\/wp-content\/uploads\/Adsiz-tasarim-7.jpg 1600w, https:\/\/www.tgrthaber.com\/mavikadin\/wp-content\/uploads\/Adsiz-tasarim-7-300x169.jpg 300w, https:\/\/www.tgrthaber.com\/mavikadin\/wp-content\/uploads\/Adsiz-tasarim-7-1024x576.jpg 1024w, https:\/\/www.tgrthaber.com\/mavikadin\/wp-content\/uploads\/Adsiz-tasarim-7-768x432.jpg 768w, https:\/\/www.tgrthaber.com\/mavikadin\/wp-content\/uploads\/Adsiz-tasarim-7-1536x864.jpg 1536w\" sizes=\"(max-width: 1600px) 100vw, 1600px\" \/><\/p>\n<ul>\n<li><span data-contrast=\"auto\">Sardalya, hamsi, somon, uskumru, istiridye, ringa, havyar gibi deniz \u00fcr\u00fcnleri<\/span><span data-ccp-props=\"{}\">\u00a0<\/span><\/li>\n<li><span data-contrast=\"auto\">Ceviz ve f\u0131nd\u0131k<\/span><span data-ccp-props=\"{}\">\u00a0<\/span><\/li>\n<li><span data-contrast=\"auto\">K\u0131rm\u0131z\u0131 et<\/span><span data-ccp-props=\"{}\">\u00a0<\/span><\/li>\n<li><span data-contrast=\"auto\">Keten tohumu<\/span><span data-ccp-props=\"{}\">\u00a0<\/span><\/li>\n<li><span data-contrast=\"auto\">Soya fasulyesi<\/span><span data-ccp-props=\"{}\">\u00a0<\/span><\/li>\n<li><span data-contrast=\"auto\">Kanola ya\u011f\u0131<\/span><span data-ccp-props=\"{}\">\u00a0<\/span><\/li>\n<li><span data-contrast=\"auto\">Avakado <\/span><span data-ccp-props=\"{}\">\u00a0<\/span><\/li>\n<li><span data-contrast=\"auto\">Lahana,\u00a0\u0131spanak, semizotu ve\u00a0brokoli gibi ye\u015fil sebzeler<\/span><span data-ccp-props=\"{}\">\u00a0<\/span><\/li>\n<\/ul>\n<h3><span data-contrast=\"auto\">OMEGA 3 EKS\u0130KL\u0130\u011e\u0130 HANG\u0130 HASTALIKLARA YOL A\u00c7AR? <\/span><span data-ccp-props=\"{}\">\u00a0<\/span><\/h3>\n<p><span data-contrast=\"auto\">Omega 3 ya\u011f asidi eksikli\u011fi v\u00fccutta \u00e7e\u015fitli hastal\u0131klara yol a\u00e7abilir. Peki, Omega 3 eksikli\u011fi v\u00fccutta hangi hastal\u0131klara yol a\u00e7ar? \u0130\u015fte Omega 3 eksikli\u011finin yol a\u00e7t\u0131\u011f\u0131 hastal\u0131klar&#8230; <\/span><span data-ccp-props=\"{}\">\u00a0<\/span><\/p>\n<ul>\n<li><span data-contrast=\"auto\">Zihinsel fonksiyonlarda bozulma,<\/span><span data-ccp-props=\"{}\">\u00a0<\/span><\/li>\n<li><span data-contrast=\"auto\">Kalp-damar hastal\u0131klar\u0131nda art\u0131\u015f,<\/span><span data-ccp-props=\"{}\">\u00a0<\/span><\/li>\n<li><span data-contrast=\"auto\">P\u0131ht\u0131la\u015fma bozukluklar\u0131,<\/span><span data-ccp-props=\"{}\">\u00a0<\/span><\/li>\n<li><span data-contrast=\"auto\">G\u00f6rme problemleri,<\/span><span data-ccp-props=\"{}\">\u00a0<\/span><\/li>\n<\/ul>\n<p><img loading=\"lazy\" decoding=\"async\" class=\"size-full wp-image-94307\" src=\"https:\/\/www.tgrthaber.com\/mavikadin\/wp-content\/uploads\/Adsiz-tasarim-1.jpg\" alt=\"Omega 3 eksikli\u011fi hangi hastal\u0131klara yol a\u00e7ar?\" width=\"1600\" height=\"900\" title=\"\" srcset=\"https:\/\/www.tgrthaber.com\/mavikadin\/wp-content\/uploads\/Adsiz-tasarim-1.jpg 1600w, https:\/\/www.tgrthaber.com\/mavikadin\/wp-content\/uploads\/Adsiz-tasarim-1-300x169.jpg 300w, https:\/\/www.tgrthaber.com\/mavikadin\/wp-content\/uploads\/Adsiz-tasarim-1-1024x576.jpg 1024w, https:\/\/www.tgrthaber.com\/mavikadin\/wp-content\/uploads\/Adsiz-tasarim-1-768x432.jpg 768w, https:\/\/www.tgrthaber.com\/mavikadin\/wp-content\/uploads\/Adsiz-tasarim-1-1536x864.jpg 1536w\" sizes=\"(max-width: 1600px) 100vw, 1600px\" \/><\/p>\n<ul>\n<li><span data-contrast=\"auto\">Hastal\u0131klar kar\u015f\u0131s\u0131nda ba\u011f\u0131\u015f\u0131kl\u0131k sisteminin zay\u0131f olmas\u0131,<\/span><span data-ccp-props=\"{}\">\u00a0<\/span><\/li>\n<li><span data-contrast=\"auto\">Erkeklerde k\u0131s\u0131rl\u0131k,<\/span><span data-ccp-props=\"{}\">\u00a0<\/span><\/li>\n<li><span data-contrast=\"auto\">Kas ve eklem iltihab\u0131,<\/span><span data-ccp-props=\"{}\">\u00a0<\/span><\/li>\n<li><span data-contrast=\"auto\">Fetusta ve \u00e7ocuklarda b\u00fcy\u00fcme gerili\u011fi,<\/span><span data-ccp-props=\"{}\">\u00a0<\/span><\/li>\n<li><span data-contrast=\"auto\">Cilt problemleri<\/span><span data-ccp-props=\"{}\">\u00a0<\/span><\/li>\n<\/ul>\n","protected":false},"excerpt":{"rendered":"<p>Omega 3\u2019\u00fcn hangi besinlerde daha \u00e7ok bulundu\u011funu biliyor musunuz? Sa\u011fl\u0131\u011f\u0131m\u0131z i\u00e7in olduk\u00e7a \u00f6nemli olan Omega 3\u2019\u00fcn ne i\u015fe yarad\u0131\u011f\u0131n\u0131 sizin i\u00e7in ara\u015ft\u0131rd\u0131k. Peki, Omega 3 ne i\u015fe yarar? Omega 3 hangi besinlerde bulunur? \u0130\u015fte Omega 3 hakk\u0131nda merak edilenler&#8230;<\/p>\n","protected":false},"author":26,"featured_media":94303,"comment_status":"closed","ping_status":"closed","sticky":false,"template":"","format":"standard","meta":{"rank_math_lock_modified_date":false,"footnotes":""},"categories":[1991],"tags":[2159],"class_list":["post-94296","post","type-post","status-publish","format-standard","has-post-thumbnail","hentry","category-saglik","tag-omega-3-yag-asidi"],"_links":{"self":[{"href":"https:\/\/www.tgrthaber.com\/mavikadin\/wp-json\/wp\/v2\/posts\/94296"}],"collection":[{"href":"https:\/\/www.tgrthaber.com\/mavikadin\/wp-json\/wp\/v2\/posts"}],"about":[{"href":"https:\/\/www.tgrthaber.com\/mavikadin\/wp-json\/wp\/v2\/types\/post"}],"author":[{"embeddable":true,"href":"https:\/\/www.tgrthaber.com\/mavikadin\/wp-json\/wp\/v2\/users\/26"}],"replies":[{"embeddable":true,"href":"https:\/\/www.tgrthaber.com\/mavikadin\/wp-json\/wp\/v2\/comments?post=94296"}],"version-history":[{"count":2,"href":"https:\/\/www.tgrthaber.com\/mavikadin\/wp-json\/wp\/v2\/posts\/94296\/revisions"}],"predecessor-version":[{"id":94313,"href":"https:\/\/www.tgrthaber.com\/mavikadin\/wp-json\/wp\/v2\/posts\/94296\/revisions\/94313"}],"wp:featuredmedia":[{"embeddable":true,"href":"https:\/\/www.tgrthaber.com\/mavikadin\/wp-json\/wp\/v2\/media\/94303"}],"wp:attachment":[{"href":"https:\/\/www.tgrthaber.com\/mavikadin\/wp-json\/wp\/v2\/media?parent=94296"}],"wp:term":[{"taxonomy":"category","embeddable":true,"href":"https:\/\/www.tgrthaber.com\/mavikadin\/wp-json\/wp\/v2\/categories?post=94296"},{"taxonomy":"post_tag","embeddable":true,"href":"https:\/\/www.tgrthaber.com\/mavikadin\/wp-json\/wp\/v2\/tags?post=94296"}],"curies":[{"name":"wp","href":"https:\/\/api.w.org\/{rel}","templated":true}]}}