{"id":94471,"date":"2024-11-16T21:49:03","date_gmt":"2024-11-16T18:49:03","guid":{"rendered":"https:\/\/www.tgrthaber.com\/mavikadin\/?p=94471"},"modified":"2024-11-16T21:53:04","modified_gmt":"2024-11-16T18:53:04","slug":"sila-turkoglu-ve-sevgilisi-ata-ayyildiz-iliskilerinde-yeni-bir-adim-atti","status":"publish","type":"post","link":"https:\/\/www.tgrthaber.com\/mavikadin\/sila-turkoglu-ve-sevgilisi-ata-ayyildiz-iliskilerinde-yeni-bir-adim-atti\/","title":{"rendered":"S\u0131la T\u00fcrko\u011flu ve sevgilisi Ata Ayy\u0131ld\u0131z ili\u015fkilerinde yeni bir ad\u0131m att\u0131"},"content":{"rendered":"<p><strong>Son d\u00f6nemin parlayan y\u0131ld\u0131zlar\u0131ndan S\u0131la T\u00fcrko\u011flu, yeni bir a\u015fka yelken a\u00e7t\u0131\u011f\u0131n\u0131 sosyal medya hesab\u0131ndan duyurmu\u015ftu. G\u00fczel oyuncu, sevgilisi Ata Ayy\u0131ld\u0131z\u2019\u0131 ailesiyle tan\u0131\u015ft\u0131rarak ili\u015fkilerini bir ad\u0131m ileri ta\u015f\u0131d\u0131.<\/strong><\/p>\n<p>25 ya\u015f\u0131ndaki ba\u015far\u0131l\u0131 oyuncu S\u0131la T\u00fcrko\u011flu, i\u015fletmeci Ata Ayy\u0131ld\u0131z ile olan ili\u015fkisini ilk kez Instagram \u00fczerinden payla\u015fm\u0131\u015f ve b\u00fcy\u00fck ilgi g\u00f6rm\u00fc\u015ft\u00fc. Payla\u015ft\u0131\u011f\u0131 &#8220;An\u0131lar&#8221; temal\u0131 kareler, k\u0131sa s\u00fcrede binlerce be\u011feni alarak sosyal medyan\u0131n g\u00fcndemine oturmu\u015ftu.<\/p>\n<p>Ata Ayy\u0131ld\u0131z da bu romantik payla\u015f\u0131m\u0131n ard\u0131ndan kendi sosyal medya hesab\u0131ndan bir payla\u015f\u0131m yaparak a\u015fklar\u0131n\u0131 g\u00f6zler \u00f6n\u00fcne sermi\u015fti. \u00c7ift, daha \u00f6nce Mardin\u2019de kat\u0131ld\u0131klar\u0131 bir d\u00fc\u011f\u00fcnde ilk kez birlikte g\u00f6r\u00fcnt\u00fclenmi\u015fti.<\/p>\n<h3>SILA T\u00dcRKO\u011eLU SEVG\u0130L\u0130S\u0130N\u0130 A\u0130LES\u0130YLE TANI\u015eTIRDI<\/h3>\n<p>S\u0131la T\u00fcrko\u011flu, rol ald\u0131\u011f\u0131 &#8220;K\u0131z\u0131lc\u0131k \u015eerbeti&#8221; dizisinde canland\u0131rd\u0131\u011f\u0131 \u201cDo\u011fa\u201d karakteriyle oldu\u011fu kadar \u00f6zel hayat\u0131yla da s\u0131k\u00e7a konu\u015fuluyor. Sosyal medyada aktif bir \u015fekilde hayranlar\u0131yla ileti\u015fim kuran T\u00fcrko\u011flu, i\u015fletmeci sevgilisi Ata Ayy\u0131ld\u0131z ile ili\u015fkisini ciddiyete ta\u015f\u0131m\u0131\u015f g\u00f6r\u00fcn\u00fcyor. G\u00fczel oyuncu, Ayy\u0131ld\u0131z\u2019\u0131 ailesiyle tan\u0131\u015ft\u0131rarak hayranlar\u0131n\u0131 bir kez daha \u015fa\u015f\u0131rtt\u0131.<\/p>\n<p><img loading=\"lazy\" decoding=\"async\" class=\"size-medium wp-image-94472 aligncenter\" src=\"https:\/\/www.tgrthaber.com\/mavikadin\/wp-content\/uploads\/GchlMJvWgAAGs_c-300x300.jpg\" alt=\"\" width=\"300\" height=\"300\" title=\"\" srcset=\"https:\/\/www.tgrthaber.com\/mavikadin\/wp-content\/uploads\/GchlMJvWgAAGs_c-300x300.jpg 300w, https:\/\/www.tgrthaber.com\/mavikadin\/wp-content\/uploads\/GchlMJvWgAAGs_c-150x150.jpg 150w, https:\/\/www.tgrthaber.com\/mavikadin\/wp-content\/uploads\/GchlMJvWgAAGs_c-768x768.jpg 768w, https:\/\/www.tgrthaber.com\/mavikadin\/wp-content\/uploads\/GchlMJvWgAAGs_c.jpg 980w\" sizes=\"(max-width: 300px) 100vw, 300px\" \/><\/p>\n<h3>ATA AYYILDIZ K\u0130MD\u0130R?<\/h3>\n<p>Ata Ayy\u0131ld\u0131z, \u0130stanbul \u00dcniversitesi mezunu ve i\u015fletmecilik yap\u0131yor. Sosyal medyada \u00e7ok fazla \u00f6n planda olmasa da S\u0131la T\u00fcrko\u011flu ile olan birlikteli\u011fi sayesinde dikkatleri \u00fczerine \u00e7ekmeyi ba\u015fard\u0131.<\/p>\n<h3>DO\u011eA KARAKTER\u0130YLE YILDIZI PARLADI<\/h3>\n<p>S\u0131la T\u00fcrko\u011flu, 18 Nisan 1999 tarihinde \u0130zmir&#8217;in Bornova il\u00e7esinde d\u00fcnyaya geldi. Oyunculuk kariyerine 2018 y\u0131l\u0131nda A\u011flama Anne dizisindeki konuk oyunculuk rol\u00fcyle ad\u0131m att\u0131. Ard\u0131ndan, 2019 y\u0131l\u0131nda Yemin dizisinde Suna karakterini canland\u0131rarak dikkatleri \u00fczerine \u00e7ekti. 2020 y\u0131l\u0131nda ba\u015flayan ve 2022&#8217;ye kadar devam eden Emanet dizisinde ise ba\u015frol olarak Seher karakterine hayat verdi. S\u0131la, 2022 y\u0131l\u0131nda Emanet dizisinden ayr\u0131larak, ayn\u0131 y\u0131l Show TV&#8217;de yay\u0131mlanmaya ba\u015flayan K\u0131z\u0131lc\u0131k \u015eerbeti dizisinde Do\u011fa Korkmaz karakteriyle ba\u015frol oynamaya ba\u015flad\u0131.<\/p>\n<p><img loading=\"lazy\" decoding=\"async\" class=\"size-medium wp-image-94474 aligncenter\" src=\"https:\/\/www.tgrthaber.com\/mavikadin\/wp-content\/uploads\/sila-300x156.jpg\" alt=\"\" width=\"300\" height=\"156\" title=\"\" srcset=\"https:\/\/www.tgrthaber.com\/mavikadin\/wp-content\/uploads\/sila-300x156.jpg 300w, https:\/\/www.tgrthaber.com\/mavikadin\/wp-content\/uploads\/sila.jpg 637w\" sizes=\"(max-width: 300px) 100vw, 300px\" \/><\/p>\n<p>2023 y\u0131l\u0131nda, Alt\u0131n Kelebek \u00d6d\u00fclleri&#8217;nde &#8220;Y\u0131ld\u0131z\u0131 Parlayanlar&#8221; \u00f6d\u00fcl\u00fcne lay\u0131k g\u00f6r\u00fclen S\u0131la T\u00fcrko\u011flu, hem oyunculuk kariyerindeki y\u00fckseli\u015fiyle hem de dikkat \u00e7eken projeleriyle ad\u0131ndan s\u00f6z ettiriyor.<\/p>\n<p><strong>Televizyon dizileri:<\/strong><\/p>\n<p>2018: A\u011flama Anne &#8211; Alev (Konuk oyuncu) &#8211; atv<\/p>\n<p>2019-2020: Yemin &#8211; Suna Tarhun (Yard\u0131mc\u0131 oyuncu) &#8211; Kanal 7<\/p>\n<p>2020-2022: Emanet &#8211; Seher K\u0131r\u0131ml\u0131 (Ba\u015frol oyuncusu) &#8211; Kanal 7<\/p>\n<p>2022-g\u00fcn\u00fcm\u00fcz: K\u0131z\u0131lc\u0131k \u015eerbeti &#8211; Do\u011fa Korkmaz (Ba\u015frol oyuncusu) &#8211; Show TV<\/p>\n","protected":false},"excerpt":{"rendered":"<p>Son d\u00f6nemin parlayan y\u0131ld\u0131zlar\u0131ndan S\u0131la T\u00fcrko\u011flu, yeni bir a\u015fka yelken a\u00e7t\u0131\u011f\u0131n\u0131 sosyal medya hesab\u0131ndan duyurmu\u015ftu. G\u00fczel oyuncu, sevgilisi Ata Ayy\u0131ld\u0131z\u2019\u0131 ailesiyle tan\u0131\u015ft\u0131rarak ili\u015fkilerini bir ad\u0131m ileri ta\u015f\u0131d\u0131. 25 ya\u015f\u0131ndaki ba\u015far\u0131l\u0131 oyuncu S\u0131la T\u00fcrko\u011flu, i\u015fletmeci Ata Ayy\u0131ld\u0131z ile olan ili\u015fkisini ilk kez Instagram \u00fczerinden payla\u015fm\u0131\u015f ve b\u00fcy\u00fck ilgi g\u00f6rm\u00fc\u015ft\u00fc. Payla\u015ft\u0131\u011f\u0131 &#8220;An\u0131lar&#8221; temal\u0131 kareler, k\u0131sa s\u00fcrede binlerce [&hellip;]<\/p>\n","protected":false},"author":4,"featured_media":94473,"comment_status":"closed","ping_status":"closed","sticky":false,"template":"","format":"standard","meta":{"rank_math_lock_modified_date":false,"footnotes":""},"categories":[76],"tags":[157,2182],"class_list":["post-94471","post","type-post","status-publish","format-standard","has-post-thumbnail","hentry","category-magazin","tag-kizilcik-serbeti","tag-sila-turkoglu"],"_links":{"self":[{"href":"https:\/\/www.tgrthaber.com\/mavikadin\/wp-json\/wp\/v2\/posts\/94471"}],"collection":[{"href":"https:\/\/www.tgrthaber.com\/mavikadin\/wp-json\/wp\/v2\/posts"}],"about":[{"href":"https:\/\/www.tgrthaber.com\/mavikadin\/wp-json\/wp\/v2\/types\/post"}],"author":[{"embeddable":true,"href":"https:\/\/www.tgrthaber.com\/mavikadin\/wp-json\/wp\/v2\/users\/4"}],"replies":[{"embeddable":true,"href":"https:\/\/www.tgrthaber.com\/mavikadin\/wp-json\/wp\/v2\/comments?post=94471"}],"version-history":[{"count":4,"href":"https:\/\/www.tgrthaber.com\/mavikadin\/wp-json\/wp\/v2\/posts\/94471\/revisions"}],"predecessor-version":[{"id":94478,"href":"https:\/\/www.tgrthaber.com\/mavikadin\/wp-json\/wp\/v2\/posts\/94471\/revisions\/94478"}],"wp:featuredmedia":[{"embeddable":true,"href":"https:\/\/www.tgrthaber.com\/mavikadin\/wp-json\/wp\/v2\/media\/94473"}],"wp:attachment":[{"href":"https:\/\/www.tgrthaber.com\/mavikadin\/wp-json\/wp\/v2\/media?parent=94471"}],"wp:term":[{"taxonomy":"category","embeddable":true,"href":"https:\/\/www.tgrthaber.com\/mavikadin\/wp-json\/wp\/v2\/categories?post=94471"},{"taxonomy":"post_tag","embeddable":true,"href":"https:\/\/www.tgrthaber.com\/mavikadin\/wp-json\/wp\/v2\/tags?post=94471"}],"curies":[{"name":"wp","href":"https:\/\/api.w.org\/{rel}","templated":true}]}}