{"id":94480,"date":"2024-11-16T22:31:34","date_gmt":"2024-11-16T19:31:34","guid":{"rendered":"https:\/\/www.tgrthaber.com\/mavikadin\/?p=94480"},"modified":"2024-11-16T22:37:33","modified_gmt":"2024-11-16T19:37:33","slug":"bacaga-yayilan-agri-fitik-mi-sinir-sikismasi-mi-iste-agriyi-hafiflemek-icin-en-etkili-ipuclari","status":"publish","type":"post","link":"https:\/\/www.tgrthaber.com\/mavikadin\/bacaga-yayilan-agri-fitik-mi-sinir-sikismasi-mi-iste-agriyi-hafiflemek-icin-en-etkili-ipuclari\/","title":{"rendered":"Baca\u011fa yay\u0131lan a\u011fr\u0131: F\u0131t\u0131k m\u0131 sinir s\u0131k\u0131\u015fmas\u0131 m\u0131? \u0130\u015fte a\u011fr\u0131y\u0131 hafiflemek i\u00e7in en etkili ipu\u00e7lar\u0131!"},"content":{"rendered":"<p class=\"p1\"><strong>Baca\u011fa vuran a\u011fr\u0131lar, genellikle sinir s\u0131k\u0131\u015fmas\u0131 veya f\u0131t\u0131k gibi sa\u011fl\u0131k sorunlar\u0131n\u0131n belirtisi olabilir. Bu t\u00fcr a\u011fr\u0131lar, ya\u015fam kalitesini ciddi \u015fekilde etkiler. \u0130\u015fte sinir s\u0131k\u0131\u015fmas\u0131 ve f\u0131t\u0131k aras\u0131ndaki farklar ve a\u011fr\u0131y\u0131 hafifletme y\u00f6ntemleri hakk\u0131nda bilmeniz gerekenler\u2026<span class=\"Apple-converted-space\">\u00a0<\/span><\/strong><\/p>\n<p class=\"p1\">Bacaklarda hissedilen a\u011fr\u0131, bir\u00e7ok ki\u015finin kar\u015f\u0131la\u015ft\u0131\u011f\u0131 yayg\u0131n bir sorun olsa da, bu a\u011fr\u0131n\u0131n alt\u0131nda yatan sebepler farkl\u0131l\u0131k g\u00f6sterebilir. Sinir s\u0131k\u0131\u015fmas\u0131 ve f\u0131t\u0131k, bacak a\u011fr\u0131s\u0131na yol a\u00e7abilen ba\u015fl\u0131ca sa\u011fl\u0131k problemlerindendir. Bu a\u011fr\u0131lar, genellikle bel b\u00f6lgesindeki sinirlerin bask\u0131 alt\u0131nda kalmas\u0131 nedeniyle ortaya \u00e7\u0131kar ve ki\u015filerin g\u00fcnl\u00fck aktivitelerini zorla\u015ft\u0131rabilir. Sinir s\u0131k\u0131\u015fmas\u0131 ile f\u0131t\u0131k aras\u0131ndaki farklar\u0131 anlamak, do\u011fru tedavi y\u00f6ntemlerini se\u00e7mek a\u00e7\u0131s\u0131ndan olduk\u00e7a \u00f6nemli. Peki, baca\u011f\u0131 vuran a\u011fr\u0131 neden olur, hangi hastal\u0131klar bu duruma yol a\u00e7ar ve nas\u0131l hafifletilir? Bu i\u00e7eri\u011fimizde sizler i\u00e7in , bacak a\u011fr\u0131s\u0131n\u0131n olas\u0131 nedenlerini, tedavi se\u00e7eneklerini ve a\u011fr\u0131y\u0131 hafifletmek i\u00e7in uygulayabilece\u011finiz y\u00f6ntemleri derledik.<span class=\"Apple-converted-space\">\u00a0<\/span><\/p>\n<h3 class=\"p1\"><b>BACA\u011eA VURAN A\u011eRI NEDEN OLUR?<\/b><\/h3>\n<p class=\"p1\">Baca\u011fa vuran a\u011fr\u0131, bir\u00e7ok farkl\u0131 nedenden kaynaklanabilir. Bu t\u00fcr a\u011fr\u0131lar genellikle bel veya s\u0131rt b\u00f6lgesindeki problemlerle ili\u015fkilidir. Sinir s\u0131k\u0131\u015fmas\u0131, bel f\u0131t\u0131\u011f\u0131 veya omurga sorunlar\u0131 gibi durumlardan dolay\u0131, sinirlerin bask\u0131ya u\u011framas\u0131 bacaklarda a\u011fr\u0131ya yol a\u00e7abilir. Ayr\u0131ca, kaslar, ba\u011f dokusu veya eklemlerdeki problemlerde de bacak a\u011fr\u0131s\u0131 g\u00f6r\u00fclebilir. Bacaklara vuran a\u011fr\u0131lar bazen kalp, damar ya da kas iskelet sistemi hastal\u0131klar\u0131n\u0131n belirtisi olabilir, bu y\u00fczden do\u011fru bir tan\u0131 koymak olduk\u00e7a \u00f6nemlidir.<\/p>\n<p><img loading=\"lazy\" decoding=\"async\" class=\"alignnone wp-image-94481\" src=\"https:\/\/www.tgrthaber.com\/mavikadin\/wp-content\/uploads\/Ekran-Resmi-2024-11-16-22.23.49-300x275.png\" alt=\"bacak a\u011fr\u0131s\u0131 \" width=\"709\" height=\"650\" title=\"\" srcset=\"https:\/\/www.tgrthaber.com\/mavikadin\/wp-content\/uploads\/Ekran-Resmi-2024-11-16-22.23.49-300x275.png 300w, https:\/\/www.tgrthaber.com\/mavikadin\/wp-content\/uploads\/Ekran-Resmi-2024-11-16-22.23.49-1024x939.png 1024w, https:\/\/www.tgrthaber.com\/mavikadin\/wp-content\/uploads\/Ekran-Resmi-2024-11-16-22.23.49-768x704.png 768w, https:\/\/www.tgrthaber.com\/mavikadin\/wp-content\/uploads\/Ekran-Resmi-2024-11-16-22.23.49-1536x1408.png 1536w, https:\/\/www.tgrthaber.com\/mavikadin\/wp-content\/uploads\/Ekran-Resmi-2024-11-16-22.23.49.png 1562w\" sizes=\"(max-width: 709px) 100vw, 709px\" \/><\/p>\n<h3 class=\"p1\"><b>BACA\u011eA VURAN A\u011eRI HANG\u0130 HASTALIKLARIN HABERC\u0130S\u0130?<\/b><\/h3>\n<p class=\"p1\">Baca\u011fa vuran a\u011fr\u0131lar, genellikle v\u00fccudun alt k\u0131sm\u0131nda yer alan baz\u0131 sa\u011fl\u0131k sorunlar\u0131n\u0131n belirtisi olabilir. Bel f\u0131t\u0131\u011f\u0131, omurgadaki disklerin yer de\u011fi\u015ftirmesi sonucu sinirlerin s\u0131k\u0131\u015fmas\u0131yla bacaklara yay\u0131lan a\u011fr\u0131lara neden olabilir. Siyatik sinir s\u0131k\u0131\u015fmas\u0131 da benzer \u015fekilde bacakta a\u011fr\u0131ya yol a\u00e7abilir. Siyatik, belden ba\u015flay\u0131p bacak boyunca inen b\u00fcy\u00fck bir sinirdir. Vask\u00fcler hastal\u0131klar da baca\u011fa vuran a\u011fr\u0131y\u0131 tetikleyebilir. Damar t\u0131kan\u0131kl\u0131\u011f\u0131 ya da derin ven trombozu (DVT) gibi sorunlar bacakta \u015fiddetli a\u011fr\u0131lara yol a\u00e7abilir. Ayr\u0131ca, kas ve ba\u011f dokusu sorunlar\u0131 da kas spazmlar\u0131 ve gerilmeler ile bacak a\u011fr\u0131lar\u0131n\u0131 art\u0131rabilir.<\/p>\n<p><img loading=\"lazy\" decoding=\"async\" class=\"alignnone wp-image-94482\" src=\"https:\/\/www.tgrthaber.com\/mavikadin\/wp-content\/uploads\/Ekran-Resmi-2024-11-16-22.24.20-300x198.png\" alt=\"\" width=\"817\" height=\"539\" title=\"\" srcset=\"https:\/\/www.tgrthaber.com\/mavikadin\/wp-content\/uploads\/Ekran-Resmi-2024-11-16-22.24.20-300x198.png 300w, https:\/\/www.tgrthaber.com\/mavikadin\/wp-content\/uploads\/Ekran-Resmi-2024-11-16-22.24.20-1024x674.png 1024w, https:\/\/www.tgrthaber.com\/mavikadin\/wp-content\/uploads\/Ekran-Resmi-2024-11-16-22.24.20-768x506.png 768w, https:\/\/www.tgrthaber.com\/mavikadin\/wp-content\/uploads\/Ekran-Resmi-2024-11-16-22.24.20-1536x1012.png 1536w, https:\/\/www.tgrthaber.com\/mavikadin\/wp-content\/uploads\/Ekran-Resmi-2024-11-16-22.24.20.png 1576w\" sizes=\"(max-width: 817px) 100vw, 817px\" \/><\/p>\n<h3 class=\"p1\"><b>BACAK A\u011eRISI NE ZAMAN TEHL\u0130KEL\u0130 OLUR?<span class=\"Apple-converted-space\">\u00a0<\/span><\/b><\/h3>\n<p class=\"p1\">Bacak a\u011fr\u0131s\u0131n\u0131n ne zaman tehlikeli olabilece\u011fini anlamak i\u00e7in a\u011fr\u0131n\u0131n \u015fiddeti ve s\u00fcresi \u00f6nemlidir. A\u011fr\u0131 \u015fiddetli ve keskinse, \u00f6zellikle yava\u015f\u00e7a art\u0131yorsa, bu bir sinyal olabilir. E\u011fer a\u011fr\u0131 aniden ba\u015flam\u0131\u015fsa ve s\u00fcrekli hale geliyorsa, \u00f6zellikle bacakta \u015fi\u015flik veya morarma g\u00f6r\u00fcl\u00fcyorsa, bu durumu dikkate almak gerekir. Ayr\u0131ca, nefes darl\u0131\u011f\u0131, g\u00f6\u011f\u00fcs a\u011fr\u0131s\u0131 veya halsizlik gibi belirtilerle birlikte bacak a\u011fr\u0131s\u0131 ya\u015fan\u0131yorsa, derin ven trombozu (DVT) veya pulmoner emboli gibi hayati tehlike olu\u015fturabilecek durumlar\u0131n habercisi olabilir. B\u00f6yle bir durumda derhal doktora ba\u015fvurulmas\u0131 gerekir. Bacakta g\u00f6r\u00fclen a\u011fr\u0131lar bazen kalp ve damar hastal\u0131klar\u0131n\u0131n belirtisi olabilir, bu y\u00fczden erken te\u015fhis hayat kurtar\u0131c\u0131d\u0131r.<\/p>\n<p><img loading=\"lazy\" decoding=\"async\" class=\"alignnone wp-image-94483\" src=\"https:\/\/www.tgrthaber.com\/mavikadin\/wp-content\/uploads\/Ekran-Resmi-2024-11-16-22.24.14-300x246.png\" alt=\"bacak a\u011fr\u0131s\u0131 \" width=\"793\" height=\"650\" title=\"\" srcset=\"https:\/\/www.tgrthaber.com\/mavikadin\/wp-content\/uploads\/Ekran-Resmi-2024-11-16-22.24.14-300x246.png 300w, https:\/\/www.tgrthaber.com\/mavikadin\/wp-content\/uploads\/Ekran-Resmi-2024-11-16-22.24.14-1024x839.png 1024w, https:\/\/www.tgrthaber.com\/mavikadin\/wp-content\/uploads\/Ekran-Resmi-2024-11-16-22.24.14-768x630.png 768w, https:\/\/www.tgrthaber.com\/mavikadin\/wp-content\/uploads\/Ekran-Resmi-2024-11-16-22.24.14.png 1476w\" sizes=\"(max-width: 793px) 100vw, 793px\" \/><\/p>\n<h3 class=\"p1\"><strong>BACAK A\u011eRISI NASIL GE\u00c7ER?<\/strong><\/h3>\n<p class=\"p1\">Bacak a\u011fr\u0131s\u0131n\u0131 hafifletmek i\u00e7in \u00e7e\u015fitli y\u00f6ntemler bulunmaktad\u0131r. Bunlar aras\u0131nda en etkili olanlardan biri, a\u011fr\u0131l\u0131 b\u00f6lgeye \u0131s\u0131 ve so\u011fuk uygulamakt\u0131r; \u0131s\u0131, kaslar\u0131 gev\u015feterek rahatlama sa\u011flarken, so\u011fuk ise iltihaplanmay\u0131 ve \u015fi\u015fli\u011fi azaltabilir. Ayr\u0131ca, nazik masaj ve germe egzersizleri de kas gerginli\u011fini ve a\u011fr\u0131y\u0131 hafifletmeye yard\u0131mc\u0131 olabilir. Uzun s\u00fcre ayn\u0131 pozisyonda kalmaktan ka\u00e7\u0131nmak, duru\u015fu d\u00fczeltmek ve v\u00fccudu rahatlatmak da bacaklardaki a\u011fr\u0131y\u0131 azaltan \u00f6nemli fakt\u00f6rlerdir. Yeterli dinlenme ve uyku, bacaklar\u0131n iyile\u015fmesine destek verirken, do\u011fal bitkisel \u00e7aylar ve takviyeler de a\u011fr\u0131y\u0131 yat\u0131\u015ft\u0131rmaya yard\u0131mc\u0131 olabilir. T\u00fcm bu y\u00f6ntemlerle birlikte, e\u011fer a\u011fr\u0131 devam ederse bir uzmana dan\u0131\u015fmak, do\u011fru tedaviye ula\u015fmak i\u00e7in \u00f6nemlidir.<\/p>\n<p><img loading=\"lazy\" decoding=\"async\" class=\"alignnone wp-image-94484\" src=\"https:\/\/www.tgrthaber.com\/mavikadin\/wp-content\/uploads\/Ekran-Resmi-2024-11-16-22.24.04-300x195.png\" alt=\"bacak a\u011fr\u0131s\u0131 \" width=\"806\" height=\"524\" title=\"\" srcset=\"https:\/\/www.tgrthaber.com\/mavikadin\/wp-content\/uploads\/Ekran-Resmi-2024-11-16-22.24.04-300x195.png 300w, https:\/\/www.tgrthaber.com\/mavikadin\/wp-content\/uploads\/Ekran-Resmi-2024-11-16-22.24.04-1024x665.png 1024w, https:\/\/www.tgrthaber.com\/mavikadin\/wp-content\/uploads\/Ekran-Resmi-2024-11-16-22.24.04-768x499.png 768w, https:\/\/www.tgrthaber.com\/mavikadin\/wp-content\/uploads\/Ekran-Resmi-2024-11-16-22.24.04-1536x998.png 1536w, https:\/\/www.tgrthaber.com\/mavikadin\/wp-content\/uploads\/Ekran-Resmi-2024-11-16-22.24.04.png 1622w\" sizes=\"(max-width: 806px) 100vw, 806px\" \/><\/p>\n<h3 class=\"p1\"><b>N\u00d6R\u00dcL\u00dcJ\u0130K BACAK A\u011eRISI NEDEN OLUR?<span class=\"Apple-converted-space\">\u00a0<\/span><\/b><\/h3>\n<p class=\"p1\">N\u00f6rolojik bacak a\u011fr\u0131s\u0131, sinirlerin hasar g\u00f6rmesi veya s\u0131k\u0131\u015fmas\u0131 sonucu meydana gelir. Bu t\u00fcr a\u011fr\u0131lar genellikle bel f\u0131t\u0131\u011f\u0131, siyatik veya n\u00f6ropatik a\u011fr\u0131lar gibi durumlarla ili\u015fkilidir. N\u00f6ropatik a\u011fr\u0131, sinirlerin bozulmas\u0131ndan kaynaklanan bir a\u011fr\u0131 t\u00fcr\u00fcd\u00fcr ve genellikle keskin, yanma hissi veya elektrik \u00e7arpmas\u0131 \u015feklinde hissedilir.<\/p>\n<p><img loading=\"lazy\" decoding=\"async\" class=\"alignnone wp-image-94485\" src=\"https:\/\/www.tgrthaber.com\/mavikadin\/wp-content\/uploads\/Ekran-Resmi-2024-11-16-22.23.55-300x251.png\" alt=\"bacak a\u011fr\u0131s\u0131 \" width=\"821\" height=\"687\" title=\"\" srcset=\"https:\/\/www.tgrthaber.com\/mavikadin\/wp-content\/uploads\/Ekran-Resmi-2024-11-16-22.23.55-300x251.png 300w, https:\/\/www.tgrthaber.com\/mavikadin\/wp-content\/uploads\/Ekran-Resmi-2024-11-16-22.23.55-1024x857.png 1024w, https:\/\/www.tgrthaber.com\/mavikadin\/wp-content\/uploads\/Ekran-Resmi-2024-11-16-22.23.55-768x643.png 768w, https:\/\/www.tgrthaber.com\/mavikadin\/wp-content\/uploads\/Ekran-Resmi-2024-11-16-22.23.55.png 1512w\" sizes=\"(max-width: 821px) 100vw, 821px\" \/><\/p>\n<p class=\"p1\">N\u00f6rolojik bacak a\u011fr\u0131s\u0131, \u00e7o\u011fu zaman bel b\u00f6lgesindeki problemlerle ili\u015fkilidir. Bu a\u011fr\u0131lar\u0131n tedavi edilmesi i\u00e7in genellikle fizik tedavi, ila\u00e7 tedavisi veya bazen cerrahi m\u00fcdahale gerekebilir. Ayr\u0131ca, duru\u015f bozukluklar\u0131, uzun s\u00fcreli oturma veya uyumsuz hareketler de sinirlerin s\u0131k\u0131\u015fmas\u0131na yol a\u00e7arak bacaklarda a\u011fr\u0131ya neden olabilir.<\/p>\n<p class=\"p1\">\n","protected":false},"excerpt":{"rendered":"<p>Baca\u011fa vuran a\u011fr\u0131lar, genellikle sinir s\u0131k\u0131\u015fmas\u0131 veya f\u0131t\u0131k gibi sa\u011fl\u0131k sorunlar\u0131n\u0131n belirtisi olabilir. Bu t\u00fcr a\u011fr\u0131lar, ya\u015fam kalitesini ciddi \u015fekilde etkiler. \u0130\u015fte sinir s\u0131k\u0131\u015fmas\u0131 ve f\u0131t\u0131k aras\u0131ndaki farklar ve a\u011fr\u0131y\u0131 hafifletme y\u00f6ntemleri hakk\u0131nda bilmeniz gerekenler\u2026\u00a0 Bacaklarda hissedilen a\u011fr\u0131, bir\u00e7ok ki\u015finin kar\u015f\u0131la\u015ft\u0131\u011f\u0131 yayg\u0131n bir sorun olsa da, bu a\u011fr\u0131n\u0131n alt\u0131nda yatan sebepler farkl\u0131l\u0131k g\u00f6sterebilir. Sinir s\u0131k\u0131\u015fmas\u0131 [&hellip;]<\/p>\n","protected":false},"author":16,"featured_media":94486,"comment_status":"closed","ping_status":"closed","sticky":false,"template":"","format":"standard","meta":{"rank_math_lock_modified_date":false,"footnotes":""},"categories":[1991],"tags":[2184,2183],"class_list":["post-94480","post","type-post","status-publish","format-standard","has-post-thumbnail","hentry","category-saglik","tag-bacaga-vuran-agri","tag-bacak-agrisi-neden-olur"],"_links":{"self":[{"href":"https:\/\/www.tgrthaber.com\/mavikadin\/wp-json\/wp\/v2\/posts\/94480"}],"collection":[{"href":"https:\/\/www.tgrthaber.com\/mavikadin\/wp-json\/wp\/v2\/posts"}],"about":[{"href":"https:\/\/www.tgrthaber.com\/mavikadin\/wp-json\/wp\/v2\/types\/post"}],"author":[{"embeddable":true,"href":"https:\/\/www.tgrthaber.com\/mavikadin\/wp-json\/wp\/v2\/users\/16"}],"replies":[{"embeddable":true,"href":"https:\/\/www.tgrthaber.com\/mavikadin\/wp-json\/wp\/v2\/comments?post=94480"}],"version-history":[{"count":1,"href":"https:\/\/www.tgrthaber.com\/mavikadin\/wp-json\/wp\/v2\/posts\/94480\/revisions"}],"predecessor-version":[{"id":94487,"href":"https:\/\/www.tgrthaber.com\/mavikadin\/wp-json\/wp\/v2\/posts\/94480\/revisions\/94487"}],"wp:featuredmedia":[{"embeddable":true,"href":"https:\/\/www.tgrthaber.com\/mavikadin\/wp-json\/wp\/v2\/media\/94486"}],"wp:attachment":[{"href":"https:\/\/www.tgrthaber.com\/mavikadin\/wp-json\/wp\/v2\/media?parent=94480"}],"wp:term":[{"taxonomy":"category","embeddable":true,"href":"https:\/\/www.tgrthaber.com\/mavikadin\/wp-json\/wp\/v2\/categories?post=94480"},{"taxonomy":"post_tag","embeddable":true,"href":"https:\/\/www.tgrthaber.com\/mavikadin\/wp-json\/wp\/v2\/tags?post=94480"}],"curies":[{"name":"wp","href":"https:\/\/api.w.org\/{rel}","templated":true}]}}