{"id":94613,"date":"2024-11-17T17:03:57","date_gmt":"2024-11-17T14:03:57","guid":{"rendered":"https:\/\/www.tgrthaber.com\/mavikadin\/?p=94613"},"modified":"2024-11-18T12:43:24","modified_gmt":"2024-11-18T09:43:24","slug":"kerevizin-bebekler-icin-muhtesem-faydalari-bebeklere-kereviz-nasil-yedirilir-bebeklere-kereviz-yemegi-tarifi","status":"publish","type":"post","link":"https:\/\/www.tgrthaber.com\/mavikadin\/kerevizin-bebekler-icin-muhtesem-faydalari-bebeklere-kereviz-nasil-yedirilir-bebeklere-kereviz-yemegi-tarifi\/","title":{"rendered":"Kerevizin bebekler i\u00e7in muhte\u015fem faydalar\u0131! Bebeklere kereviz nas\u0131l yedirilir? Bebeklere kereviz yeme\u011fi tarifi"},"content":{"rendered":"<p>\u0130\u00e7erisinde bulundurdu\u011fu faydal\u0131 vitamin ve mineral de\u011ferleri ile ek g\u0131da d\u00f6neminde sekizinci aydan sonra t\u00fcketilmesi tavsiye edilen kereviz yeme\u011fi, hem lezzet a\u00e7\u0131s\u0131ndan hem de t\u00fcm faydal\u0131 sebzeleri bir arada bulunduran muhte\u015fem bir yemektir. Ek g\u0131daya ge\u00e7en bebeklerin damak zevkine uygun olup geli\u015fim s\u00fcrecini desteklemeye yarayan kereviz yeme\u011fini dilerseniz ak\u015fam \u00f6\u011f\u00fcn\u00fcnde ana yemek olarak dilerseniz de \u00f6\u011f\u00fcn aralar\u0131nda mama \u015feklinde servise haz\u0131r hale getirebilirsiniz. Peki kerevizi bebeklerde ba\u015fka hangi \u015fekillerde t\u00fcketebiliriz? Kerevizin bebek geli\u015fimine yararlar\u0131 neler? Ek g\u0131da d\u00f6neminde bebeklerde kereviz t\u00fcketimi ile ilgili merak edilenler&#8230;<\/p>\n<h3>KEREV\u0130Z\u0130N BEBEKLERE FAYDALARI NELER? BEBEKLER NEDEN KEREV\u0130Z YEMEL\u0130?<\/h3>\n<p>Kereviz sebzesi, yeti\u015fkinlerde oldu\u011fu kadar bebeklik ve \u00e7ocukluk evresinde de v\u00fccuda sa\u011flad\u0131\u011f\u0131 inan\u0131lmaz faydalar\u0131 sayesinde yediden yetmi\u015fe herkese hitap edebilecek en lezzetli ve \u015fifa depolu besinlerin ba\u015f\u0131nda gelir. K\u00f6k\u00fc, g\u00f6vdesi, sap\u0131 olmak \u00fczere ba\u015ftan a\u015fa\u011f\u0131 her bir par\u00e7as\u0131 \u015fifa dolu olan kereviz; y\u00fcksek vitamin ve mineral de\u011ferlerinin d\u0131\u015f\u0131nda antioksidan bak\u0131m\u0131ndan da olduk\u00e7a g\u00fc\u00e7l\u00fcd\u00fcr.<\/p>\n<p><img loading=\"lazy\" decoding=\"async\" class=\"size-full wp-image-94616\" src=\"https:\/\/www.tgrthaber.com\/mavikadin\/wp-content\/uploads\/Kerevizin_Faydalari_Nelerdir_-_Buyuk_Anadolu_Hastanesi.jpg\" alt=\"kerevizin bebeklere faydalar\u0131\" width=\"960\" height=\"540\" title=\"\" srcset=\"https:\/\/www.tgrthaber.com\/mavikadin\/wp-content\/uploads\/Kerevizin_Faydalari_Nelerdir_-_Buyuk_Anadolu_Hastanesi.jpg 960w, https:\/\/www.tgrthaber.com\/mavikadin\/wp-content\/uploads\/Kerevizin_Faydalari_Nelerdir_-_Buyuk_Anadolu_Hastanesi-300x169.jpg 300w, https:\/\/www.tgrthaber.com\/mavikadin\/wp-content\/uploads\/Kerevizin_Faydalari_Nelerdir_-_Buyuk_Anadolu_Hastanesi-768x432.jpg 768w\" sizes=\"(max-width: 960px) 100vw, 960px\" \/><\/p>\n<p>D\u00fczenli bir \u015fekilde belirli miktarlarda t\u00fcketilebilecek olan kereviz yeme\u011fi bebekleri h\u00fccresel hastal\u0131klardan korumas\u0131n\u0131n yan\u0131 s\u0131ra sindirim problemi g\u00f6r\u00fclen haz\u0131ms\u0131zl\u0131k gibi durumlarda b\u00fcy\u00fck bir rahatlama sa\u011flar. C vitamini kayna\u011f\u0131 olan kereviz t\u00fcketimi bebeklerde ba\u011f\u0131\u015f\u0131kl\u0131k sistemini kuvvetlendirirken, \u00f6zellikle de suyu sinir sistemini rahatlatan bir bile\u015fene sahiptir.<\/p>\n<h3>BEBEKLERE KEREV\u0130Z NASIL VER\u0130L\u0130R?<\/h3>\n<p>Ek g\u0131da d\u00f6nemine ge\u00e7en bebeklerde sekizinci aydan itibaren doktor onay\u0131 ile kereviz t\u00fcketilebilir. \u0130lk defa kereviz yiyecek olan bebe\u011finizde her besinde oldu\u011fu gibi kereviz verirken de dikkat edilmesi gereken baz\u0131 \u00f6nemli noktalar vard\u0131r. Bunun i\u00e7in ilk etapta; kerevizi ha\u015flanm\u0131\u015f bir halde ya da buharda pi\u015firerek bebe\u011finize verebilirsiniz. Ard\u0131ndan kerevizi p\u00fcr\u00fczs\u00fcz olacak \u015fekilde iyice ezerek yemesini kolayla\u015ft\u0131rabilirsiniz.<\/p>\n<p>Bebe\u011finize ilk kez kereviz verece\u011finiz zaman, az miktarlarda ba\u015flaman\u0131z \u00f6nerilebilir. Bu durum alerjik reaksiyona sebep olup olmayaca\u011f\u0131n\u0131 g\u00f6zlemleme konusunda i\u015finizi kolayla\u015ft\u0131rabilir. Enerji ve \u015fifa deposu olan bu muhte\u015fem sebzeyi bebe\u011finize \u00e7orba, p\u00fcre ya da k\u00f6fte gibi farkl\u0131 formlarda sunabilirsiniz.<\/p>\n<h3>BEBEKLER \u0130\u00c7\u0130N KEREV\u0130Z YEME\u011e\u0130 TAR\u0130F\u0130 (+8 AY)<br \/>\nMALZEMELER:<\/h3>\n<p>Orta b\u00fcy\u00fckl\u00fckteki kerevizin yar\u0131s\u0131<br \/>\n1 tane k\u00fc\u00e7\u00fck boy havu\u00e7<br \/>\nYar\u0131m adet patates<br \/>\nYar\u0131m adet so\u011fan<br \/>\n3 yemek ka\u015f\u0131\u011f\u0131 kadar zeytinya\u011f\u0131<br \/>\n3 su barda\u011f\u0131 kadar tavuk ya da ilik suyu<br \/>\n7 damla limon<\/p>\n<h3>HAZIRLANI\u015eI:<\/h3>\n<p>Bebe\u011fimize sa\u011fl\u0131kl\u0131 m\u0131 sa\u011fl\u0131kl\u0131 bir \u00e7orba pi\u015firmek i\u00e7in i\u015fe ilk olarak t\u00fcm malzemeleri minik\u00e7e do\u011frayarak ba\u015flayal\u0131m. Daha sonra so\u011fan\u0131 zaytinya\u011f\u0131 d\u00f6k\u00fcl\u00fc tencerede hafif soteleyip \u00fczerine do\u011fram\u0131\u015f oldu\u011funuz sebzelerden kereviz , patates ve havucu ilave edip bir tur kar\u0131\u015ft\u0131ral\u0131m.<\/p>\n<p><img loading=\"lazy\" decoding=\"async\" class=\"size-full wp-image-94614\" src=\"https:\/\/www.tgrthaber.com\/mavikadin\/wp-content\/uploads\/Yeme-Aliskanligi.jpg\" alt=\"bebekler i\u00e7in kereviz yeme\u011fi\" width=\"1000\" height=\"667\" title=\"\" srcset=\"https:\/\/www.tgrthaber.com\/mavikadin\/wp-content\/uploads\/Yeme-Aliskanligi.jpg 1000w, https:\/\/www.tgrthaber.com\/mavikadin\/wp-content\/uploads\/Yeme-Aliskanligi-300x200.jpg 300w, https:\/\/www.tgrthaber.com\/mavikadin\/wp-content\/uploads\/Yeme-Aliskanligi-768x512.jpg 768w\" sizes=\"(max-width: 1000px) 100vw, 1000px\" \/><\/p>\n<p>3 su barda\u011f\u0131 miktar\u0131ndaki tavuk ya da ilik suyunu koyup yakla\u015f\u0131k 7 damla kadar limon damlat\u0131p kapa\u011f\u0131 kapal\u0131 \u015fekilde pi\u015fmeye b\u0131rakal\u0131m. Kaynad\u0131ktan sonra oca\u011f\u0131n alt\u0131n\u0131 k\u0131sarak ortalama 20 dakika daha pi\u015fmesi bekleyelim. Il\u0131d\u0131ktan sonra bebe\u011fimize afiyetle i\u00e7irebiliriz&#8230;<\/p>\n<h3>L\u0130MONLU KEREV\u0130Z \u00c7ORBASI TAR\u0130F\u0130!<\/h3>\n<h3>MALZEMELER:<\/h3>\n<p>1 dal p\u0131rasa<br \/>\n1 di\u015f sar\u0131msak<br \/>\n1 patates<br \/>\n2 yemek ka\u015f\u0131\u011f\u0131 zeytinya\u011f\u0131<br \/>\n600 gr kereviz<br \/>\n2 adet rendelenmi\u015f limon kabu\u011fu<br \/>\n750 ml sebze suyu<br \/>\nKarabiber<br \/>\n1 demet maydanoz<br \/>\n2 yemek ka\u015f\u0131\u011f\u0131 rendelenmi\u015f turp<br \/>\n250 ml s\u00fct (1 ya\u015f alt\u0131 peynir alt\u0131 suyu, su)<br \/>\n1 adet limon suyu<\/p>\n<h3>\u00dcZER\u0130NE;<\/h3>\n<p>Maydanoz<\/p>\n<h3>YAPILI\u015eI:<\/h3>\n<p>Halka halka do\u011franan p\u0131rasaya ilaveten ezilmi\u015f sar\u0131msak ve k\u00fcpler halinde do\u011franan patatesleri zeytinya\u011f\u0131nda hafif soteleyelim. Ard\u0131ndan k\u00fcp do\u011franan kereviz, limon kabu\u011fu ve sebze suyunu ekleyelim.<\/p>\n<p><img loading=\"lazy\" decoding=\"async\" class=\"size-full wp-image-94615\" src=\"https:\/\/www.tgrthaber.com\/mavikadin\/wp-content\/uploads\/kereviz-corbasi-796681.jpg\" alt=\"limonlu kereviz \u00e7orbas\u0131\" width=\"1920\" height=\"1280\" title=\"\" srcset=\"https:\/\/www.tgrthaber.com\/mavikadin\/wp-content\/uploads\/kereviz-corbasi-796681.jpg 1920w, https:\/\/www.tgrthaber.com\/mavikadin\/wp-content\/uploads\/kereviz-corbasi-796681-300x200.jpg 300w, https:\/\/www.tgrthaber.com\/mavikadin\/wp-content\/uploads\/kereviz-corbasi-796681-1024x683.jpg 1024w, https:\/\/www.tgrthaber.com\/mavikadin\/wp-content\/uploads\/kereviz-corbasi-796681-768x512.jpg 768w, https:\/\/www.tgrthaber.com\/mavikadin\/wp-content\/uploads\/kereviz-corbasi-796681-1536x1024.jpg 1536w\" sizes=\"(max-width: 1920px) 100vw, 1920px\" \/><\/p>\n<p>\u00c7ok az bir karabiberle aroma kat\u0131p kaynamaya b\u0131rakal\u0131m. Se\u00e7ti\u011fimiz maydanozdan 4-5 dal kadar ay\u0131r\u0131p kalan yerlerden saplar\u0131n\u0131 temizleyerek kaynayan \u00e7orbaya ekleyip k\u0131s\u0131k ate\u015fte yar\u0131m saat kadar pi\u015firelim.<br \/>\nTurp, s\u00fct ve limon suyunu da koyup 5-6 dakika daha pi\u015firip oca\u011f\u0131n alt\u0131n\u0131 kapatal\u0131m. Blenderdan b\u0131ztlat\u0131p \u0131l\u0131n\u0131nca \u00fcst\u00fcne az miktarda do\u011franm\u0131\u015f maydanoz serpi\u015ftirip bebe\u011fimize afiyetle i\u00e7irelim&#8230;<\/p>\n","protected":false},"excerpt":{"rendered":"<p>\u0130\u00e7erisinde bulundurdu\u011fu faydal\u0131 vitamin ve mineral de\u011ferleri ile ek g\u0131da d\u00f6neminde sekizinci aydan sonra t\u00fcketilmesi tavsiye edilen kereviz yeme\u011fi, hem lezzet a\u00e7\u0131s\u0131ndan hem de t\u00fcm faydal\u0131 sebzeleri bir arada bulunduran muhte\u015fem bir yemektir. Ek g\u0131daya ge\u00e7en bebeklerin damak zevkine uygun olup geli\u015fim s\u00fcrecini desteklemeye yarayan kereviz yeme\u011fini dilerseniz ak\u015fam \u00f6\u011f\u00fcn\u00fcnde ana yemek olarak dilerseniz de [&hellip;]<\/p>\n","protected":false},"author":27,"featured_media":94617,"comment_status":"closed","ping_status":"closed","sticky":false,"template":"","format":"standard","meta":{"rank_math_lock_modified_date":false,"footnotes":""},"categories":[111],"tags":[2207,2209,2208],"class_list":["post-94613","post","type-post","status-publish","format-standard","has-post-thumbnail","hentry","category-anne-cocuk","tag-bebekler-icin-kereviz-yemegi","tag-bebeklere-kereviz-corbasi","tag-kerevizin-bebeklere-faydalari"],"_links":{"self":[{"href":"https:\/\/www.tgrthaber.com\/mavikadin\/wp-json\/wp\/v2\/posts\/94613"}],"collection":[{"href":"https:\/\/www.tgrthaber.com\/mavikadin\/wp-json\/wp\/v2\/posts"}],"about":[{"href":"https:\/\/www.tgrthaber.com\/mavikadin\/wp-json\/wp\/v2\/types\/post"}],"author":[{"embeddable":true,"href":"https:\/\/www.tgrthaber.com\/mavikadin\/wp-json\/wp\/v2\/users\/27"}],"replies":[{"embeddable":true,"href":"https:\/\/www.tgrthaber.com\/mavikadin\/wp-json\/wp\/v2\/comments?post=94613"}],"version-history":[{"count":5,"href":"https:\/\/www.tgrthaber.com\/mavikadin\/wp-json\/wp\/v2\/posts\/94613\/revisions"}],"predecessor-version":[{"id":94622,"href":"https:\/\/www.tgrthaber.com\/mavikadin\/wp-json\/wp\/v2\/posts\/94613\/revisions\/94622"}],"wp:featuredmedia":[{"embeddable":true,"href":"https:\/\/www.tgrthaber.com\/mavikadin\/wp-json\/wp\/v2\/media\/94617"}],"wp:attachment":[{"href":"https:\/\/www.tgrthaber.com\/mavikadin\/wp-json\/wp\/v2\/media?parent=94613"}],"wp:term":[{"taxonomy":"category","embeddable":true,"href":"https:\/\/www.tgrthaber.com\/mavikadin\/wp-json\/wp\/v2\/categories?post=94613"},{"taxonomy":"post_tag","embeddable":true,"href":"https:\/\/www.tgrthaber.com\/mavikadin\/wp-json\/wp\/v2\/tags?post=94613"}],"curies":[{"name":"wp","href":"https:\/\/api.w.org\/{rel}","templated":true}]}}