{"id":94701,"date":"2024-11-17T20:48:25","date_gmt":"2024-11-17T17:48:25","guid":{"rendered":"https:\/\/www.tgrthaber.com\/mavikadin\/?p=94701"},"modified":"2024-11-17T20:48:25","modified_gmt":"2024-11-17T17:48:25","slug":"turkiyenin-ilk-kadin-sumerologu-muazzez-ilmiye-cig-110-yasinda-hayatini-kaybetti","status":"publish","type":"post","link":"https:\/\/www.tgrthaber.com\/mavikadin\/turkiyenin-ilk-kadin-sumerologu-muazzez-ilmiye-cig-110-yasinda-hayatini-kaybetti\/","title":{"rendered":"T\u00fcrkiye&#8217;nin ilk kad\u0131n s\u00fcmerolo\u011fu Muazzez \u0130lmiye \u00c7\u0131\u011f, 110 ya\u015f\u0131nda hayat\u0131n\u0131 kaybetti."},"content":{"rendered":"<p>T\u00fcrkiye&#8217;nin ilk kad\u0131n s\u00fcmerolo\u011fu olan Muazzez \u0130lmiye \u00c7\u0131\u011f, 110 ya\u015f\u0131nda vefat etti. Mersin&#8217;de tedavi g\u00f6ren Muazzez \u0130lmiye \u00c7\u0131\u011f&#8217;\u0131n \u00f6l\u00fcm\u00fcyle ilgili detaylar&#8230;<\/p>\n<p>D\u00fcnyan\u0131n \u00f6nde gelen S\u00fcmeroloji uzmanlar\u0131ndan biri olan ve say\u0131s\u0131z bilimsel \u00e7al\u0131\u015fmaya imza atan Muazzez \u0130lmiye \u00c7\u0131\u011f, 110 ya\u015f\u0131nda hayata g\u00f6zlerini yumdu. Mersin&#8217;de tedavi g\u00f6rd\u00fc\u011f\u00fc hastanede vefat eden \u00c7\u0131\u011f&#8217;\u0131n ac\u0131 haberini Kaynak Yay\u0131nlar\u0131 duyurdu.<\/p>\n<h3>\u201cSON S\u00dcMER KRAL\u0130\u00c7ES\u0130&#8221; KAYBETT\u0130K<\/h3>\n<p>D\u00fcnyaca tan\u0131nan S\u00fcmerolog ve akademisyen Muazzez \u0130lmiye \u00c7\u0131\u011f, ne yaz\u0131k ki 110 ya\u015f\u0131nda hayat\u0131n\u0131 kaybetti. Uzun s\u00fcre Mersin&#8217;deki bir \u00f6zel hastanede tedavi g\u00f6rd\u00fc, ancak doktorlar\u0131n t\u00fcm m\u00fcdahalelerine ra\u011fmen kurtar\u0131lamad\u0131. 1914 do\u011fumlu olan \u00c7\u0131\u011f, S\u00fcmeroloji alan\u0131nda \u00f6nemli bilimsel \u00e7al\u0131\u015fmalara imza att\u0131 ve bu alandaki ola\u011fan\u00fcst\u00fc katk\u0131lar\u0131yla tan\u0131nd\u0131. Onun ayr\u0131l\u0131\u015f\u0131, sadece T\u00fcrkiye de\u011fil, d\u00fcnya \u00e7ap\u0131nda bir kay\u0131p olarak hissedildi.<\/p>\n<h3>K\u00dcLT\u00dcR VE TUR\u0130ZM BAKANI ERSOY&#8217;DAN BA\u015eSA\u011eLI\u011eI MESAJI<\/h3>\n<p>K\u00fclt\u00fcr ve Turizm Bakan\u0131 Mehmet Nuri Ersoy, T\u00fcrkiye&#8217;nin \u00f6nemli S\u00fcmerolog, arkeolog ve dilbilimci Muazzez \u0130lmiye \u00c7\u0131\u011f&#8217;\u0131n 110 ya\u015f\u0131nda Mersin&#8217;de hayat\u0131n\u0131 kaybetmesinin ard\u0131ndan sosyal medya hesab\u0131ndan Ersoy&#8217;un ba\u015fsa\u011fl\u0131\u011f\u0131 mesaj\u0131 payla\u015ft\u0131. Bakan Ersoy \u015funlar\u0131 ifade etti.<\/p>\n<p>\u201cT\u00fcrk k\u00fclt\u00fcr\u00fcne ve tarihine e\u015fsiz katk\u0131lar sunan \u00c7\u0131\u011f&#8217;\u0131n vefat\u0131n\u0131 derin bir \u00fcz\u00fcnt\u00fcyle \u00f6\u011frendi\u011fini belirten Ersoy, mesaj\u0131nda \u015funlar\u0131 kaydetti:<\/p>\n<p>&#8220;\u00d6mr\u00fcn\u00fc insanl\u0131k tarihinin en eski izlerini ayd\u0131nlatmaya adam\u0131\u015f de\u011ferli bilim insan\u0131m\u0131z, ara\u015ft\u0131rmalar\u0131 ve eserleriyle nesiller boyu hat\u0131rlanacakt\u0131r. Kendisine Allah&#8217;tan rahmet, ailesine ve t\u00fcm sevenlerine sab\u0131r diliyorum. T\u00fcrk bilim d\u00fcnyas\u0131n\u0131n ba\u015f\u0131 sa\u011f olsun.&#8221;<\/p>\n<figure id=\"attachment_94705\" aria-describedby=\"caption-attachment-94705\" style=\"width: 300px\" class=\"wp-caption alignnone\"><img loading=\"lazy\" decoding=\"async\" class=\"size-medium wp-image-94705\" src=\"https:\/\/www.tgrthaber.com\/mavikadin\/wp-content\/uploads\/muazzez-ilmiye-cig-300x287.jpg\" alt=\"muazzez ilmiye \u00e7\u0131\u011f\" width=\"300\" height=\"287\" title=\"\" srcset=\"https:\/\/www.tgrthaber.com\/mavikadin\/wp-content\/uploads\/muazzez-ilmiye-cig-300x287.jpg 300w, https:\/\/www.tgrthaber.com\/mavikadin\/wp-content\/uploads\/muazzez-ilmiye-cig.jpg 590w\" sizes=\"(max-width: 300px) 100vw, 300px\" \/><figcaption id=\"caption-attachment-94705\" class=\"wp-caption-text\">muazzez ilmiye \u00e7\u0131\u011f<\/figcaption><\/figure>\n<p><strong>MUAZZEZ \u0130LM\u0130YE \u00c7I\u011e K\u0130MD\u0130R?<\/strong><\/p>\n<p>T\u00fcrkiye\u2019 nin ilk kad\u0131n s\u00fcmerolo\u011fu Muazzez \u0130lmiye \u00c7\u0131\u011f, 20 Haziran 1914 tarihinde Bursa&#8217;da do\u011fdu.<\/p>\n<p>1926 y\u0131l\u0131nda s\u0131navla Bursa K\u0131z Muallim Mektebi&#8217;ne kabul edilen ve 1931&#8217;de mezun olan \u00f6\u011fretmen aday\u0131, 17 ya\u015f\u0131na geldi\u011finde ilkokul \u00f6\u011fretmeni olarak g\u00f6rev yapmaya ba\u015flad\u0131. Yakla\u015f\u0131k be\u015f y\u0131l s\u00fcren Eski\u015fehir&#8217;deki \u00f6\u011fretmenlik deneyiminin ard\u0131ndan, 1936 y\u0131l\u0131nda Ankara \u00dcniversitesi Dil ve Tarih-Co\u011frafya Fak\u00fcltesi&#8217;nin Hititoloji B\u00f6l\u00fcm\u00fc&#8217;nde e\u011fitimine devam etti.<br \/>\n1940 y\u0131l\u0131nda diplomas\u0131n\u0131 alan se\u00e7kin bir uzman, Antik \u015eark Eserleri M\u00fczesi&#8217;nde on y\u0131l s\u00fcrecek olan kariyerine, kurumun ar\u015fivlerinde terc\u00fcme edilmeden ve tasnif edilmeden saklanan binlerce \u00e7ivi yaz\u0131l\u0131 tablet \u00fczerinde \u00e7al\u0131\u015farak ba\u015flad\u0131. Bu karma\u015f\u0131k ve benzersiz alanda g\u00f6sterdi\u011fi ustal\u0131\u011f\u0131 sayesinde, bu ki\u015fi zaman i\u00e7erisinde hak etti\u011fi takdiri toplam\u0131\u015ft\u0131r.<\/p>\n<p><img loading=\"lazy\" decoding=\"async\" class=\"alignnone size-medium wp-image-94707\" src=\"https:\/\/www.tgrthaber.com\/mavikadin\/wp-content\/uploads\/muazzez-ilmiye-cig-300x170.webp\" alt=\"muazzez ilmiye \u00e7\u0131\u011f\" width=\"300\" height=\"170\" title=\"\" srcset=\"https:\/\/www.tgrthaber.com\/mavikadin\/wp-content\/uploads\/muazzez-ilmiye-cig-300x170.webp 300w, https:\/\/www.tgrthaber.com\/mavikadin\/wp-content\/uploads\/muazzez-ilmiye-cig.webp 660w\" sizes=\"(max-width: 300px) 100vw, 300px\" \/><\/p>\n<p>1960 y\u0131l\u0131nda Heidelberg \u00dcniversitesi&#8217;nde alt\u0131 ayl\u0131k bir bilimsel faaliyetten sonra, 1965&#8217;te Roma&#8217;da sergilenen de\u011ferli Hitit sergisini Londra&#8217;ya ta\u015f\u0131ma onuruna eri\u015fmi\u015ftir. Bu prestijli kariyerinin zirvesinden sonra, 1972&#8217;de emeklili\u011fe ad\u0131m atm\u0131\u015ft\u0131r.<\/p>\n<p>Emeklilikten sonra yurtd\u0131\u015f\u0131nda ya\u015fama deneyimini de geride b\u0131rakan Muazzez \u0130lmiye \u00c7\u0131\u011f, bilimsel \u00e7al\u0131\u015fmalar\u0131na olan tutkusunu hi\u00e7bir zaman kaybetmedi. 1988 y\u0131l\u0131nda Philadelphia&#8217;daki Asuroloji Kongresi&#8217;ne kat\u0131ld\u0131 ve kariyerine yeni bir boyut kazand\u0131rd\u0131. Prof. Kramer&#8217;in &#8216;History Begins at Sumer&#8217; adl\u0131 eserini T\u00fcrk\u00e7eye \u00e7evirme g\u00f6revini \u00fcstlenerek \u00f6nemli bir i\u015f ba\u015fard\u0131. Kitap, 1990 y\u0131l\u0131nda &#8216;Tarih Sumer&#8217;de Ba\u015flar&#8217; ad\u0131yla T\u00fcrk Tarih Kurumu taraf\u0131ndan yay\u0131mland\u0131 ve b\u00fcy\u00fck ilgi g\u00f6rd\u00fc.<\/p>\n<p><img loading=\"lazy\" decoding=\"async\" class=\"alignnone size-medium wp-image-94708\" src=\"https:\/\/www.tgrthaber.com\/mavikadin\/wp-content\/uploads\/muazzez-ilmiye-cig-1-300x169.jpg\" alt=\"muazzez ilmiye \u00e7\u0131\u011f\" width=\"300\" height=\"169\" title=\"\" srcset=\"https:\/\/www.tgrthaber.com\/mavikadin\/wp-content\/uploads\/muazzez-ilmiye-cig-1-300x169.jpg 300w, https:\/\/www.tgrthaber.com\/mavikadin\/wp-content\/uploads\/muazzez-ilmiye-cig-1-768x432.jpg 768w, https:\/\/www.tgrthaber.com\/mavikadin\/wp-content\/uploads\/muazzez-ilmiye-cig-1.jpg 1024w\" sizes=\"(max-width: 300px) 100vw, 300px\" \/><\/p>\n<p>Ki\u015fisel hayat\u0131na da de\u011finmek gerekirse, Topkap\u0131 M\u00fczesi M\u00fcd\u00fcr\u00fc M.Kemal \u00c7\u0131\u011f ile uzun s\u00fcreli bir evlilik ge\u00e7iren Muazzez \u0130lmiye \u00c7\u0131\u011f, iki k\u0131z evlad\u0131n da annesidir. Ayr\u0131ca S\u00fcmer ve Asur uygarl\u0131klar\u0131 \u00fczerine \u00e7al\u0131\u015fmalar yapan T\u00fcrk arkeolog, dilbilimci ve yazar, T\u00fcrkiye&#8217;de kad\u0131n haklar\u0131n\u0131n \u00f6nde gelen savunucular\u0131ndan biri olarak biliniyordu.<\/p>\n","protected":false},"excerpt":{"rendered":"<p>T\u00fcrkiye&#8217;nin ilk kad\u0131n s\u00fcmerolo\u011fu olan Muazzez \u0130lmiye \u00c7\u0131\u011f, 110 ya\u015f\u0131nda vefat etti. Mersin&#8217;de tedavi g\u00f6ren Muazzez \u0130lmiye \u00c7\u0131\u011f&#8217;\u0131n \u00f6l\u00fcm\u00fcyle ilgili detaylar&#8230; D\u00fcnyan\u0131n \u00f6nde gelen S\u00fcmeroloji uzmanlar\u0131ndan biri olan ve say\u0131s\u0131z bilimsel \u00e7al\u0131\u015fmaya imza atan Muazzez \u0130lmiye \u00c7\u0131\u011f, 110 ya\u015f\u0131nda hayata g\u00f6zlerini yumdu. Mersin&#8217;de tedavi g\u00f6rd\u00fc\u011f\u00fc hastanede vefat eden \u00c7\u0131\u011f&#8217;\u0131n ac\u0131 haberini Kaynak Yay\u0131nlar\u0131 duyurdu. \u201cSON [&hellip;]<\/p>\n","protected":false},"author":10,"featured_media":94707,"comment_status":"closed","ping_status":"closed","sticky":false,"template":"","format":"standard","meta":{"rank_math_lock_modified_date":false,"footnotes":""},"categories":[76],"tags":[2231,2230],"class_list":["post-94701","post","type-post","status-publish","format-standard","has-post-thumbnail","hentry","category-magazin","tag-muazzez-ilmiye-cig-kimdir","tag-muazzezilmiyecig"],"_links":{"self":[{"href":"https:\/\/www.tgrthaber.com\/mavikadin\/wp-json\/wp\/v2\/posts\/94701"}],"collection":[{"href":"https:\/\/www.tgrthaber.com\/mavikadin\/wp-json\/wp\/v2\/posts"}],"about":[{"href":"https:\/\/www.tgrthaber.com\/mavikadin\/wp-json\/wp\/v2\/types\/post"}],"author":[{"embeddable":true,"href":"https:\/\/www.tgrthaber.com\/mavikadin\/wp-json\/wp\/v2\/users\/10"}],"replies":[{"embeddable":true,"href":"https:\/\/www.tgrthaber.com\/mavikadin\/wp-json\/wp\/v2\/comments?post=94701"}],"version-history":[{"count":1,"href":"https:\/\/www.tgrthaber.com\/mavikadin\/wp-json\/wp\/v2\/posts\/94701\/revisions"}],"predecessor-version":[{"id":94709,"href":"https:\/\/www.tgrthaber.com\/mavikadin\/wp-json\/wp\/v2\/posts\/94701\/revisions\/94709"}],"wp:featuredmedia":[{"embeddable":true,"href":"https:\/\/www.tgrthaber.com\/mavikadin\/wp-json\/wp\/v2\/media\/94707"}],"wp:attachment":[{"href":"https:\/\/www.tgrthaber.com\/mavikadin\/wp-json\/wp\/v2\/media?parent=94701"}],"wp:term":[{"taxonomy":"category","embeddable":true,"href":"https:\/\/www.tgrthaber.com\/mavikadin\/wp-json\/wp\/v2\/categories?post=94701"},{"taxonomy":"post_tag","embeddable":true,"href":"https:\/\/www.tgrthaber.com\/mavikadin\/wp-json\/wp\/v2\/tags?post=94701"}],"curies":[{"name":"wp","href":"https:\/\/api.w.org\/{rel}","templated":true}]}}