{"id":94744,"date":"2024-11-18T01:48:57","date_gmt":"2024-11-17T22:48:57","guid":{"rendered":"https:\/\/www.tgrthaber.com\/mavikadin\/?p=94744"},"modified":"2024-11-18T17:49:26","modified_gmt":"2024-11-18T14:49:26","slug":"mauro-icardinin-kardesi-guido-icardi-wanda-ile-ilgili-konustu-artik-baskasinin-sorunu","status":"publish","type":"post","link":"https:\/\/www.tgrthaber.com\/mavikadin\/mauro-icardinin-kardesi-guido-icardi-wanda-ile-ilgili-konustu-artik-baskasinin-sorunu\/","title":{"rendered":"Mauro Icardi&#8217;nin karde\u015fi Guido Icardi, Wanda ile ilgili konu\u015ftu! &#8220;Art\u0131k ba\u015fkas\u0131n\u0131n sorunu!&#8221;"},"content":{"rendered":"<p>Magazin g\u00fcndeminde d\u00fc\u015fmek bilmeyen Mauro \u0130cardi ile Wanda Nara geli\u015fmelerine bir yenisi daha eklendi. Bir s\u00fcredir magazin g\u00fcndeminde Arjantinli y\u0131ld\u0131z futbolcu \u0130cardi ile kendisini ihanete u\u011fratan Wanda Nara&#8217;n\u0131n kesin olarak ayr\u0131l\u0131p ayr\u0131lmad\u0131\u011f\u0131 en \u00e7ok konu\u015fulanlar aras\u0131nda yerini koruyordu.<\/p>\n<h3>ICARD\u0130&#8217;N\u0130N KARDE\u015e\u0130 \u0130LK KEZ KONU\u015eTU<\/h3>\n<p>\u00c7alkant\u0131l\u0131 ili\u015fkileriyle g\u00fcndemden d\u00fc\u015fmeyen ikilinin Futbolcu \u0130cardi ile rap\u00e7i L-Gate ile sevgili olan Wanda Nara meselesinde gelinen son noktada; Wanda Nara&#8217;n\u0131n bo\u015fanma s\u00fcrecinde yeni bir ili\u015fkiye ba\u015flamas\u0131, olaylar\u0131 daha da i\u015fin i\u00e7inden \u00e7\u0131k\u0131lamaz bir hale getirmi\u015fti. Rap\u00e7i L-Gante ile yeni bir ili\u015fkiye ba\u015flad\u0131\u011f\u0131n\u0131 canl\u0131 yay\u0131nda \u00f6perek duyuran Wanda Nara&#8217;ya tepkiler \u00e7\u0131\u011f gibi b\u00fcy\u00fcr iken bir tepkide Mauro Icardi\u2019nin karde\u015fi Guido Icardi\u2019den geldi.<\/p>\n<p><img loading=\"lazy\" decoding=\"async\" class=\"alignnone size-full wp-image-94747\" src=\"https:\/\/www.tgrthaber.com\/mavikadin\/wp-content\/uploads\/45.png\" alt=\"\" width=\"932\" height=\"521\" title=\"\" srcset=\"https:\/\/www.tgrthaber.com\/mavikadin\/wp-content\/uploads\/45.png 932w, https:\/\/www.tgrthaber.com\/mavikadin\/wp-content\/uploads\/45-300x168.png 300w, https:\/\/www.tgrthaber.com\/mavikadin\/wp-content\/uploads\/45-768x429.png 768w\" sizes=\"(max-width: 932px) 100vw, 932px\" \/><\/p>\n<p>Futbolcu Mauro Icardi\u2019nin karde\u015fi Guido Icardi\u2019nin aktif bir \u015fekilde kulland\u0131\u011f\u0131 sosyal medya hesab\u0131ndan yay\u0131nlad\u0131\u011f\u0131 payla\u015f\u0131m, \u00f6zellikle de \u0130cardi hayranlar\u0131n\u0131n kafalar\u0131n\u0131 kar\u0131\u015ft\u0131rd\u0131. Guido taraf\u0131nda sert bir \u015fekilde Wanda Nara&#8217;n\u0131n hedef al\u0131nd\u0131\u011f\u0131 bu payla\u015f\u0131mda futbolcunun karde\u015fi Guido, &#8220;Art\u0131k ba\u015fkas\u0131n\u0131n sorunu&#8221; diyerek ak\u0131llarda bo\u015fanman\u0131n ger\u00e7ekle\u015fti\u011fi y\u00f6n\u00fcndeki d\u00fc\u015f\u00fcnceleri g\u00fc\u00e7lendirdi.<\/p>\n<h3>FUTBOLCU GU\u0130DO&#8217;DAN SERT \u0130FADELER! &#8220;ARTIK BA\u015eKASININ SORUNU&#8230;&#8221;<\/h3>\n<p>Arjantinli futbolcu Mauro Icardi\u2019nin karde\u015fi Guido Icardi, Wanda Nara ile ilgili sosyal medya hesab\u0131nda yay\u0131nlad\u0131\u011f\u0131 g\u00f6nderisinde olduk\u00e7a sert ve keskin bir dil kullanarak t\u00fcm kin ve nefretini kustu.<\/p>\n<p><img loading=\"lazy\" decoding=\"async\" class=\"alignnone size-full wp-image-94748\" src=\"https:\/\/www.tgrthaber.com\/mavikadin\/wp-content\/uploads\/GcgcDLJW4AANkVG.png\" alt=\"\" width=\"827\" height=\"466\" title=\"\" srcset=\"https:\/\/www.tgrthaber.com\/mavikadin\/wp-content\/uploads\/GcgcDLJW4AANkVG.png 827w, https:\/\/www.tgrthaber.com\/mavikadin\/wp-content\/uploads\/GcgcDLJW4AANkVG-300x169.png 300w, https:\/\/www.tgrthaber.com\/mavikadin\/wp-content\/uploads\/GcgcDLJW4AANkVG-768x433.png 768w\" sizes=\"(max-width: 827px) 100vw, 827px\" \/><\/p>\n<p>Guido, Instagram hesab\u0131non story b\u00f6l\u00fcm\u00fcne &#8220;Bug\u00fcn o i\u011fren\u00e7 insan\u0131n sonunda ailemden ayr\u0131l\u0131\u015f\u0131n\u0131 kutlama g\u00fcn\u00fc. Art\u0131k ba\u015fkas\u0131n\u0131n sorunu&#8221; notunu d\u00fc\u015ferek payla\u015f\u0131mda bulundu. Guido&#8217;nun g\u00f6nderiye d\u00fc\u015ft\u00fc\u011f\u00fc nottaki &#8220;i\u011fren\u00e7 insan&#8221; ifadesi, ailesiyle ilgili ya\u015fanan gerilimi tekrardan g\u00f6zler \u00f6n\u00fcne serdi.<\/p>\n<p>Abisi Mauro \u0130cardi&#8217;nin yan\u0131nda oldu\u011funu ve en b\u00fcy\u00fck destek\u00e7ilerinden biri oldu\u011fu yapt\u0131\u011f\u0131 payla\u015f\u0131mla belli olan Guido&#8217;nun Wanda Nara&#8217;ya y\u00f6nelik yapt\u0131\u011f\u0131 bu a\u00e7\u0131klama Galatasaray taraftarlar\u0131 taraf\u0131ndan sosyal medya hesaplar\u0131ndan bir\u00e7ok kez payla\u015f\u0131ld\u0131.<\/p>\n<h3>\u0130\u015eTE GU\u0130DO&#8217;NUN O PAYLA\u015eIMI&#8230;<\/h3>\n<p><img loading=\"lazy\" decoding=\"async\" class=\"alignnone size-full wp-image-94745\" src=\"https:\/\/www.tgrthaber.com\/mavikadin\/wp-content\/uploads\/63.png\" alt=\"\" width=\"523\" height=\"742\" title=\"\" srcset=\"https:\/\/www.tgrthaber.com\/mavikadin\/wp-content\/uploads\/63.png 523w, https:\/\/www.tgrthaber.com\/mavikadin\/wp-content\/uploads\/63-211x300.png 211w\" sizes=\"(max-width: 523px) 100vw, 523px\" \/><\/p>\n","protected":false},"excerpt":{"rendered":"<p>Magazin g\u00fcndeminde d\u00fc\u015fmek bilmeyen Mauro \u0130cardi ile Wanda Nara geli\u015fmelerine bir yenisi daha eklendi. Bir s\u00fcredir magazin g\u00fcndeminde Arjantinli y\u0131ld\u0131z futbolcu \u0130cardi ile kendisini ihanete u\u011fratan Wanda Nara&#8217;n\u0131n kesin olarak ayr\u0131l\u0131p ayr\u0131lmad\u0131\u011f\u0131 en \u00e7ok konu\u015fulanlar aras\u0131nda yerini koruyordu. ICARD\u0130&#8217;N\u0130N KARDE\u015e\u0130 \u0130LK KEZ KONU\u015eTU \u00c7alkant\u0131l\u0131 ili\u015fkileriyle g\u00fcndemden d\u00fc\u015fmeyen ikilinin Futbolcu \u0130cardi ile rap\u00e7i L-Gate ile sevgili [&hellip;]<\/p>\n","protected":false},"author":27,"featured_media":94746,"comment_status":"closed","ping_status":"closed","sticky":false,"template":"","format":"standard","meta":{"rank_math_lock_modified_date":false,"footnotes":""},"categories":[76],"tags":[2242,2243,2241,2222],"class_list":["post-94744","post","type-post","status-publish","format-standard","has-post-thumbnail","hentry","category-magazin","tag-guido-icardi","tag-l-gate","tag-mauro-icardi","tag-wanda-nara"],"_links":{"self":[{"href":"https:\/\/www.tgrthaber.com\/mavikadin\/wp-json\/wp\/v2\/posts\/94744"}],"collection":[{"href":"https:\/\/www.tgrthaber.com\/mavikadin\/wp-json\/wp\/v2\/posts"}],"about":[{"href":"https:\/\/www.tgrthaber.com\/mavikadin\/wp-json\/wp\/v2\/types\/post"}],"author":[{"embeddable":true,"href":"https:\/\/www.tgrthaber.com\/mavikadin\/wp-json\/wp\/v2\/users\/27"}],"replies":[{"embeddable":true,"href":"https:\/\/www.tgrthaber.com\/mavikadin\/wp-json\/wp\/v2\/comments?post=94744"}],"version-history":[{"count":4,"href":"https:\/\/www.tgrthaber.com\/mavikadin\/wp-json\/wp\/v2\/posts\/94744\/revisions"}],"predecessor-version":[{"id":94756,"href":"https:\/\/www.tgrthaber.com\/mavikadin\/wp-json\/wp\/v2\/posts\/94744\/revisions\/94756"}],"wp:featuredmedia":[{"embeddable":true,"href":"https:\/\/www.tgrthaber.com\/mavikadin\/wp-json\/wp\/v2\/media\/94746"}],"wp:attachment":[{"href":"https:\/\/www.tgrthaber.com\/mavikadin\/wp-json\/wp\/v2\/media?parent=94744"}],"wp:term":[{"taxonomy":"category","embeddable":true,"href":"https:\/\/www.tgrthaber.com\/mavikadin\/wp-json\/wp\/v2\/categories?post=94744"},{"taxonomy":"post_tag","embeddable":true,"href":"https:\/\/www.tgrthaber.com\/mavikadin\/wp-json\/wp\/v2\/tags?post=94744"}],"curies":[{"name":"wp","href":"https:\/\/api.w.org\/{rel}","templated":true}]}}