{"id":94910,"date":"2024-11-18T14:53:07","date_gmt":"2024-11-18T11:53:07","guid":{"rendered":"https:\/\/www.tgrthaber.com\/mavikadin\/?p=94910"},"modified":"2024-11-18T14:53:07","modified_gmt":"2024-11-18T11:53:07","slug":"antibiyotikler-sandiginizdan-daha-tehlikeli-olabiliyor-karacigere-veya-bobrege-zarar-verebiliyor","status":"publish","type":"post","link":"https:\/\/www.tgrthaber.com\/mavikadin\/antibiyotikler-sandiginizdan-daha-tehlikeli-olabiliyor-karacigere-veya-bobrege-zarar-verebiliyor\/","title":{"rendered":"Antibiyotikler sand\u0131\u011f\u0131n\u0131zdan daha tehlikeli olabiliyor! Karaci\u011fere veya b\u00f6bre\u011fe zarar verebiliyor"},"content":{"rendered":"<p>Antibiyotiklerin bir\u00e7ok yan etkisi oldu\u011funu belirten Enfeksiyon Hastal\u0131klar\u0131 Uzman\u0131 Prof. Dr. Mustafa S\u00fcnb\u00fcl en s\u0131k g\u00f6r\u00fclen yan etkilerin bulant\u0131, kusma, ishal, ciltte d\u00f6k\u00fcnt\u00fc oldu\u011funu ifade etti. S\u00fcnb\u00fcl, bu hafif yan etkilerin d\u0131\u015f\u0131nda nadir olarak g\u00f6r\u00fclen \u015fa\u015f\u0131rt\u0131c\u0131 yan etkilerden bahsetti.<\/p>\n<p>Liv Hospital Samsun Enfeksiyon Hastal\u0131klar\u0131 Klini\u011fi&#8217;nden Prof. Dr. Mustafa S\u00fcnb\u00fcl antibiyotik kullan\u0131m\u0131n\u0131n farkl\u0131 yan etkileri olabilece\u011fi konusunda bilgilendirdi. S\u00fcnb\u00fcl, bulant\u0131, kusma, ishal, ciltte d\u00f6k\u00fcnt\u00fc gibi hafif yan etkilerin d\u0131\u015f\u0131nda ciddi boyutlara varabilecek etkileri s\u0131ralad\u0131.<\/p>\n<h3>ANT\u0130B\u0130YOT\u0130KLER SANDI\u011eINIZDAN TEHL\u0130KEL\u0130 OLAB\u0130L\u0130R!<\/h3>\n<p>Prof. Dr. S\u00fcnb\u00fcl antibiyotik kullanman\u0131n baz\u0131 durumlarda ciddi yan etkilere neden olabilece\u011fini anlatt\u0131. Kemik ili\u011finin bask\u0131lanmas\u0131 ve alerjik \u015fok gibi etkiler d\u0131\u015f\u0131nda ki\u015finin karaci\u011fer ve b\u00f6bre\u011finde zarar olabilece\u011fini ifade etti.<\/p>\n<h3>18 KASIM ANT\u0130B\u0130YOT\u0130K FARKINDALIK G\u00dcN\u00dc<\/h3>\n<p>Prof. Dr. Mustafa S\u00fcnb\u00fcl, 18 Kas\u0131m Antibiyotik Fark\u0131ndal\u0131k G\u00fcn\u00fc dolay\u0131s\u0131yla bilgilendirmede bulundu. Antibiyoti\u011fin k\u0131saca tan\u0131m\u0131n\u0131 yapan Prof. Dr. S\u00fcnb\u00fcl, &#8220;Antibiyotikler yakla\u015f\u0131k bir as\u0131rdan bu yana enfeksiyon hastal\u0131klar\u0131n\u0131n tedavisinde kullan\u0131lan ila\u00e7lard\u0131r. Bu ila\u00e7lar sayesinde milyonlarca ki\u015finin hayat\u0131na mal olan hastal\u0131klar tedavi edilebilir hale gelmi\u015ftir. Bunun sonucunda ya\u015fam s\u00fcresi uzam\u0131\u015f ve hayat kalitesi artm\u0131\u015ft\u0131r. Antibiyotikler bakteri diye tan\u0131mlanan mikrop t\u00fcrlerini insan v\u00fccudunda \u00f6ld\u00fcren veya \u00fcremelerini engelleyerek hastal\u0131klar\u0131 tedavi eden maddelerdir&#8221; diye konu\u015ftu.<\/p>\n<p><img loading=\"lazy\" decoding=\"async\" class=\"alignnone size-full wp-image-94915\" src=\"https:\/\/www.tgrthaber.com\/mavikadin\/wp-content\/uploads\/4.jpg\" alt=\"\" width=\"1920\" height=\"1080\" title=\"\" srcset=\"https:\/\/www.tgrthaber.com\/mavikadin\/wp-content\/uploads\/4.jpg 1920w, https:\/\/www.tgrthaber.com\/mavikadin\/wp-content\/uploads\/4-300x169.jpg 300w, https:\/\/www.tgrthaber.com\/mavikadin\/wp-content\/uploads\/4-1024x576.jpg 1024w, https:\/\/www.tgrthaber.com\/mavikadin\/wp-content\/uploads\/4-768x432.jpg 768w, https:\/\/www.tgrthaber.com\/mavikadin\/wp-content\/uploads\/4-1536x864.jpg 1536w\" sizes=\"(max-width: 1920px) 100vw, 1920px\" \/><\/p>\n<h3>&#8220;ANT\u0130B\u0130YOT\u0130\u011e\u0130N HASTAYA H\u0130\u00c7B\u0130R FAYDASI YOKTUR&#8221;<\/h3>\n<p>Bakterilere kar\u015f\u0131 etkili olan antibiyotiklerin vir\u00fcslerin neden oldu\u011fu hastal\u0131klarda etkileri olmad\u0131\u011f\u0131na de\u011finen Prof. Dr. S\u00fcnb\u00fcl, &#8220;Ba\u015fl\u0131ca so\u011fuk alg\u0131nl\u0131\u011f\u0131 ve grip gibi etkeni vir\u00fcsler olan hastal\u0131klarda al\u0131nan antibiyoti\u011fin hastaya hi\u00e7bir faydas\u0131 yoktur. Hatta bu t\u00fcr enfeksiyonlarda antibiyotik almak diren\u00e7li bakteri geli\u015fme riskini art\u0131r\u0131r. Son y\u0131llarda d\u00fcnyada milyonlarca \u00f6l\u00fcme neden olan Covid-19 hastal\u0131\u011f\u0131 da bir vir\u00fcs hastal\u0131\u011f\u0131d\u0131r ve \u00fczerine ikincil bakteriyel enfeksiyon eklenmemi\u015fse, tedavide antibiyotik verilmemelidir. Maalesef \u00fclkemiz antibiyotiklerin uygunsuz kullan\u0131m\u0131nda OECD \u00fclkeleri aras\u0131nda ilk s\u0131ralarda yer almaktad\u0131r&#8221; \u015feklinde konu\u015ftu.<\/p>\n<h3>&#8220;ANT\u0130B\u0130YOT\u0130K DO\u011eRU DOZDA VE YETERL\u0130 S\u00dcREDE ALINMALIDIR&#8221;<\/h3>\n<p>Antibiyotiklerin ne kadar s\u00fcre kullan\u0131lmas\u0131 gerekti\u011fini s\u00f6yleyen Prof. Dr. S\u00fcnb\u00fcl, &#8220;Antibiyotik, tedavide ba\u015far\u0131ya ula\u015fmak i\u00e7in do\u011fru zamanda, do\u011fru dozda ve yeterli s\u00fcrede al\u0131nmal\u0131d\u0131r. Hastal\u0131klara g\u00f6re tedavi s\u00fcreleri de\u011fi\u015fmektedir. Hastal\u0131k belirtileri kaybolunca antibiyoti\u011fi erken kesmek, tekrarlayan enfeksiyonlara neden olabilece\u011fi gibi tedavi s\u00fcresini uzatmak ise dirence yol a\u00e7ar ve organlara zara verebilir. Doktorun g\u00f6r\u00fc\u015f\u00fc do\u011frultusunda tedavi s\u00fcrd\u00fcr\u00fclmelidir&#8221; ifadelerini kulland\u0131.<\/p>\n<p><img loading=\"lazy\" decoding=\"async\" class=\"alignnone size-full wp-image-94914\" src=\"https:\/\/www.tgrthaber.com\/mavikadin\/wp-content\/uploads\/3.jpg\" alt=\"\" width=\"1920\" height=\"1080\" title=\"\" srcset=\"https:\/\/www.tgrthaber.com\/mavikadin\/wp-content\/uploads\/3.jpg 1920w, https:\/\/www.tgrthaber.com\/mavikadin\/wp-content\/uploads\/3-300x169.jpg 300w, https:\/\/www.tgrthaber.com\/mavikadin\/wp-content\/uploads\/3-1024x576.jpg 1024w, https:\/\/www.tgrthaber.com\/mavikadin\/wp-content\/uploads\/3-768x432.jpg 768w, https:\/\/www.tgrthaber.com\/mavikadin\/wp-content\/uploads\/3-1536x864.jpg 1536w\" sizes=\"(max-width: 1920px) 100vw, 1920px\" \/><\/p>\n<h3>&#8220;ANT\u0130B\u0130YOT\u0130KLER KARAC\u0130\u011eERE VE B\u00d6BREKLERE ZARAR VEREB\u0130L\u0130R&#8221;<\/h3>\n<p>Antibiyotiklerin yan etkilerinden bahseden Prof. Dr. S\u00fcnb\u00fcl, \u015f\u00f6yle devam etti:<\/p>\n<p>&#8220;Antibiyotikler hayat kurtaran ila\u00e7lar olmakla beraber pek \u00e7ok yan etkileri de vard\u0131r. Bunlar\u0131n s\u0131k g\u00f6r\u00fclenleri bulant\u0131, kusma, ishal, ciltte d\u00f6k\u00fcnt\u00fc gibi genellikle hafif yan etkilerdir. Ancak bazen nadir olarak alerjik \u015fok, kemik ili\u011finin bask\u0131lanmas\u0131 gibi ciddi yan etkilerde g\u00f6r\u00fclebilir. Baz\u0131 antibiyotikler karaci\u011fere veya b\u00f6bre\u011fe zarar verebilir. Kimi zaman ise antibiyotikler tansiyon ve kalp ila\u00e7lar\u0131, psikiyatride kullan\u0131lan ila\u00e7larla uyumsuzluk g\u00f6sterebilir, tedavide dikkat edilmelidir. Antibiyotikler asla arkada\u015f veya kom\u015fu tavsiyesiyle kullan\u0131lmamal\u0131d\u0131r.&#8221;<\/p>\n<p><img loading=\"lazy\" decoding=\"async\" class=\"alignnone size-full wp-image-94913\" src=\"https:\/\/www.tgrthaber.com\/mavikadin\/wp-content\/uploads\/2.jpg\" alt=\"\" width=\"1920\" height=\"1080\" title=\"\" srcset=\"https:\/\/www.tgrthaber.com\/mavikadin\/wp-content\/uploads\/2.jpg 1920w, https:\/\/www.tgrthaber.com\/mavikadin\/wp-content\/uploads\/2-300x169.jpg 300w, https:\/\/www.tgrthaber.com\/mavikadin\/wp-content\/uploads\/2-1024x576.jpg 1024w, https:\/\/www.tgrthaber.com\/mavikadin\/wp-content\/uploads\/2-768x432.jpg 768w, https:\/\/www.tgrthaber.com\/mavikadin\/wp-content\/uploads\/2-1536x864.jpg 1536w\" sizes=\"(max-width: 1920px) 100vw, 1920px\" \/><\/p>\n<h3>&#8220;YILDA 1 M\u0130LYON K\u0130\u015e\u0130 HAYATINI KAYBED\u0130YOR&#8221;<\/h3>\n<p>Antibiyotiklere kar\u015f\u0131 diren\u00e7 geli\u015fmesi hakk\u0131nda bilgiler payla\u015fan Prof. Dr. S\u00fcnb\u00fcl, a\u00e7\u0131klamas\u0131n\u0131 \u015f\u00f6yle tamamlad\u0131:<\/p>\n<p>&#8220;Zamanla bakteriler pek \u00e7ok antibiyoti\u011fe kar\u015f\u0131 diren\u00e7 geli\u015ftirmi\u015ftir. Bu sorun genellikle antibiyotiklerin gereksiz kullan\u0131m\u0131 ve a\u015f\u0131r\u0131 antibiyotik t\u00fcketimine ba\u011fl\u0131d\u0131r. Diren\u00e7li bakterilerin neden oldu\u011fu hastal\u0131klar daha \u00f6l\u00fcmc\u00fcl seyretmektedir. Her y\u0131l d\u00fcnyada diren\u00e7li bakterilerin neden oldu\u011fu enfeksiyonlardan 1 milyona yak\u0131n ki\u015fi hayat\u0131n\u0131 kaybetmektedir. E\u011fer diren\u00e7 oran\u0131 bu h\u0131zla devam ederse 2050 y\u0131l\u0131nda \u00f6l\u00fcmlerin 10 milyonu bulaca\u011f\u0131 tahmin edilmektedir. Bir di\u011fer sorun ise son y\u0131llarda piyasaya verilen yeni antibiyotik say\u0131s\u0131ndaki azalmad\u0131r. \u00c7\u00fcnk\u00fc antibiyotiklerin geli\u015ftirilmesi, uzun bir s\u00fcre\u00e7 gerektirmekte ve y\u00fcksek maliyetlere neden olmaktad\u0131r. Ek olarak, geli\u015fen diren\u00e7 nedeniyle bu t\u00fcr ila\u00e7lar end\u00fcstri i\u00e7in tercih edilebilir olmaktan \u00e7\u0131kmaktad\u0131r. Bu nedenle mevcut antibiyotikleri yerinde ve ak\u0131lc\u0131 kullanmak \u00e7ok daha \u00f6nemli hale gelmi\u015ftir. Mevcut antibiyotiklerin tedavide etkisiz kalmas\u0131 ve yeni antibiyotiklerin klinik kullan\u0131ma girmemesi t\u0131p otoritelerini endi\u015felendirmektir. B\u00f6yle bir durumda basit enfeksiyon hastal\u0131klar\u0131 bile tedavi edilemeyecek ve \u00f6l\u00fcmle sonlanacakt\u0131r.&#8221;<\/p>\n","protected":false},"excerpt":{"rendered":"<p>Antibiyotiklerin bir\u00e7ok yan etkisi oldu\u011funu belirten Enfeksiyon Hastal\u0131klar\u0131 Uzman\u0131 Prof. Dr. Mustafa S\u00fcnb\u00fcl en s\u0131k g\u00f6r\u00fclen yan etkilerin bulant\u0131, kusma, ishal, ciltte d\u00f6k\u00fcnt\u00fc oldu\u011funu ifade etti. S\u00fcnb\u00fcl, bu hafif yan etkilerin d\u0131\u015f\u0131nda nadir olarak g\u00f6r\u00fclen \u015fa\u015f\u0131rt\u0131c\u0131 yan etkilerden bahsetti. Liv Hospital Samsun Enfeksiyon Hastal\u0131klar\u0131 Klini\u011fi&#8217;nden Prof. Dr. Mustafa S\u00fcnb\u00fcl antibiyotik kullan\u0131m\u0131n\u0131n farkl\u0131 yan etkileri olabilece\u011fi [&hellip;]<\/p>\n","protected":false},"author":5,"featured_media":94912,"comment_status":"closed","ping_status":"closed","sticky":false,"template":"","format":"standard","meta":{"rank_math_lock_modified_date":false,"footnotes":""},"categories":[1991],"tags":[2262],"class_list":["post-94910","post","type-post","status-publish","format-standard","has-post-thumbnail","hentry","category-saglik","tag-antibiyotik"],"_links":{"self":[{"href":"https:\/\/www.tgrthaber.com\/mavikadin\/wp-json\/wp\/v2\/posts\/94910"}],"collection":[{"href":"https:\/\/www.tgrthaber.com\/mavikadin\/wp-json\/wp\/v2\/posts"}],"about":[{"href":"https:\/\/www.tgrthaber.com\/mavikadin\/wp-json\/wp\/v2\/types\/post"}],"author":[{"embeddable":true,"href":"https:\/\/www.tgrthaber.com\/mavikadin\/wp-json\/wp\/v2\/users\/5"}],"replies":[{"embeddable":true,"href":"https:\/\/www.tgrthaber.com\/mavikadin\/wp-json\/wp\/v2\/comments?post=94910"}],"version-history":[{"count":2,"href":"https:\/\/www.tgrthaber.com\/mavikadin\/wp-json\/wp\/v2\/posts\/94910\/revisions"}],"predecessor-version":[{"id":94918,"href":"https:\/\/www.tgrthaber.com\/mavikadin\/wp-json\/wp\/v2\/posts\/94910\/revisions\/94918"}],"wp:featuredmedia":[{"embeddable":true,"href":"https:\/\/www.tgrthaber.com\/mavikadin\/wp-json\/wp\/v2\/media\/94912"}],"wp:attachment":[{"href":"https:\/\/www.tgrthaber.com\/mavikadin\/wp-json\/wp\/v2\/media?parent=94910"}],"wp:term":[{"taxonomy":"category","embeddable":true,"href":"https:\/\/www.tgrthaber.com\/mavikadin\/wp-json\/wp\/v2\/categories?post=94910"},{"taxonomy":"post_tag","embeddable":true,"href":"https:\/\/www.tgrthaber.com\/mavikadin\/wp-json\/wp\/v2\/tags?post=94910"}],"curies":[{"name":"wp","href":"https:\/\/api.w.org\/{rel}","templated":true}]}}