{"id":95056,"date":"2024-11-18T20:05:08","date_gmt":"2024-11-18T17:05:08","guid":{"rendered":"https:\/\/www.tgrthaber.com\/mavikadin\/?p=95056"},"modified":"2024-11-18T20:05:08","modified_gmt":"2024-11-18T17:05:08","slug":"demet-akalin-kac-evlilik-yapti-kac-cocugu-var-serveti-ne-kadar","status":"publish","type":"post","link":"https:\/\/www.tgrthaber.com\/mavikadin\/demet-akalin-kac-evlilik-yapti-kac-cocugu-var-serveti-ne-kadar\/","title":{"rendered":"Demet Akal\u0131n ka\u00e7 evlilik yapt\u0131 ka\u00e7 \u00e7ocu\u011fu var serveti ne kadar"},"content":{"rendered":"<p>Son olarak Milli E\u011fitim Bakan\u0131 Yusuf Tekin&#8217;e y\u00f6nelik s\u00f6zleri ile sosyal medyay\u0131 ikiye b\u00f6len Demet Akal\u0131n, bu payla\u015f\u0131m\u0131ndan sonra en \u00e7ok merak edilen \u00fcnl\u00fc isimler aras\u0131na girdi. Peki i\u015f ve \u00f6zel hayat\u0131yla s\u0131k s\u0131k g\u00fcndeme gelen Demet Akal\u0131n ka\u00e7 evlilik yapt\u0131 ka\u00e7 \u00e7ocu\u011fu var serveti ne kadar? \u0130\u015fte cevaplar&#8230;<\/p>\n<h3>DEMET AKALIN K\u0130MD\u0130R?<\/h3>\n<p>Demet Akal\u0131n Kurt 23 Nisan 197 tarihinde d\u00fcnyaya geldi. T\u00fcrk m\u00fczik sanat\u00e7\u0131s\u0131 ve eski modeldir. Kocaeli&#8217;nin G\u00f6lc\u00fck il\u00e7esinde do\u011fan Akal\u0131n, lise \u00f6\u011frenimini Barbaros Hayrettin Lisesi&#8217;nde tamamlad\u0131. Annesinin y\u00f6nlendirmesiyle Ya\u015far Alptekin&#8217;in modellik e\u011fitimine kat\u0131larak bu alanda bir kariyer planlad\u0131 ve Ne\u015fe Erberk&#8217;in ajans\u0131nda model olarak \u00e7al\u0131\u015fmaya ba\u015flad\u0131. Ayr\u0131ca, 1990&#8217;l\u0131 y\u0131llarda \u00e7e\u015fitli sinema projelerinde ve televizyon yap\u0131mlar\u0131nda oyunculuk yapt\u0131.<br \/>\nModel olarak \u00e7al\u0131\u015ft\u0131\u011f\u0131 d\u00f6nemde gazinolarda \u015fark\u0131 s\u00f6ylemeye de ba\u015flayan Akal\u0131n, bu alandaki \u00e7al\u0131\u015fmalar\u0131n\u0131n bir sonucu olarak 1996 y\u0131l\u0131nda Sebebim adl\u0131 ilk st\u00fcdyo alb\u00fcm\u00fcn\u00fc \u00e7\u0131kard\u0131. Ancak bu alb\u00fcm, m\u00fczik d\u00fcnyas\u0131nda b\u00fcy\u00fck bir yank\u0131 uyand\u0131rmad\u0131. Daha sonra &#8220;A\u015fk\u0131n A\u00e7amad\u0131\u011f\u0131 Kap\u0131&#8221; adl\u0131 \u00e7\u0131k\u0131\u015f par\u00e7as\u0131yla dikkat \u00e7ekti ve Kral TV Video M\u00fczik \u00d6d\u00fclleri&#8217;nde Y\u0131l\u0131n \u015eark\u0131s\u0131 \u00f6d\u00fcl\u00fcn\u00fc kazanan Banane (2004), M\u00dc-YAP&#8217;tan alt\u0131n \u00f6d\u00fcl alan Kusursuz 19 (2006) ve Dans Et (2008) gibi alb\u00fcmleriyle 2000&#8217;li y\u0131llar boyunca \u00f6nemli ba\u015far\u0131lar elde ederek T\u00fcrk pop m\u00fczi\u011finde g\u00fc\u00e7l\u00fc bir yer edindi.<\/p>\n<p>Yay\u0131mland\u0131\u011f\u0131 d\u00f6nemde T\u00fcrkiye\u2019nin en \u00e7ok sat\u0131lan alb\u00fcm\u00fc olan P\u0131rlanta (2015) dahil olmak \u00fczere, ba\u015far\u0131l\u0131 sat\u0131\u015f rakamlar\u0131na ula\u015fan alb\u00fcmleriyle 2010&#8217;larda da T\u00fcrk pop m\u00fczi\u011findeki etkisini s\u00fcrd\u00fcrd\u00fc. T\u00fcrkiye m\u00fczik listelerinde zirveye \u00e7\u0131kan &#8220;Afedersin&#8221;, &#8220;Mucize&#8221;, &#8220;Toz Pembe&#8221; ve &#8220;Hayalet&#8221; gibi hit par\u00e7alar\u0131n\u0131n yan\u0131 s\u0131ra, &#8220;Tecr\u00fcbe&#8221;, &#8220;\u00c7anta&#8221;, &#8220;Olacak Olacak&#8221;, &#8220;Sab\u0131ka&#8221;, &#8220;\u0130lahi Adalet&#8221; ve &#8220;Ders Olsun&#8221; \u015fark\u0131lar\u0131 da listelerde ilk be\u015f s\u0131ralamas\u0131nda yer ald\u0131.<br \/>\nAlb\u00fcm \u00e7al\u0131\u015fmalar\u0131nda s\u0131kl\u0131kla yer verdi\u011fi &#8220;sert ve iddial\u0131 \u015fark\u0131lar&#8221; ile m\u00fczik ele\u015ftirmenlerince kendine has bir tarz geli\u015ftirdi\u011fi belirtilen Akal\u0131n, yaln\u0131zca \u015fark\u0131lar\u0131yla de\u011fil, ayn\u0131 zamanda g\u00fcndeme damga vuran magazin ki\u015fili\u011fiyle de dikkatleri \u00fczerine \u00e7ekti.<\/p>\n<p><img loading=\"lazy\" decoding=\"async\" class=\"alignnone size-full wp-image-95077\" src=\"https:\/\/www.tgrthaber.com\/mavikadin\/wp-content\/uploads\/demet_akalin_meslektaslarina_sert_cikti-3.jpg\" alt=\"\" width=\"580\" height=\"485\" title=\"\" srcset=\"https:\/\/www.tgrthaber.com\/mavikadin\/wp-content\/uploads\/demet_akalin_meslektaslarina_sert_cikti-3.jpg 580w, https:\/\/www.tgrthaber.com\/mavikadin\/wp-content\/uploads\/demet_akalin_meslektaslarina_sert_cikti-3-300x251.jpg 300w\" sizes=\"(max-width: 580px) 100vw, 580px\" \/><\/p>\n<h3>HANDE YENER \u0130LE \u00d6NCE D\u00dc\u015eMAN SONRA DOST OLDULAR<\/h3>\n<p>2007 y\u0131l\u0131ndan itibaren Hande Yener ile aras\u0131nda ya\u015fanan kar\u015f\u0131l\u0131kl\u0131 at\u0131\u015fmalar, zamanla geleneksel bir h\u00e2l alarak aral\u0131kl\u0131 olarak tekrarlad\u0131 ve s\u0131k s\u0131k magazin g\u00fcndeminde yer buldu. 2006 y\u0131l\u0131nda O\u011fuz Kayhan ile, 2010 y\u0131l\u0131nda ise \u00d6nder Bekensir ile ger\u00e7ekle\u015ftirdi\u011fi k\u0131sa s\u00fcreli evliliklerin ard\u0131ndan, 2012 y\u0131l\u0131nda \u015fu anki e\u015fi Okan Kurt ile hayat\u0131n\u0131 birle\u015ftirerek 2014 y\u0131l\u0131nda ilk \u00e7ocu\u011fu Hira&#8217;y\u0131 kuca\u011f\u0131na ald\u0131. \u015eu ana dek iki Alt\u0131n Kelebek \u00d6d\u00fcl\u00fc ve d\u00f6rt Kral T\u00fcrkiye M\u00fczik \u00d6d\u00fcl\u00fc ba\u015fta olmak \u00fczere \u00e7ok say\u0131da \u00f6d\u00fcl\u00fcn sahibi oldu.<br \/>\nDemet Akal\u0131n, Aral\u0131k 2014&#8217;te DMC ile alb\u00fcm ba\u015f\u0131na 750 bin T\u00fcrk liras\u0131 de\u011ferinde bir anla\u015fma yapt\u0131. 2015 y\u0131l\u0131n\u0131n ba\u015flar\u0131nda, bu plak \u015firketiyle \u00e7\u0131karaca\u011f\u0131 dokuzuncu st\u00fcdyo alb\u00fcm\u00fcn\u00fcn \u00e7al\u0131\u015fmalar\u0131n\u0131 s\u00fcrd\u00fcr\u00fcrken Emrah Karaduman&#8217;\u0131n Toz Duman alb\u00fcm\u00fcnde yer alan &#8220;\u0130ntikam&#8221; \u015fark\u0131s\u0131n\u0131 ve Sinan Ak\u00e7\u0131l&#8217;\u0131n Ay\u0131p Yani alb\u00fcm\u00fcnde bulunan &#8220;Vazge\u00e7ilmezim&#8221; par\u00e7as\u0131n\u0131 seslendirdi.<\/p>\n<p>Haziran ay\u0131nda, dokuzuncu st\u00fcdyo alb\u00fcm\u00fc P\u0131rlanta, T\u00fcrkiye\u2019de iki numaraya kadar y\u00fckselen \u00e7\u0131k\u0131\u015f \u015fark\u0131s\u0131 &#8220;Ders Olsun&#8221; ile dinleyicilere sunuldu. Alb\u00fcm, \u00fclkede zirveye yerle\u015ferek 105 bin sat\u0131\u015f rakam\u0131na ula\u015ft\u0131 ve y\u0131l\u0131n en \u00e7ok sat\u0131lan alb\u00fcm\u00fc oldu. Bu ba\u015far\u0131s\u0131yla DMC taraf\u0131ndan alt\u0131n plak ile \u00f6d\u00fcllendirildi. Alb\u00fcm\u00fcn tan\u0131t\u0131m\u0131 kapsam\u0131nda &#8220;Ders Olsun&#8221;un ard\u0131ndan &#8220;G\u00f6lge&#8221;, &#8220;\u00c7alkala&#8221;, &#8220;Be\u015f Y\u0131l&#8221;, &#8220;P\u0131rlanta&#8221; ve &#8220;\u015eerefime Namusuma&#8221; \u015fark\u0131lar\u0131na video klipler \u00e7ekildi. Ayn\u0131 y\u0131l A\u011fustos ay\u0131nda ba\u015flayan ve Eyl\u00fcl ay\u0131nda sona eren TV8\u2019in ses yar\u0131\u015fmas\u0131 Rising Star T\u00fcrkiye\u2019nin ilk sezonunda, G\u00fclben Ergen, Fuat G\u00fcner ve Mustafa Sandal ile birlikte j\u00fcri \u00fcyeli\u011fi yapt\u0131.<\/p>\n<p><img loading=\"lazy\" decoding=\"async\" class=\"alignnone size-full wp-image-95079\" src=\"https:\/\/www.tgrthaber.com\/mavikadin\/wp-content\/uploads\/resized_99545-e35485002266183_975d1620d635d9500b02a2be5a505ace_640x640.jpg\" alt=\"\" width=\"720\" height=\"403\" title=\"\" srcset=\"https:\/\/www.tgrthaber.com\/mavikadin\/wp-content\/uploads\/resized_99545-e35485002266183_975d1620d635d9500b02a2be5a505ace_640x640.jpg 720w, https:\/\/www.tgrthaber.com\/mavikadin\/wp-content\/uploads\/resized_99545-e35485002266183_975d1620d635d9500b02a2be5a505ace_640x640-300x168.jpg 300w\" sizes=\"(max-width: 720px) 100vw, 720px\" \/><\/p>\n<h3>DEMET AKALIN KA\u00c7 EVL\u0130L\u0130K YAPTI?<\/h3>\n<p>Demet Akal\u0131n, bilinen \u00fc\u00e7 evlilik yapm\u0131\u015ft\u0131r. \u0130lk evlili\u011fini 2006 y\u0131l\u0131nda O\u011fuz Kayhan ile yapan Akal\u0131n\u2019\u0131n bu evlili\u011fi ayn\u0131 y\u0131l bitti. Ard\u0131ndan 4 y\u0131l sonra \u00d6nder Bekensir ile nikah masas\u0131na oturdu anacak \u00fcnl\u00fc sanat\u00e7\u0131n\u0131n bu evlili\u011fi de ayn\u0131 y\u0131l son buldu. 2012 y\u0131l\u0131nda Okan Kurt ile s\u00fcrpriz bir \u015fekilde evlenen Demet Akal\u0131n, k\u0131sa bir s\u00fcre ayr\u0131 kald\u0131\u011f\u0131 \u00fcnl\u00fc isim ile yeniden hayat arkada\u015fl\u0131\u011f\u0131 yapt\u0131\u011f\u0131 bilinmektedir. \u00c7iftin nikah k\u0131ymad\u0131klar\u0131 konu\u015fuluyor.<\/p>\n<figure id=\"attachment_95081\" aria-describedby=\"caption-attachment-95081\" style=\"width: 270px\" class=\"wp-caption alignnone\"><img loading=\"lazy\" decoding=\"async\" class=\"size-full wp-image-95081\" src=\"https:\/\/www.tgrthaber.com\/mavikadin\/wp-content\/uploads\/62.jpg\" alt=\"Demet Akal\u0131n ve O\u011fuz Kayhan\" width=\"270\" height=\"216\" title=\"\"><figcaption id=\"caption-attachment-95081\" class=\"wp-caption-text\">Demet Akal\u0131n ve O\u011fuz Kayhan<\/figcaption><\/figure>\n<figure id=\"attachment_95082\" aria-describedby=\"caption-attachment-95082\" style=\"width: 200px\" class=\"wp-caption alignnone\"><img loading=\"lazy\" decoding=\"async\" class=\"size-full wp-image-95082\" src=\"https:\/\/www.tgrthaber.com\/mavikadin\/wp-content\/uploads\/9771715-1.jpg\" alt=\"Demet Akal\u0131n ve \u00d6nder Bekensir\" width=\"200\" height=\"200\" title=\"\" srcset=\"https:\/\/www.tgrthaber.com\/mavikadin\/wp-content\/uploads\/9771715-1.jpg 200w, https:\/\/www.tgrthaber.com\/mavikadin\/wp-content\/uploads\/9771715-1-150x150.jpg 150w\" sizes=\"(max-width: 200px) 100vw, 200px\" \/><figcaption id=\"caption-attachment-95082\" class=\"wp-caption-text\">Demet Akal\u0131n ve \u00d6nder Bekensir<\/figcaption><\/figure>\n<h3>DEMET AKALIN\u2019IN KA\u00c7 \u00c7OCU\u011eU VAR?<\/h3>\n<p>Demet Akal\u0131n\u2019\u0131n bir \u00e7ocu\u011fu bulunmaktad\u0131r. Ad\u0131 Hira\u2019d\u0131r.<\/p>\n<h3>DEMET AKALIN&#8217;IN SERVET\u0130 NE KADAR?<\/h3>\n<p>Demet Akal\u0131n\u2019\u0131n serveti tam olarak bilinmemekle birlikte, varl\u0131klar\u0131n\u0131n a\u011f\u0131rl\u0131kl\u0131 olarak ta\u015f\u0131nmaz m\u00fclklerden olu\u015ftu\u011fu bilinmektedir. Bu ta\u015f\u0131nmazlar \u015fu \u015fekilde s\u0131ralanabilir:<\/p>\n<p>Acarkent\u2019te 800 bin dolarl\u0131k villa,<br \/>\nUlus\u2019ta de\u011feri 1 milyon dolardan fazla olan 3 daire,<br \/>\n\u00c7e\u015fme\u2019de yar\u0131m milyon dolar de\u011ferindeki yazl\u0131k,<br \/>\nMaslak\u2019ta daire,<br \/>\nG\u00f6lc\u00fck\u2019te de 4 ev ve arsaya sahiptir.<\/p>\n<p>Yukar\u0131da belirtilen m\u00fclkler, g\u00fcncel piyasa ko\u015fullar\u0131na ba\u011fl\u0131 olarak de\u011fi\u015fen de\u011ferlere sahiptir. Bunun yan\u0131 s\u0131ra, ta\u015f\u0131nmaz al\u0131m-sat\u0131m i\u015flemlerine s\u0131k\u00e7a yer veren Demet Akal\u0131n\u2019\u0131n toplam varl\u0131\u011f\u0131n\u0131n yakla\u015f\u0131k 13 milyon dolar oldu\u011fu tahmin edilmektedir.<\/p>\n<p>Diskografi<\/p>\n<p>Sebebim (1996)<br \/>\nUnuttum (2003)<br \/>\nBanane (2004)<br \/>\nKusursuz 19 (2006)<br \/>\nDans Et (2008)<br \/>\nZirve (2010)<br \/>\nGiderli 16 (2012)<br \/>\nRekor (2014)<br \/>\nP\u0131rlanta (2015)<br \/>\nRakipsiz (2016)<\/p>\n<p>Filmografi<\/p>\n<p>G\u00fcnlerden Pazar (1992)<br \/>\nTele Anahtar (1994)<br \/>\nOsman Pazarlama (2016)<\/p>\n","protected":false},"excerpt":{"rendered":"<p>Son olarak Milli E\u011fitim Bakan\u0131 Yusuf Tekin&#8217;e y\u00f6nelik s\u00f6zleri ile sosyal medyay\u0131 ikiye b\u00f6len Demet Akal\u0131n, bu payla\u015f\u0131m\u0131ndan sonra en \u00e7ok merak edilen \u00fcnl\u00fc isimler aras\u0131na girdi. Peki i\u015f ve \u00f6zel hayat\u0131yla s\u0131k s\u0131k g\u00fcndeme gelen Demet Akal\u0131n ka\u00e7 evlilik yapt\u0131 ka\u00e7 \u00e7ocu\u011fu var serveti ne kadar? \u0130\u015fte cevaplar&#8230; DEMET AKALIN K\u0130MD\u0130R? Demet Akal\u0131n Kurt [&hellip;]<\/p>\n","protected":false},"author":2,"featured_media":95083,"comment_status":"closed","ping_status":"closed","sticky":false,"template":"","format":"standard","meta":{"rank_math_lock_modified_date":false,"footnotes":""},"categories":[101],"tags":[130,133],"class_list":["post-95056","post","type-post","status-publish","format-standard","has-post-thumbnail","hentry","category-kesfet","tag-demet-akalin","tag-magazin"],"_links":{"self":[{"href":"https:\/\/www.tgrthaber.com\/mavikadin\/wp-json\/wp\/v2\/posts\/95056"}],"collection":[{"href":"https:\/\/www.tgrthaber.com\/mavikadin\/wp-json\/wp\/v2\/posts"}],"about":[{"href":"https:\/\/www.tgrthaber.com\/mavikadin\/wp-json\/wp\/v2\/types\/post"}],"author":[{"embeddable":true,"href":"https:\/\/www.tgrthaber.com\/mavikadin\/wp-json\/wp\/v2\/users\/2"}],"replies":[{"embeddable":true,"href":"https:\/\/www.tgrthaber.com\/mavikadin\/wp-json\/wp\/v2\/comments?post=95056"}],"version-history":[{"count":1,"href":"https:\/\/www.tgrthaber.com\/mavikadin\/wp-json\/wp\/v2\/posts\/95056\/revisions"}],"predecessor-version":[{"id":95084,"href":"https:\/\/www.tgrthaber.com\/mavikadin\/wp-json\/wp\/v2\/posts\/95056\/revisions\/95084"}],"wp:featuredmedia":[{"embeddable":true,"href":"https:\/\/www.tgrthaber.com\/mavikadin\/wp-json\/wp\/v2\/media\/95083"}],"wp:attachment":[{"href":"https:\/\/www.tgrthaber.com\/mavikadin\/wp-json\/wp\/v2\/media?parent=95056"}],"wp:term":[{"taxonomy":"category","embeddable":true,"href":"https:\/\/www.tgrthaber.com\/mavikadin\/wp-json\/wp\/v2\/categories?post=95056"},{"taxonomy":"post_tag","embeddable":true,"href":"https:\/\/www.tgrthaber.com\/mavikadin\/wp-json\/wp\/v2\/tags?post=95056"}],"curies":[{"name":"wp","href":"https:\/\/api.w.org\/{rel}","templated":true}]}}