{"id":95057,"date":"2024-11-18T19:35:46","date_gmt":"2024-11-18T16:35:46","guid":{"rendered":"https:\/\/www.tgrthaber.com\/mavikadin\/?p=95057"},"modified":"2024-11-18T19:37:30","modified_gmt":"2024-11-18T16:37:30","slug":"kara-agac-destanina-haydar-geliyor-ahmet-varli-kimdir-kac-yasinda","status":"publish","type":"post","link":"https:\/\/www.tgrthaber.com\/mavikadin\/kara-agac-destanina-haydar-geliyor-ahmet-varli-kimdir-kac-yasinda\/","title":{"rendered":"Kara A\u011fa\u00e7 Destan\u0131&#8217;na Haydar geliyor! Ahmet Varl\u0131 kimdir, ka\u00e7 ya\u015f\u0131nda?"},"content":{"rendered":"<p><strong>Kara A\u011fa\u00e7 Destan\u0131, TRT1 ekranlar\u0131nda ikinci sezonuyla devam ederken oyuncu kadrosunu g\u00fc\u00e7lendirmeye devam ediyor. Ahmet Varl\u0131, dizide Haydar karakteriyle izleyicilerin kar\u015f\u0131s\u0131na \u00e7\u0131kacak. Hapishaneden d\u00f6nen Haydar, hik\u00e2yede dengeleri de\u011fi\u015ftirecek.\u00a0<\/strong><\/p>\n<p>TRT1&#8217;in b\u00fcy\u00fck ilgi g\u00f6ren dizisi Kara A\u011fa\u00e7 Destan\u0131, ikinci sezonunda da cuma ak\u015famlar\u0131n\u0131n vazge\u00e7ilmezi olmaya devam ediyor. Cem Akyolda\u015f\u2019\u0131n y\u00f6netmen koltu\u011funda oturdu\u011fu ve Mustafa Becit\u2019in kaleme ald\u0131\u011f\u0131 dizinin g\u00fc\u00e7l\u00fc oyuncu kadrosuna, ba\u015far\u0131l\u0131 ve \u00f6d\u00fcll\u00fc oyuncu Ahmet Varl\u0131 dahil oldu. Peki Kara A\u011fa\u00e7 Destan\u0131 dizisi Haydar kimdir? Ahmet Varl\u0131 ka\u00e7 ya\u015f\u0131nda, hangi dizilerde oynad\u0131. Kara A\u011fa\u00e7 Destan\u0131 oyuncu kadrosu ve konusu&#8230;<\/p>\n<h3>AHMET VARLI K\u0130MD\u0130R? KARA A\u011eA\u00c7 DESTANI&#8217;NDA HANG\u0130 ROLDE?<\/h3>\n<p>Trabzon do\u011fumlu ve televizyon d\u00fcnyas\u0131n\u0131n sevilen isimlerinden biri olan Ahmet Varl\u0131, dizide Kumru\u2019nun ni\u015fanl\u0131s\u0131 Haydar karakteriyle seyirci kar\u015f\u0131s\u0131na \u00e7\u0131kacak. Haydar, hapishaneden \u00e7\u0131karak olaylar\u0131n seyrini de\u011fi\u015ftirecek ve dizinin gidi\u015fat\u0131na yeni bir soluk getirecek.<\/p>\n<p><img loading=\"lazy\" decoding=\"async\" class=\"alignnone size-full wp-image-95058\" src=\"https:\/\/www.tgrthaber.com\/mavikadin\/wp-content\/uploads\/2024331-scaled-1.jpg\" alt=\"\" width=\"2560\" height=\"2560\" title=\"\" srcset=\"https:\/\/www.tgrthaber.com\/mavikadin\/wp-content\/uploads\/2024331-scaled-1.jpg 2560w, https:\/\/www.tgrthaber.com\/mavikadin\/wp-content\/uploads\/2024331-scaled-1-300x300.jpg 300w, https:\/\/www.tgrthaber.com\/mavikadin\/wp-content\/uploads\/2024331-scaled-1-1024x1024.jpg 1024w, https:\/\/www.tgrthaber.com\/mavikadin\/wp-content\/uploads\/2024331-scaled-1-150x150.jpg 150w, https:\/\/www.tgrthaber.com\/mavikadin\/wp-content\/uploads\/2024331-scaled-1-768x768.jpg 768w, https:\/\/www.tgrthaber.com\/mavikadin\/wp-content\/uploads\/2024331-scaled-1-1536x1536.jpg 1536w, https:\/\/www.tgrthaber.com\/mavikadin\/wp-content\/uploads\/2024331-scaled-1-2048x2048.jpg 2048w\" sizes=\"(max-width: 2560px) 100vw, 2560px\" \/><\/p>\n<h3>KARA A\u011eA\u00c7 DESTANI OYUNCU KADROSU YILDIZLARLA DOLU<\/h3>\n<p>Kara A\u011fa\u00e7 Destan\u0131, g\u00fc\u00e7l\u00fc oyuncu kadrosuyla da dikkat \u00e7ekiyor. Dizide Olgun \u015eim\u015fek (Celal A\u011fa), Emre K\u0131v\u0131lc\u0131m (\u00d6mer), Meltem Ak\u00e7\u00f6l (Sultan), \u00d6zlem Conker (Asiye) ve Merih \u00d6zt\u00fcrk (G\u00fclnaz) gibi ba\u015far\u0131l\u0131 isimler rol al\u0131yor.<\/p>\n<h3>KARA A\u011eA\u00c7 DESTANI D\u0130Z\u0130S\u0130 KONUSU NED\u0130R?<\/h3>\n<p>Kara A\u011fa\u00e7 Destan\u0131 1970&#8217;li y\u0131llarda ge\u00e7en bir toprak hikayesini anlatan bir dizidir. Dizinin temelinde a\u011fal\u0131k sistemi, g\u00fc\u00e7 m\u00fccadelesi, feodalizm ve s\u0131n\u0131f \u00e7at\u0131\u015fmalar\u0131 gibi \u00f6nemli konular yer al\u0131yor. Bunun yan\u0131 s\u0131ra, aile ba\u011flar\u0131 ve ge\u00e7mi\u015fin izleri de hikayenin \u00f6nemli par\u00e7alar\u0131n\u0131 olu\u015fturuyor.<\/p>\n<p>Dizinin ana hikayesi, t\u00fcm a\u011falar\u0131n topraklar\u0131n\u0131 ele ge\u00e7irip hayatta kalan son rakibi Osman A\u011fa&#8217;y\u0131 \u00f6ld\u00fcrten Celal A\u011fa&#8217;y\u0131 takip ediyor. Osman A\u011fa, Celal A\u011fa\u2019n\u0131n gazab\u0131ndan korkarak o\u011flu \u00d6mer\u2019i, Celal A\u011fa\u2019n\u0131n kar\u0131s\u0131na emanet eder. Ayn\u0131 g\u00fcn, Celal A\u011fa&#8217;n\u0131n kar\u0131s\u0131 bir k\u0131z \u00e7ocu\u011fu d\u00fcnyaya getirir ve bu k\u0131z \u00e7ocu\u011fu, Osman A\u011fa\u2019n\u0131n kar\u0131s\u0131na emanet edilir.<\/p>\n<h3>KARA A\u011eA\u00c7 DESTANI D\u0130Z\u0130S\u0130 NEREDE \u00c7EK\u0130LD\u0130?<\/h3>\n<p>TRT 1&#8217;in ilgiyle izlenen dizisi Kara A\u011fa\u00e7 Destan\u0131, Kayseri&#8217;de \u00e7ekildi.<\/p>\n<h3><img loading=\"lazy\" decoding=\"async\" class=\"alignnone size-full wp-image-95059\" src=\"https:\/\/www.tgrthaber.com\/mavikadin\/wp-content\/uploads\/karaagac.jpg\" alt=\"\" width=\"1140\" height=\"750\" title=\"\" srcset=\"https:\/\/www.tgrthaber.com\/mavikadin\/wp-content\/uploads\/karaagac.jpg 1140w, https:\/\/www.tgrthaber.com\/mavikadin\/wp-content\/uploads\/karaagac-300x197.jpg 300w, https:\/\/www.tgrthaber.com\/mavikadin\/wp-content\/uploads\/karaagac-1024x674.jpg 1024w, https:\/\/www.tgrthaber.com\/mavikadin\/wp-content\/uploads\/karaagac-768x505.jpg 768w\" sizes=\"(max-width: 1140px) 100vw, 1140px\" \/><br \/>\nAHMET VARLI: TRABZON\u2019DAN D\u0130Z\u0130 VE S\u0130NEMA D\u00dcNYASINA UZANAN BA\u015eARI H\u0130K\u00c2YES\u0130<\/h3>\n<p>Trabzon do\u011fumlu oyuncu Ahmet Varl\u0131, T\u00fcrk televizyon ve sinema d\u00fcnyas\u0131nda etkileyici bir kariyere sahip. 25 Mart 1984&#8217;te d\u00fcnyaya gelen Varl\u0131, e\u011fitimini Maltepe \u00dcniversitesi G\u00fczel Sanatlar Fak\u00fcltesi Oyunculuk B\u00f6l\u00fcm\u00fc&#8217;nde tamamlad\u0131. Sahne sanatlar\u0131na olan tutkusu, onu k\u0131sa s\u00fcrede ekranlar\u0131n aranan y\u00fczlerinden biri haline getirdi.<\/p>\n<p>2008 y\u0131l\u0131nda rol ald\u0131\u011f\u0131 \u015eeytan\u0131n Pabucu filmiyle oyunculuk kariyerine ad\u0131m atan Ahmet Varl\u0131, o g\u00fcnden bu yana hem sinema hem de televizyon yap\u0131mlar\u0131nda dikkat \u00e7eken performanslara imza att\u0131.<\/p>\n<p>Ahmet Varl\u0131, televizyon d\u00fcnyas\u0131nda Yerden Y\u00fcksek, \u00d6yle Bir Ge\u00e7er Zaman ki ve Benim \u0130\u00e7in \u00dcz\u00fclme gibi sevilen dizilerdeki rolleriyle tan\u0131nd\u0131. 2023 y\u0131l\u0131nda yay\u0131nlanan D\u00f6nence dizisindeki Selman karakteriyle de b\u00fcy\u00fck be\u011feni toplad\u0131. \u015eimdi ise 2024 yap\u0131m\u0131 Kara A\u011fa\u00e7 Destan\u0131 dizisinde Haydar karakteriyle izleyici kar\u015f\u0131s\u0131na \u00e7\u0131kmaya haz\u0131rlan\u0131yor.<\/p>\n<p>Sinema kariyerinde de ad\u0131ndan s\u00f6z ettiren Varl\u0131, Oflu Hoca\u2019n\u0131n \u015eifresi serisindeki performans\u0131yla haf\u0131zalara kaz\u0131nd\u0131. 2021 yap\u0131m\u0131 Day\u0131: Bir Adam\u0131n Hikayesi filminde Sabahattin karakterine hayat vererek ba\u015far\u0131s\u0131n\u0131 bir kez daha kan\u0131tlad\u0131.<\/p>\n<p><img loading=\"lazy\" decoding=\"async\" class=\"alignnone wp-image-95060 \" src=\"https:\/\/www.tgrthaber.com\/mavikadin\/wp-content\/uploads\/Ekran-goruntusu-2024-11-18-192759.jpg\" alt=\"\" width=\"1108\" height=\"677\" title=\"\" srcset=\"https:\/\/www.tgrthaber.com\/mavikadin\/wp-content\/uploads\/Ekran-goruntusu-2024-11-18-192759.jpg 622w, https:\/\/www.tgrthaber.com\/mavikadin\/wp-content\/uploads\/Ekran-goruntusu-2024-11-18-192759-300x183.jpg 300w\" sizes=\"(max-width: 1108px) 100vw, 1108px\" \/><\/p>\n<p><strong>Ahmet Varl\u0131\u2019n\u0131n \u00f6ne \u00e7\u0131kan projeleri<\/strong><\/p>\n<p><strong>Televizyon dizileri<\/strong><\/p>\n<ul>\n<li>Kara A\u011fa\u00e7 Destan\u0131 (2024) \u2013 Haydar<\/li>\n<li>D\u00f6nence (2023) \u2013 Selman<\/li>\n<li>Mara\u015fl\u0131 (2021) \u2013 Demir<\/li>\n<li>Do\u011fdu\u011fun Ev Kaderindir (2020) \u2013 Efe<\/li>\n<li>\u00d6yle Bir Ge\u00e7er Zaman ki (2010-2012) \u2013 \u0130lhan<\/li>\n<\/ul>\n<p><strong>Sinema filmleri<\/strong><\/p>\n<ul>\n<li>Day\u0131: Bir Adam\u0131n Hikayesi (2021) \u2013 Sabahattin<\/li>\n<li>Oflu Hoca\u2019n\u0131n \u015eifresi (2014, 2016) \u2013 Ahmet<\/li>\n<\/ul>\n","protected":false},"excerpt":{"rendered":"<p>Kara A\u011fa\u00e7 Destan\u0131, TRT1 ekranlar\u0131nda ikinci sezonuyla devam ederken oyuncu kadrosunu g\u00fc\u00e7lendirmeye devam ediyor. Ahmet Varl\u0131, dizide Haydar karakteriyle izleyicilerin kar\u015f\u0131s\u0131na \u00e7\u0131kacak. Hapishaneden d\u00f6nen Haydar, hik\u00e2yede dengeleri de\u011fi\u015ftirecek.\u00a0 TRT1&#8217;in b\u00fcy\u00fck ilgi g\u00f6ren dizisi Kara A\u011fa\u00e7 Destan\u0131, ikinci sezonunda da cuma ak\u015famlar\u0131n\u0131n vazge\u00e7ilmezi olmaya devam ediyor. Cem Akyolda\u015f\u2019\u0131n y\u00f6netmen koltu\u011funda oturdu\u011fu ve Mustafa Becit\u2019in kaleme ald\u0131\u011f\u0131 [&hellip;]<\/p>\n","protected":false},"author":4,"featured_media":95065,"comment_status":"closed","ping_status":"closed","sticky":false,"template":"","format":"standard","meta":{"rank_math_lock_modified_date":false,"footnotes":""},"categories":[602],"tags":[2288,2287],"class_list":["post-95057","post","type-post","status-publish","format-standard","has-post-thumbnail","hentry","category-diziler","tag-ahmet-varli","tag-kara-agac-destani"],"_links":{"self":[{"href":"https:\/\/www.tgrthaber.com\/mavikadin\/wp-json\/wp\/v2\/posts\/95057"}],"collection":[{"href":"https:\/\/www.tgrthaber.com\/mavikadin\/wp-json\/wp\/v2\/posts"}],"about":[{"href":"https:\/\/www.tgrthaber.com\/mavikadin\/wp-json\/wp\/v2\/types\/post"}],"author":[{"embeddable":true,"href":"https:\/\/www.tgrthaber.com\/mavikadin\/wp-json\/wp\/v2\/users\/4"}],"replies":[{"embeddable":true,"href":"https:\/\/www.tgrthaber.com\/mavikadin\/wp-json\/wp\/v2\/comments?post=95057"}],"version-history":[{"count":3,"href":"https:\/\/www.tgrthaber.com\/mavikadin\/wp-json\/wp\/v2\/posts\/95057\/revisions"}],"predecessor-version":[{"id":95069,"href":"https:\/\/www.tgrthaber.com\/mavikadin\/wp-json\/wp\/v2\/posts\/95057\/revisions\/95069"}],"wp:featuredmedia":[{"embeddable":true,"href":"https:\/\/www.tgrthaber.com\/mavikadin\/wp-json\/wp\/v2\/media\/95065"}],"wp:attachment":[{"href":"https:\/\/www.tgrthaber.com\/mavikadin\/wp-json\/wp\/v2\/media?parent=95057"}],"wp:term":[{"taxonomy":"category","embeddable":true,"href":"https:\/\/www.tgrthaber.com\/mavikadin\/wp-json\/wp\/v2\/categories?post=95057"},{"taxonomy":"post_tag","embeddable":true,"href":"https:\/\/www.tgrthaber.com\/mavikadin\/wp-json\/wp\/v2\/tags?post=95057"}],"curies":[{"name":"wp","href":"https:\/\/api.w.org\/{rel}","templated":true}]}}