{"id":95116,"date":"2024-11-18T22:43:56","date_gmt":"2024-11-18T19:43:56","guid":{"rendered":"https:\/\/www.tgrthaber.com\/mavikadin\/?p=95116"},"modified":"2024-11-19T01:40:56","modified_gmt":"2024-11-18T22:40:56","slug":"ask-dolu-dizgin-devam-ediyor-oguzhan-koc-ve-hazal-subasi-el-ele-gecelerde","status":"publish","type":"post","link":"https:\/\/www.tgrthaber.com\/mavikadin\/ask-dolu-dizgin-devam-ediyor-oguzhan-koc-ve-hazal-subasi-el-ele-gecelerde\/","title":{"rendered":"A\u015fk dolu dizgin devam ediyor! O\u011fuzhan Ko\u00e7 ve Hazal Suba\u015f\u0131 el ele gecelerde"},"content":{"rendered":"<p>Oyuncu Hazal Suba\u015f\u0131 ve m\u00fczisyen O\u011fuzhan Ko\u00e7&#8217;un bir s\u00fcredir romantik bir ili\u015fkilerinin oldu\u011fu biliniyor. Ge\u00e7ti\u011fimiz g\u00fcnlerde tek ba\u015f\u0131na g\u00f6r\u00fcnt\u00fclenen O\u011fuzhan Ko\u00e7\u2019un, Suba\u015f\u0131\u2019na \u00f6zel bir \u015fark\u0131 yapabilece\u011fi s\u00f6zleri g\u00fcndem olmu\u015ftu. \u00c7ift, bu ak\u015fam kat\u0131ld\u0131klar\u0131 bir gecede el ele boy g\u00f6sterdi.<\/p>\n<h3>O\u011eUZHAN KO\u00c7 VE HAZAL SUBA\u015eI EL ELE<\/h3>\n<p>Bir s\u00fcre \u00f6nce birlikteliklerini ilan eden O\u011fuzhan Ko\u00e7 ve Hazal Suba\u015f\u0131 \u00e7ifti, bu ak\u015fam d\u00fczenlenen bir organizasyonda boy g\u00f6sterdi. Olduk\u00e7a \u015f\u0131k ve uyumlu olduklar\u0131 g\u00f6r\u00fclen ikilinin keyifli halleri dikkat \u00e7ekti. Suba\u015f\u0131, bir kez daha Ko\u00e7&#8217;un eski e\u015fi Demet \u00d6zdemir&#8217;e \u00e7ok benzetildi.<\/p>\n<p><img loading=\"lazy\" decoding=\"async\" class=\"size-full wp-image-95127\" src=\"https:\/\/www.tgrthaber.com\/mavikadin\/wp-content\/uploads\/Gcr_-9WXYAA-FPT.jpg\" alt=\"O\u011fuzhan Ko\u00e7 ve Hazal Suba\u015f\u0131\" width=\"827\" height=\"1370\" title=\"\" srcset=\"https:\/\/www.tgrthaber.com\/mavikadin\/wp-content\/uploads\/Gcr_-9WXYAA-FPT.jpg 827w, https:\/\/www.tgrthaber.com\/mavikadin\/wp-content\/uploads\/Gcr_-9WXYAA-FPT-181x300.jpg 181w, https:\/\/www.tgrthaber.com\/mavikadin\/wp-content\/uploads\/Gcr_-9WXYAA-FPT-618x1024.jpg 618w, https:\/\/www.tgrthaber.com\/mavikadin\/wp-content\/uploads\/Gcr_-9WXYAA-FPT-768x1272.jpg 768w\" sizes=\"(max-width: 827px) 100vw, 827px\" \/><\/p>\n<h3>SOSYAL MEDYADAN DUYURDULAR<\/h3>\n<p>Tan\u0131nm\u0131\u015f \u00e7ift, ili\u015fkilerini Berkay \u015eahin ve Berfu Yenenler&#8217;in sosyal medya \u00fczerinden payla\u015ft\u0131\u011f\u0131 g\u00f6rsellerle ilan etmi\u015fti. Berkay \u015eahin, Hazal Suba\u015f\u0131&#8217;n\u0131n O\u011fuzhan Ko\u00e7&#8217;u \u00f6pt\u00fc\u011f\u00fc foto\u011fraf\u0131 &#8220;\u00c7ok seviyorum&#8221; yaz\u0131s\u0131yla payla\u015fm\u0131\u015ft\u0131.<\/p>\n<p><img loading=\"lazy\" decoding=\"async\" class=\"alignnone size-full wp-image-95128\" src=\"https:\/\/www.tgrthaber.com\/mavikadin\/wp-content\/uploads\/Basliksiz-2-2.jpg\" alt=\"\" width=\"1000\" height=\"1780\" title=\"\" srcset=\"https:\/\/www.tgrthaber.com\/mavikadin\/wp-content\/uploads\/Basliksiz-2-2.jpg 1000w, https:\/\/www.tgrthaber.com\/mavikadin\/wp-content\/uploads\/Basliksiz-2-2-169x300.jpg 169w, https:\/\/www.tgrthaber.com\/mavikadin\/wp-content\/uploads\/Basliksiz-2-2-575x1024.jpg 575w, https:\/\/www.tgrthaber.com\/mavikadin\/wp-content\/uploads\/Basliksiz-2-2-768x1367.jpg 768w, https:\/\/www.tgrthaber.com\/mavikadin\/wp-content\/uploads\/Basliksiz-2-2-863x1536.jpg 863w\" sizes=\"(max-width: 1000px) 100vw, 1000px\" \/><\/p>\n<h3>&#8220;ONA DA MUTLAKA B\u0130R TANE GEL\u0130R&#8221;<\/h3>\n<p>O\u011fuzhan Ko\u00e7, ge\u00e7ti\u011fimiz g\u00fcnlerde verdi\u011fi bir konser sonras\u0131 Hazal Suba\u015f\u0131 ile olan ili\u015fkisi hakk\u0131nda a\u00e7\u0131klamalarda bulunmu\u015ftu. Snob Magazin&#8217;in haberine g\u00f6re, \u015fark\u0131c\u0131 &#8220;Her \u015fey harika, moralimiz y\u00fcksek, nazar de\u011fmesin. Ben her zaman a\u015fk \u015fark\u0131lar\u0131 yazd\u0131m. Ona da kesinlikle bir tane yazabilirim. Yazd\u0131\u011f\u0131mda da duyars\u0131n\u0131z&#8221; \u015feklinde konu\u015fmu\u015ftu.<\/p>\n<p><img loading=\"lazy\" decoding=\"async\" class=\"alignnone size-full wp-image-95129\" src=\"https:\/\/www.tgrthaber.com\/mavikadin\/wp-content\/uploads\/Basliksiz-3-2.jpg\" alt=\"\" width=\"1000\" height=\"1244\" title=\"\" srcset=\"https:\/\/www.tgrthaber.com\/mavikadin\/wp-content\/uploads\/Basliksiz-3-2.jpg 1000w, https:\/\/www.tgrthaber.com\/mavikadin\/wp-content\/uploads\/Basliksiz-3-2-241x300.jpg 241w, https:\/\/www.tgrthaber.com\/mavikadin\/wp-content\/uploads\/Basliksiz-3-2-823x1024.jpg 823w, https:\/\/www.tgrthaber.com\/mavikadin\/wp-content\/uploads\/Basliksiz-3-2-768x955.jpg 768w\" sizes=\"(max-width: 1000px) 100vw, 1000px\" \/><\/p>\n<h3>DAHA \u00d6NCE B\u0130R EVL\u0130L\u0130K YAPTI<\/h3>\n<p>Di\u011fer yandan \u015fark\u0131c\u0131 O\u011fuzhan Ko\u00e7, 2022 y\u0131l\u0131nda hayat\u0131n\u0131 birle\u015ftirdi\u011fi oyuncu Demet \u00d6zdemir ile evliliklerinin sekizinci ay\u0131nda ortak bir a\u00e7\u0131klama yaparak bo\u015fanma karar\u0131 ald\u0131klar\u0131n\u0131 duyurmu\u015ftu. \u00c7ift, 2023 y\u0131l\u0131 itibar\u0131yla anla\u015fmal\u0131 bir \u015fekilde yollar\u0131n\u0131 ay\u0131rd\u0131.<\/p>\n<h3>HAZAL SUBA\u015eI K\u0130MD\u0130R?<\/h3>\n<p>1995 senesinde \u0130zmir&#8217;de do\u011fan Hazal Suba\u015f\u0131, 2015 y\u0131l\u0131nda d\u00fczenlenen Miss Turkey g\u00fczellik yar\u0131\u015fmas\u0131nda \u00fc\u00e7\u00fcnc\u00fc oldu. Sonras\u0131nda &#8220;Ad\u0131n\u0131 Sen Koy&#8221; adl\u0131 g\u00fcnl\u00fck dizisiyle oyunculuk kariyerine ba\u015flayan \u00fcnl\u00fc isim, &#8220;Bir Umut Yeter&#8221;, &#8220;Halka&#8221; gibi projelerde yer ald\u0131.<\/p>\n<p>&#8220;\u00c7ukur&#8221; dizisinde oynad\u0131\u011f\u0131 Nehir karakteriyle \u00fcn kazanan Suba\u015f\u0131, sonras\u0131nda &#8220;Kasaba Doktoru&#8221;, &#8220;Dilek Ta\u015f\u0131&#8221;, &#8220;\u0130lk ve Son&#8221; gibi projelerde yer ald\u0131.<\/p>\n","protected":false},"excerpt":{"rendered":"<p>Oyuncu Hazal Suba\u015f\u0131 ve m\u00fczisyen O\u011fuzhan Ko\u00e7&#8217;un bir s\u00fcredir romantik bir ili\u015fkilerinin oldu\u011fu biliniyor. Ge\u00e7ti\u011fimiz g\u00fcnlerde tek ba\u015f\u0131na g\u00f6r\u00fcnt\u00fclenen O\u011fuzhan Ko\u00e7\u2019un, Suba\u015f\u0131\u2019na \u00f6zel bir \u015fark\u0131 yapabilece\u011fi s\u00f6zleri g\u00fcndem olmu\u015ftu. \u00c7ift, bu ak\u015fam kat\u0131ld\u0131klar\u0131 bir gecede el ele boy g\u00f6sterdi. O\u011eUZHAN KO\u00c7 VE HAZAL SUBA\u015eI EL ELE Bir s\u00fcre \u00f6nce birlikteliklerini ilan eden O\u011fuzhan Ko\u00e7 ve [&hellip;]<\/p>\n","protected":false},"author":2,"featured_media":95126,"comment_status":"closed","ping_status":"closed","sticky":false,"template":"","format":"standard","meta":{"rank_math_lock_modified_date":false,"footnotes":""},"categories":[101],"tags":[2151,2152],"class_list":["post-95116","post","type-post","status-publish","format-standard","has-post-thumbnail","hentry","category-kesfet","tag-hazal-subasi","tag-oguzhan-koc"],"_links":{"self":[{"href":"https:\/\/www.tgrthaber.com\/mavikadin\/wp-json\/wp\/v2\/posts\/95116"}],"collection":[{"href":"https:\/\/www.tgrthaber.com\/mavikadin\/wp-json\/wp\/v2\/posts"}],"about":[{"href":"https:\/\/www.tgrthaber.com\/mavikadin\/wp-json\/wp\/v2\/types\/post"}],"author":[{"embeddable":true,"href":"https:\/\/www.tgrthaber.com\/mavikadin\/wp-json\/wp\/v2\/users\/2"}],"replies":[{"embeddable":true,"href":"https:\/\/www.tgrthaber.com\/mavikadin\/wp-json\/wp\/v2\/comments?post=95116"}],"version-history":[{"count":3,"href":"https:\/\/www.tgrthaber.com\/mavikadin\/wp-json\/wp\/v2\/posts\/95116\/revisions"}],"predecessor-version":[{"id":95187,"href":"https:\/\/www.tgrthaber.com\/mavikadin\/wp-json\/wp\/v2\/posts\/95116\/revisions\/95187"}],"wp:featuredmedia":[{"embeddable":true,"href":"https:\/\/www.tgrthaber.com\/mavikadin\/wp-json\/wp\/v2\/media\/95126"}],"wp:attachment":[{"href":"https:\/\/www.tgrthaber.com\/mavikadin\/wp-json\/wp\/v2\/media?parent=95116"}],"wp:term":[{"taxonomy":"category","embeddable":true,"href":"https:\/\/www.tgrthaber.com\/mavikadin\/wp-json\/wp\/v2\/categories?post=95116"},{"taxonomy":"post_tag","embeddable":true,"href":"https:\/\/www.tgrthaber.com\/mavikadin\/wp-json\/wp\/v2\/tags?post=95116"}],"curies":[{"name":"wp","href":"https:\/\/api.w.org\/{rel}","templated":true}]}}