{"id":95247,"date":"2024-11-19T10:25:17","date_gmt":"2024-11-19T07:25:17","guid":{"rendered":"https:\/\/www.tgrthaber.com\/mavikadin\/?p=95247"},"modified":"2024-11-19T10:25:17","modified_gmt":"2024-11-19T07:25:17","slug":"uzak-sehir-ecmel-kimdir-uzak-sehir-in-ecmeli-mufit-kayacan-kimdir-mufit-kayacan-kac-yasinda-nereli","status":"publish","type":"post","link":"https:\/\/www.tgrthaber.com\/mavikadin\/uzak-sehir-ecmel-kimdir-uzak-sehir-in-ecmeli-mufit-kayacan-kimdir-mufit-kayacan-kac-yasinda-nereli\/","title":{"rendered":"Uzak \u015eehir Ecmel kimdir? Uzak \u015eehir \u2019in Ecmel\u2019i M\u00fcfit Kayacan kimdir? M\u00fcfit Kayacan ka\u00e7 ya\u015f\u0131nda, nereli?"},"content":{"rendered":"<p><span data-contrast=\"auto\">Kanal D ekranlar\u0131n\u0131n yeni sezona bomba gibi ba\u015flayan dizisi \u2018Uzak \u015eehir\u2019 ekran maceras\u0131na ge\u00e7ti\u011fimiz hafta ba\u015flam\u0131\u015ft\u0131. \u0130lk b\u00f6l\u00fcm\u00fcyle izleyici taraf\u0131ndan b\u00fcy\u00fck ilgi g\u00f6ren dizi ge\u00e7ti\u011fimiz g\u00fcn ikinci b\u00f6l\u00fcm\u00fcyle seyirci kar\u015f\u0131s\u0131na \u00e7\u0131kt\u0131. Seyircinin be\u011fenisini toplayan dizi hem konusuyla hem de g\u00fc\u00e7l\u00fc oyuncu kadrosuyla dikkat \u00e7ekti.\u00a0<\/span><span data-ccp-props=\"{}\">\u00a0<\/span><\/p>\n<p><span data-contrast=\"auto\">Sinem \u00dcnsal ve Ozan Akbaba\u2019n\u0131n ba\u015frollerini payla\u015ft\u0131klar\u0131 dizide M\u00fcfit Kayacan, Gonca Cilasun, Alper \u00c7ankaya, Ferit Kaya, Sahra \u015ea\u015f ve Dilin D\u00f6\u011fer gibi ba\u015far\u0131l\u0131 isimlerde yer al\u0131yor. Dizide Ecmel Albora, karakterine can veren M\u00fcfit Kayacan\u2019\u0131n ise kim oldu\u011fu izleyici taraf\u0131ndan merak ediliyor. Peki, Uzak \u015eehir Ecmel Albora kimdir? Uzak \u015eehir \u2019in Ecmel\u2019i M\u00fcfit Kayacan kimdir? M\u00fcfit Kayacan ka\u00e7 ya\u015f\u0131nda, nereli? \u0130\u015fte M\u00fcfit Kayacan hakk\u0131nda merak edilenler\u2026\u00a0<\/span><span data-ccp-props=\"{}\">\u00a0<\/span><\/p>\n<h3><span data-contrast=\"auto\">M\u00dcF\u0130T KAYACAN K\u0130MD\u0130R?<\/span><span data-ccp-props=\"{}\">\u00a0<\/span><\/h3>\n<p><span data-contrast=\"auto\">M\u00fcfit Kayacan, 17 Ocak 1959 tarihinde Antalya\u2019n\u0131n Ka\u015f il\u00e7esinde d\u00fcnyaya geldi. \u0130lkokul, ortaokul ve lise e\u011fitimini tamamlayan \u00fcnl\u00fc oyuncu, \u00fcniversiteyi Adana \u00c7ukurova \u00dcniversitesi End\u00fcstri M\u00fchendisli\u011fi B\u00f6l\u00fcm\u00fcnden mezun olarak tamamlad\u0131.\u00a0<\/span><span data-ccp-props=\"{}\">\u00a0<\/span><\/p>\n<p><img loading=\"lazy\" decoding=\"async\" class=\"size-full wp-image-95252\" src=\"https:\/\/www.tgrthaber.com\/mavikadin\/wp-content\/uploads\/Adsiz-tasarim-5-2.jpg\" alt=\"M\u00fcfit Kayacan kimdir?\" width=\"1600\" height=\"900\" title=\"\" srcset=\"https:\/\/www.tgrthaber.com\/mavikadin\/wp-content\/uploads\/Adsiz-tasarim-5-2.jpg 1600w, https:\/\/www.tgrthaber.com\/mavikadin\/wp-content\/uploads\/Adsiz-tasarim-5-2-300x169.jpg 300w, https:\/\/www.tgrthaber.com\/mavikadin\/wp-content\/uploads\/Adsiz-tasarim-5-2-1024x576.jpg 1024w, https:\/\/www.tgrthaber.com\/mavikadin\/wp-content\/uploads\/Adsiz-tasarim-5-2-768x432.jpg 768w, https:\/\/www.tgrthaber.com\/mavikadin\/wp-content\/uploads\/Adsiz-tasarim-5-2-1536x864.jpg 1536w\" sizes=\"(max-width: 1600px) 100vw, 1600px\" \/><\/p>\n<p><span data-contrast=\"auto\">Ba\u015far\u0131l\u0131 bir e\u011fitim hayat\u0131 ge\u00e7irdikten sonra oyunculu\u011fa y\u00f6nelen M\u00fcfit Kayacan, sanata olan ilgisiyle 1983 y\u0131l\u0131nda ilk kez\u202f&#8221;Orman\u0131n Bek\u00e7ileri&#8221; adl\u0131 oyunda rol ald\u0131.\u202fBununla birlikte Kayacan, Antalya B\u00fcy\u00fck\u015fehir Belediyesi \u015eehir Tiyatrolar\u0131\u2019n\u0131n kurucular\u0131 aras\u0131nda da yer ald\u0131. Sanat alan\u0131nda da olduk\u00e7a ba\u015far\u0131l\u0131 olan Kayacan, 25 sene boyunca genel sanat y\u00f6netmenli\u011fi yapm\u0131\u015f ve bu s\u00fcre\u00e7te 32 farkl\u0131 oyunda rol alm\u0131\u015f, 25 farkl\u0131 oyunun ise y\u00f6netmenli\u011fini yapm\u0131\u015ft\u0131r.\u00a0<\/span><span data-ccp-props=\"{}\">\u00a0<\/span><\/p>\n<h3><span data-contrast=\"auto\">M\u00dcF\u0130T KAYACAN KA\u00c7 YA\u015eINDA?\u00a0<\/span><span data-ccp-props=\"{}\">\u00a0<\/span><\/h3>\n<p><span data-contrast=\"auto\">\u015eimdilerde 65 ya\u015f\u0131nda olan ba\u015far\u0131l\u0131 oyuncu ayn\u0131 zamanda 10 sene boyunca Antalya B\u00fcy\u00fck\u015fehir Belediyesi K\u00fclt\u00fcrel Hizmetler Daire Ba\u015fkanl\u0131\u011f\u0131\u2019nda g\u00f6rev yapm\u0131\u015ft\u0131r. Bununla birlikte Kayacan, \u2018Kad\u0131nlar Tiyatro ile Bulu\u015fuyor\u2019 ve \u2018Likya Seyirlik Oyunlar Festivali\u2019 gibi \u00f6nemli projelerin ilham kayna\u011f\u0131 aras\u0131nda yer almaktad\u0131r.\u00a0<\/span><span data-ccp-props=\"{}\">\u00a0<\/span><\/p>\n<p><img loading=\"lazy\" decoding=\"async\" class=\"size-full wp-image-95253\" src=\"https:\/\/www.tgrthaber.com\/mavikadin\/wp-content\/uploads\/Adsiz-tasarim-2-2.jpg\" alt=\"M\u00fcfit Kayacan kimdir?\" width=\"1600\" height=\"900\" title=\"\" srcset=\"https:\/\/www.tgrthaber.com\/mavikadin\/wp-content\/uploads\/Adsiz-tasarim-2-2.jpg 1600w, https:\/\/www.tgrthaber.com\/mavikadin\/wp-content\/uploads\/Adsiz-tasarim-2-2-300x169.jpg 300w, https:\/\/www.tgrthaber.com\/mavikadin\/wp-content\/uploads\/Adsiz-tasarim-2-2-1024x576.jpg 1024w, https:\/\/www.tgrthaber.com\/mavikadin\/wp-content\/uploads\/Adsiz-tasarim-2-2-768x432.jpg 768w, https:\/\/www.tgrthaber.com\/mavikadin\/wp-content\/uploads\/Adsiz-tasarim-2-2-1536x864.jpg 1536w\" sizes=\"(max-width: 1600px) 100vw, 1600px\" \/><\/p>\n<p><span data-contrast=\"auto\">Evli ve iki \u00e7ocuk babas\u0131 olan Kayacan, 2012 y\u0131l\u0131nda Ad\u0131m Tiyatro ile sahneye aktard\u0131\u011f\u0131 ve ayn\u0131 zamanda rol ald\u0131\u011f\u0131 Kanl\u0131 Nig\u00e2r oyunundaki &#8220;Abdi&#8221; karakteriyle 16. Afife Tiyatro \u00d6d\u00fcllerinde &#8220;En \u0130yi M\u00fczikal ya da Komedi Erkek Oyuncu \u00d6d\u00fcl\u00fc\u201dne aday g\u00f6sterilmi\u015ftir.<\/span><span data-ccp-props=\"{}\">\u00a0<\/span><\/p>\n<h3><span data-contrast=\"auto\">KAR\u0130YER\u0130NDE \u00d6NEML\u0130 B\u0130R NOKTAYA GELD\u0130!\u00a0<\/span><span data-ccp-props=\"{}\">\u00a0<\/span><\/h3>\n<p><span data-contrast=\"auto\">M\u00fcfit Kayacan\u2019\u0131n tiyatroya olan ilgisinin yan\u0131nda dizi ve filmlerde boy g\u00f6stermesi de onun b\u00fcy\u00fck \u00f6l\u00e7\u00fcde oyunculuk kariyerinin geli\u015fmesini sa\u011flad\u0131. Bir\u00e7ok projede ve tiyatro oyununda rol alan Kayacan, ayn\u0131 zamanda bir\u00e7ok ba\u015far\u0131l\u0131 dizi ve filmlerde de rol ald\u0131.\u00a0<\/span><span data-ccp-props=\"{}\">\u00a0<\/span><\/p>\n<p><img loading=\"lazy\" decoding=\"async\" class=\"size-full wp-image-95254\" src=\"https:\/\/www.tgrthaber.com\/mavikadin\/wp-content\/uploads\/Adsiz-tasarim-6-1.jpg\" alt=\"M\u00fcfit Kayacan kimdir?\" width=\"1600\" height=\"900\" title=\"\" srcset=\"https:\/\/www.tgrthaber.com\/mavikadin\/wp-content\/uploads\/Adsiz-tasarim-6-1.jpg 1600w, https:\/\/www.tgrthaber.com\/mavikadin\/wp-content\/uploads\/Adsiz-tasarim-6-1-300x169.jpg 300w, https:\/\/www.tgrthaber.com\/mavikadin\/wp-content\/uploads\/Adsiz-tasarim-6-1-1024x576.jpg 1024w, https:\/\/www.tgrthaber.com\/mavikadin\/wp-content\/uploads\/Adsiz-tasarim-6-1-768x432.jpg 768w, https:\/\/www.tgrthaber.com\/mavikadin\/wp-content\/uploads\/Adsiz-tasarim-6-1-1536x864.jpg 1536w\" sizes=\"(max-width: 1600px) 100vw, 1600px\" \/><\/p>\n<p><span data-contrast=\"auto\">Ba\u015far\u0131l\u0131 bir oyunculuk kariyerine sahip olan Kayacan, \u00e7e\u015fitli dizi ve filmlerde boy g\u00f6stermi\u015ftir. Kayacan; \u00c7ukur, Kaderimin Oyunu, Aile \u015eirketi, Zemheri, A\u015fk 101, Bartu Ben, Alef, Safir gibi \u00f6nemli dizilerde boy g\u00f6stermi\u015ftir. Kayacan yaln\u0131zca dizi sekt\u00f6r\u00fcnde de\u011fil ayn\u0131 zamanda film ve sinema d\u00fcnyas\u0131nda da ba\u015far\u0131l\u0131 bir noktaya gelmi\u015ftir. Kayacan; Aykut Eni\u015fte 1-2, Bayi Toplant\u0131s\u0131, Bir Nefes Daha, K\u00fc\u00e7\u00fck \u015eeyler, K\u0131z Karde\u015fler, Abluka gibi \u00f6nemli projelerde yer alm\u0131\u015ft\u0131r.\u00a0<\/span><span data-ccp-props=\"{}\">\u00a0<\/span><\/p>\n<h3><span data-contrast=\"auto\">ECMEL ALBORA KARAKTER\u0130 \u0130LE \u0130ZLEY\u0130C\u0130YLE BULU\u015eUYOR!<\/span><span data-ccp-props=\"{}\">\u00a0<\/span><\/h3>\n<p><span data-contrast=\"auto\">M\u00fcfit Kayacan, ekran hayat\u0131na yeni ba\u015flayan ve Kanal D ekranlar\u0131nda izleyici kar\u015f\u0131s\u0131na ge\u00e7en Uzak \u015eehir dizisinde Ecmel Albora karakterine can veriyor. Dizi yay\u0131m hayat\u0131na yeni ba\u015flamas\u0131na ra\u011fmen seyirci taraf\u0131ndan yo\u011fun bir ilgi g\u00f6r\u00fcyor. Ecmel Albora karakteri de dizideki \u00f6nemli karakterler aras\u0131nda. Ecmel Albora karakterine can veren M\u00fcfit Kayacan\u2019\u0131n ilerleyen b\u00f6l\u00fcmlerdeki gidi\u015fat\u0131 da merak ediliyor.\u00a0<\/span><span data-ccp-props=\"{}\">\u00a0<\/span><\/p>\n<p><img loading=\"lazy\" decoding=\"async\" class=\"size-full wp-image-95257\" src=\"https:\/\/www.tgrthaber.com\/mavikadin\/wp-content\/uploads\/Adsiz-tasarim-7-2.jpg\" alt=\"M\u00fcfit Kayacan kimdir?\" width=\"1600\" height=\"900\" title=\"\" srcset=\"https:\/\/www.tgrthaber.com\/mavikadin\/wp-content\/uploads\/Adsiz-tasarim-7-2.jpg 1600w, https:\/\/www.tgrthaber.com\/mavikadin\/wp-content\/uploads\/Adsiz-tasarim-7-2-300x169.jpg 300w, https:\/\/www.tgrthaber.com\/mavikadin\/wp-content\/uploads\/Adsiz-tasarim-7-2-1024x576.jpg 1024w, https:\/\/www.tgrthaber.com\/mavikadin\/wp-content\/uploads\/Adsiz-tasarim-7-2-768x432.jpg 768w, https:\/\/www.tgrthaber.com\/mavikadin\/wp-content\/uploads\/Adsiz-tasarim-7-2-1536x864.jpg 1536w\" sizes=\"(max-width: 1600px) 100vw, 1600px\" \/><\/p>\n<p><span data-contrast=\"auto\">Kayacan, ba\u015far\u0131l\u0131 oyunculu\u011fu, rol ald\u0131\u011f\u0131 tiyatro, dizi ve filmler, kazand\u0131\u011f\u0131 \u00f6d\u00fcllerle \u00f6n plana \u00e7\u0131k\u0131yor. \u015eimdilerde Uzak \u015eehir dizisinde rol alan Kayacan\u2019\u0131n dizideki rol\u00fcn\u00fcn nas\u0131l i\u015flenece\u011fi de merak ediliyor.\u00a0<\/span><span data-ccp-props=\"{}\">\u00a0<\/span><\/p>\n","protected":false},"excerpt":{"rendered":"<p>Kanal D ekranlar\u0131n\u0131n yeni dizisi \u2018Uzak \u015eehir\u2019 yay\u0131m hayat\u0131na ge\u00e7ti\u011fimiz hafta ba\u015flam\u0131\u015ft\u0131. Konusu ve g\u00fc\u00e7l\u00fc oyuncu kadrosuyla seyircinin be\u011fenisini toplayan dizi ge\u00e7ti\u011fimiz g\u00fcn ikinci b\u00f6l\u00fcm\u00fcyle seyirci kar\u015f\u0131s\u0131na \u00e7\u0131kt\u0131. G\u00fc\u00e7l\u00fc oyuncu kadrosuyla dikkatleri \u00fczerine \u00e7eken dizide Ecmel karakterine can veren M\u00fcfit Kayacan\u2019\u0131n kim oldu\u011fu da merak ediliyor. Peki, M\u00fcfit Kayacan kimdir? M\u00fcfit Kayacan ka\u00e7 ya\u015f\u0131nda, nereli? \u0130\u015fte M\u00fcfit Kayacan hakk\u0131nda merak edilenler\u2026  <\/p>\n","protected":false},"author":26,"featured_media":95259,"comment_status":"closed","ping_status":"closed","sticky":false,"template":"","format":"standard","meta":{"rank_math_lock_modified_date":false,"footnotes":""},"categories":[491],"tags":[2319,2293],"class_list":["post-95247","post","type-post","status-publish","format-standard","has-post-thumbnail","hentry","category-biyografi","tag-mufit-kayacan","tag-uzak-sehir"],"_links":{"self":[{"href":"https:\/\/www.tgrthaber.com\/mavikadin\/wp-json\/wp\/v2\/posts\/95247"}],"collection":[{"href":"https:\/\/www.tgrthaber.com\/mavikadin\/wp-json\/wp\/v2\/posts"}],"about":[{"href":"https:\/\/www.tgrthaber.com\/mavikadin\/wp-json\/wp\/v2\/types\/post"}],"author":[{"embeddable":true,"href":"https:\/\/www.tgrthaber.com\/mavikadin\/wp-json\/wp\/v2\/users\/26"}],"replies":[{"embeddable":true,"href":"https:\/\/www.tgrthaber.com\/mavikadin\/wp-json\/wp\/v2\/comments?post=95247"}],"version-history":[{"count":1,"href":"https:\/\/www.tgrthaber.com\/mavikadin\/wp-json\/wp\/v2\/posts\/95247\/revisions"}],"predecessor-version":[{"id":95261,"href":"https:\/\/www.tgrthaber.com\/mavikadin\/wp-json\/wp\/v2\/posts\/95247\/revisions\/95261"}],"wp:featuredmedia":[{"embeddable":true,"href":"https:\/\/www.tgrthaber.com\/mavikadin\/wp-json\/wp\/v2\/media\/95259"}],"wp:attachment":[{"href":"https:\/\/www.tgrthaber.com\/mavikadin\/wp-json\/wp\/v2\/media?parent=95247"}],"wp:term":[{"taxonomy":"category","embeddable":true,"href":"https:\/\/www.tgrthaber.com\/mavikadin\/wp-json\/wp\/v2\/categories?post=95247"},{"taxonomy":"post_tag","embeddable":true,"href":"https:\/\/www.tgrthaber.com\/mavikadin\/wp-json\/wp\/v2\/tags?post=95247"}],"curies":[{"name":"wp","href":"https:\/\/api.w.org\/{rel}","templated":true}]}}