{"id":95267,"date":"2024-11-19T10:46:37","date_gmt":"2024-11-19T07:46:37","guid":{"rendered":"https:\/\/www.tgrthaber.com\/mavikadin\/?p=95267"},"modified":"2024-11-19T10:47:43","modified_gmt":"2024-11-19T07:47:43","slug":"uzak-sehir-sahin-kimdir-uzak-sehir-in-sahini-alper-cankaya-kimdir-alper-cankaya-kac-yasinda-nereli","status":"publish","type":"post","link":"https:\/\/www.tgrthaber.com\/mavikadin\/uzak-sehir-sahin-kimdir-uzak-sehir-in-sahini-alper-cankaya-kimdir-alper-cankaya-kac-yasinda-nereli\/","title":{"rendered":"Uzak \u015eehir \u015eahin kimdir? Uzak \u015eehir \u2019in \u015eahin\u2019i Alper \u00c7ankaya kimdir? Alper \u00c7ankaya ka\u00e7 ya\u015f\u0131nda, nereli?"},"content":{"rendered":"<p>Kanal D ekranlar\u0131n\u0131n yeni dizisi \u2018Uzak \u015eehir\u2019 ekran maceras\u0131na ge\u00e7ti\u011fimiz hafta ba\u015flam\u0131\u015ft\u0131. \u0130lk b\u00f6l\u00fcm\u00fcyle izleyici taraf\u0131ndan b\u00fcy\u00fck ilgi g\u00f6ren dizi ge\u00e7ti\u011fimiz g\u00fcn ikinci b\u00f6l\u00fcm\u00fcyle seyirci kar\u015f\u0131s\u0131na \u00e7\u0131kt\u0131. Seyircinin be\u011fenisini toplayan dizi hem konusuyla hem de g\u00fc\u00e7l\u00fc oyuncu kadrosuyla da dikkatleri \u00fczerine \u00e7ekti.<\/p>\n<p>Sinem \u00dcnsal ve Ozan Akbaba\u2019n\u0131n ba\u015frollerini payla\u015ft\u0131klar\u0131 dizide Alper \u00c7ankaya, M\u00fcfit Kayacan, Gonca Cilasun, Ferit Kaya, Sahra \u015ea\u015f ve Dilin D\u00f6\u011fer gibi ba\u015far\u0131l\u0131 isimlerde yer al\u0131yor. Dizide \u015eahin Albora, karakterine can veren Alper \u00c7ankaya\u2019n\u0131n ise kim oldu\u011fu izleyici taraf\u0131ndan merak ediliyor. Peki, Uzak \u015eehir \u015eahin Albora kimdir? Uzak \u015eehir \u2019in \u015eahin\u2019i Alper \u00c7ankaya kimdir? Alper \u00c7ankaya ka\u00e7 ya\u015f\u0131nda, nereli? \u0130\u015fte Alper \u00c7ankaya hakk\u0131nda bilmeniz gerekenler\u2026<\/p>\n<h3>ALPER \u00c7ANKAYA K\u0130MD\u0130R?<\/h3>\n<p>Alper \u00c7ankaya, 1990 y\u0131l\u0131nda Tekirda\u011f\u2019da d\u00fcnyaya geldi. \u0130lkokul ve ortaokul e\u011fitimini tamamlayan \u00c7ankaya, lise e\u011fitimini Ankara\u2019da tamamlayarak y\u00fcksek \u00f6\u011frenime ge\u00e7i\u015f yapt\u0131. \u00c7ankaya, \u00fcniversite e\u011fitimine Gazi \u00dcniversitesi \u0130ktisat B\u00f6l\u00fcm\u00fc\u2019nde ba\u015flad\u0131. Fakat oyunculu\u011fa olan tutkusu onu oyunculuk sekt\u00f6r\u00fcne y\u00f6nlendirdi.<\/p>\n<p><img loading=\"lazy\" decoding=\"async\" class=\"size-full wp-image-95269\" src=\"https:\/\/www.tgrthaber.com\/mavikadin\/wp-content\/uploads\/Adsiz-tasarim-10-2.jpg\" alt=\"Alper \u00c7ankaya kimdir?\" width=\"1600\" height=\"900\" title=\"\" srcset=\"https:\/\/www.tgrthaber.com\/mavikadin\/wp-content\/uploads\/Adsiz-tasarim-10-2.jpg 1600w, https:\/\/www.tgrthaber.com\/mavikadin\/wp-content\/uploads\/Adsiz-tasarim-10-2-300x169.jpg 300w, https:\/\/www.tgrthaber.com\/mavikadin\/wp-content\/uploads\/Adsiz-tasarim-10-2-1024x576.jpg 1024w, https:\/\/www.tgrthaber.com\/mavikadin\/wp-content\/uploads\/Adsiz-tasarim-10-2-768x432.jpg 768w, https:\/\/www.tgrthaber.com\/mavikadin\/wp-content\/uploads\/Adsiz-tasarim-10-2-1536x864.jpg 1536w\" sizes=\"(max-width: 1600px) 100vw, 1600px\" \/><\/p>\n<p>\u00c7ankaya, tiyatro ve oyunculu\u011fa olan tutkusunu takip ederek Bilkent \u00dcniversitesi Tiyatro B\u00f6l\u00fcm\u00fc\u2019ne h\u0131zl\u0131 bir ge\u00e7i\u015f yapt\u0131. \u00c7ankaya, 2009 y\u0131l\u0131nda Gazi \u00dcniversitesi\u2019nde ba\u015flatt\u0131\u011f\u0131 \u00fcniversite hayat\u0131n\u0131 2017 y\u0131l\u0131nda Bilkent \u00dcniversitesi\u2019nde tamamlayarak bitirdi.<\/p>\n<h3>ALPER \u00c7ANKAYA KA\u00c7 YA\u015eINDA?<\/h3>\n<p>\u015eimdilerde 34 ya\u015f\u0131nda olan ba\u015far\u0131l\u0131 oyuncu, bir\u00e7ok \u00f6nemli projede yer alarak oyunculuk kariyerinde h\u0131zla y\u00fckselmi\u015ftir. Alper \u00c7ankaya, okudu\u011fu ve mezun oldu\u011fu Bilkent Tiyatrosu\u2019nda bir\u00e7ok \u00f6nemli i\u015fe imza atm\u0131\u015f ve bir\u00e7ok \u00f6nemli ki\u015fiyle tan\u0131\u015fma f\u0131rsat\u0131 yakalam\u0131\u015ft\u0131r.<\/p>\n<p><img loading=\"lazy\" decoding=\"async\" class=\"size-full wp-image-95271\" src=\"https:\/\/www.tgrthaber.com\/mavikadin\/wp-content\/uploads\/Adsiz-tasarim-9-2.jpg\" alt=\"Alper \u00c7ankaya kimdir?\" width=\"1600\" height=\"900\" title=\"\" srcset=\"https:\/\/www.tgrthaber.com\/mavikadin\/wp-content\/uploads\/Adsiz-tasarim-9-2.jpg 1600w, https:\/\/www.tgrthaber.com\/mavikadin\/wp-content\/uploads\/Adsiz-tasarim-9-2-300x169.jpg 300w, https:\/\/www.tgrthaber.com\/mavikadin\/wp-content\/uploads\/Adsiz-tasarim-9-2-1024x576.jpg 1024w, https:\/\/www.tgrthaber.com\/mavikadin\/wp-content\/uploads\/Adsiz-tasarim-9-2-768x432.jpg 768w, https:\/\/www.tgrthaber.com\/mavikadin\/wp-content\/uploads\/Adsiz-tasarim-9-2-1536x864.jpg 1536w\" sizes=\"(max-width: 1600px) 100vw, 1600px\" \/><\/p>\n<p>\u00c7ankaya, Aleksey Burago, Daniel Irizarry gibi \u00fcnl\u00fc y\u00f6netmenlerle \u00e7al\u0131\u015fma f\u0131rsat\u0131 yakalam\u0131\u015f ve John Uecker&#8217;in Method Acting, Susan Main&#8217;in Linklater Voice Seminerlerine kat\u0131larak oyunculuk alan\u0131nda kendini geli\u015ftirmi\u015ftir.<\/p>\n<h3>ALPER \u00c7ANKAYA OYUNCULUK KAR\u0130YER\u0130NDE NASIL \u0130LERLED\u0130!<\/h3>\n<p>\u00c7ankaya, 2016 y\u0131l\u0131nda ise Shangai Theatre Academy&#8217;de geleneksel \u00c7in operas\u0131 e\u011fitimi alarak uluslararas\u0131 bir perspektif \u00e7izmi\u015ftir. Tiyatro kariyerinde Bilkent \u00c7ocuk Tiyatrosu&#8217;nda da e\u011fitmenlik ve reji asistanl\u0131\u011f\u0131 gibi g\u00f6revler \u00fcstlenen \u00c7ankaya, mezun olduktan sonra Ankara&#8217;da &#8220;Sahne 367&#8221; adl\u0131 tiyatro toplulu\u011funu kurmu\u015f ve tiyatro alan\u0131nda kendini geli\u015ftirmeye devam etmi\u015ftir.<\/p>\n<p>\u00c7ankaya\u2019n\u0131n oyunculuk kariyeri sadece tiyatro ile s\u0131n\u0131rl\u0131 kalmam\u0131\u015f ayn\u0131 zamanda \u00e7e\u015fitli dizilerde de kendini g\u00f6stermi\u015ftir. Ba\u015far\u0131l\u0131 bir oyunculuk kariyeri \u00e7izen Alper \u00c7ankaya, Vatan\u0131m Sensin, Yarg\u0131, Ex A\u015fk\u0131m, Baba, Aile, Biz Kimden Ka\u00e7\u0131yorduk Anne? ve Gaddar gibi \u00f6nemli dizilerde boy g\u00f6stermi\u015ftir.<\/p>\n<p><img loading=\"lazy\" decoding=\"async\" class=\"size-full wp-image-95272\" src=\"https:\/\/www.tgrthaber.com\/mavikadin\/wp-content\/uploads\/Adsiz-tasarim-11-2.jpg\" alt=\"Alper \u00c7ankaya kimdir?\" width=\"1600\" height=\"900\" title=\"\" srcset=\"https:\/\/www.tgrthaber.com\/mavikadin\/wp-content\/uploads\/Adsiz-tasarim-11-2.jpg 1600w, https:\/\/www.tgrthaber.com\/mavikadin\/wp-content\/uploads\/Adsiz-tasarim-11-2-300x169.jpg 300w, https:\/\/www.tgrthaber.com\/mavikadin\/wp-content\/uploads\/Adsiz-tasarim-11-2-1024x576.jpg 1024w, https:\/\/www.tgrthaber.com\/mavikadin\/wp-content\/uploads\/Adsiz-tasarim-11-2-768x432.jpg 768w, https:\/\/www.tgrthaber.com\/mavikadin\/wp-content\/uploads\/Adsiz-tasarim-11-2-1536x864.jpg 1536w\" sizes=\"(max-width: 1600px) 100vw, 1600px\" \/><\/p>\n<p>\u00c7ankaya, oyunculuk kariyerinde Baba, Aile ve Gaddar gibi dizilerde pop\u00fclerli\u011fini art\u0131rm\u0131\u015f ve herkes taraf\u0131ndan tan\u0131nmaya ba\u015flanm\u0131\u015ft\u0131r. \u00c7ankaya, bu dizilerde sergiledi\u011fi performansla seyircinin be\u011fenisini toplam\u0131\u015ft\u0131r.<\/p>\n<p>Ayn\u0131 zamanda \u00c7ankaya, Cam Perde adl\u0131 filmdeki rol\u00fcyle 42. \u0130stanbul Film Festivali&#8217;nde &#8216;En \u0130yi Erkek Oyuncu&#8217; \u00f6d\u00fcl\u00fcne lay\u0131k g\u00f6r\u00fclm\u00fc\u015ft\u00fcr.<\/p>\n<h3>\u015eAH\u0130N KARAKTER\u0130YLE EKRANLARDA!<\/h3>\n<p>\u015eimdilerde Kanal D ekranlar\u0131nda her pazartesi izleyici kar\u015f\u0131s\u0131na \u00e7\u0131kan Uzak \u015eehir dizisindeki \u015eahin Albora karakteriyle seyirciyle bulu\u015fan Alper \u00c7ankaya, bu rol\u00fcyle de herkesten tam puan ald\u0131.<\/p>\n<p><img loading=\"lazy\" decoding=\"async\" class=\"size-full wp-image-95274\" src=\"https:\/\/www.tgrthaber.com\/mavikadin\/wp-content\/uploads\/Adsiz-tasarim-12-4.jpg\" alt=\"Alper \u00c7ankaya kimdir?\" width=\"1600\" height=\"900\" title=\"\" srcset=\"https:\/\/www.tgrthaber.com\/mavikadin\/wp-content\/uploads\/Adsiz-tasarim-12-4.jpg 1600w, https:\/\/www.tgrthaber.com\/mavikadin\/wp-content\/uploads\/Adsiz-tasarim-12-4-300x169.jpg 300w, https:\/\/www.tgrthaber.com\/mavikadin\/wp-content\/uploads\/Adsiz-tasarim-12-4-1024x576.jpg 1024w, https:\/\/www.tgrthaber.com\/mavikadin\/wp-content\/uploads\/Adsiz-tasarim-12-4-768x432.jpg 768w, https:\/\/www.tgrthaber.com\/mavikadin\/wp-content\/uploads\/Adsiz-tasarim-12-4-1536x864.jpg 1536w\" sizes=\"(max-width: 1600px) 100vw, 1600px\" \/><\/p>\n<p>Daha \u00f6nce rol ald\u0131\u011f\u0131 dizilerde de ba\u015far\u0131s\u0131yla ad\u0131ndan s\u00f6z ettiren \u00c7ankaya, Uzak \u015eehir dizisindeki rol\u00fcyle de dikkatleri \u00fczerine \u00e7ekmeyi ba\u015fard\u0131. Dizide \u015eahin karakterine can veren Alper \u00c7ankaya\u2019n\u0131n ilerleyen b\u00f6l\u00fcmlerde nas\u0131l bir performans sergileyece\u011fi de merak ediliyor.<\/p>\n","protected":false},"excerpt":{"rendered":"<p>Kanal D ekranlar\u0131n\u0131n yeni sezon dizisi \u2018Uzak \u015eehir\u2019 yay\u0131m hayat\u0131na ge\u00e7ti\u011fimiz hafta ba\u015flam\u0131\u015ft\u0131. Konusu ve g\u00fc\u00e7l\u00fc oyuncu kadrosuyla izleyicinin be\u011fenisini kazanan dizi ge\u00e7ti\u011fimiz g\u00fcn ikinci b\u00f6l\u00fcm\u00fcyle seyirci kar\u015f\u0131s\u0131na \u00e7\u0131kt\u0131. G\u00fc\u00e7l\u00fc oyuncu kadrosuyla dikkatleri \u00fczerine \u00e7eken dizide \u015eahin karakterine can veren Alper \u00c7ankaya\u2019n\u0131n kim oldu\u011fu da merak edildi. Peki, Alper \u00c7ankaya kimdir? Alper \u00c7ankaya ka\u00e7 ya\u015f\u0131nda, nereli? \u0130\u015fte Alper \u00c7ankaya hakk\u0131nda bilmeniz gerekenler\u2026 <\/p>\n","protected":false},"author":26,"featured_media":95275,"comment_status":"closed","ping_status":"closed","sticky":false,"template":"","format":"standard","meta":{"rank_math_lock_modified_date":false,"footnotes":""},"categories":[491],"tags":[2320,2293],"class_list":["post-95267","post","type-post","status-publish","format-standard","has-post-thumbnail","hentry","category-biyografi","tag-alper-cankaya","tag-uzak-sehir"],"_links":{"self":[{"href":"https:\/\/www.tgrthaber.com\/mavikadin\/wp-json\/wp\/v2\/posts\/95267"}],"collection":[{"href":"https:\/\/www.tgrthaber.com\/mavikadin\/wp-json\/wp\/v2\/posts"}],"about":[{"href":"https:\/\/www.tgrthaber.com\/mavikadin\/wp-json\/wp\/v2\/types\/post"}],"author":[{"embeddable":true,"href":"https:\/\/www.tgrthaber.com\/mavikadin\/wp-json\/wp\/v2\/users\/26"}],"replies":[{"embeddable":true,"href":"https:\/\/www.tgrthaber.com\/mavikadin\/wp-json\/wp\/v2\/comments?post=95267"}],"version-history":[{"count":1,"href":"https:\/\/www.tgrthaber.com\/mavikadin\/wp-json\/wp\/v2\/posts\/95267\/revisions"}],"predecessor-version":[{"id":95277,"href":"https:\/\/www.tgrthaber.com\/mavikadin\/wp-json\/wp\/v2\/posts\/95267\/revisions\/95277"}],"wp:featuredmedia":[{"embeddable":true,"href":"https:\/\/www.tgrthaber.com\/mavikadin\/wp-json\/wp\/v2\/media\/95275"}],"wp:attachment":[{"href":"https:\/\/www.tgrthaber.com\/mavikadin\/wp-json\/wp\/v2\/media?parent=95267"}],"wp:term":[{"taxonomy":"category","embeddable":true,"href":"https:\/\/www.tgrthaber.com\/mavikadin\/wp-json\/wp\/v2\/categories?post=95267"},{"taxonomy":"post_tag","embeddable":true,"href":"https:\/\/www.tgrthaber.com\/mavikadin\/wp-json\/wp\/v2\/tags?post=95267"}],"curies":[{"name":"wp","href":"https:\/\/api.w.org\/{rel}","templated":true}]}}