{"id":95307,"date":"2024-11-19T12:25:52","date_gmt":"2024-11-19T09:25:52","guid":{"rendered":"https:\/\/www.tgrthaber.com\/mavikadin\/?p=95307"},"modified":"2024-11-19T12:37:52","modified_gmt":"2024-11-19T09:37:52","slug":"kalpazan-adem-kimdir-kalpazanin-ademi-timucin-esen-kimdir-timucin-esen-kac-yasinda-evli-mi","status":"publish","type":"post","link":"https:\/\/www.tgrthaber.com\/mavikadin\/kalpazan-adem-kimdir-kalpazanin-ademi-timucin-esen-kimdir-timucin-esen-kac-yasinda-evli-mi\/","title":{"rendered":"Kalpazan Adem kimdir? Kalpazan\u2019\u0131n Adem\u2019i Timu\u00e7in Esen Kimdir? Timu\u00e7in Esen ka\u00e7 ya\u015f\u0131nda, evli mi?"},"content":{"rendered":"<p>Show TV ekranlar\u0131n\u0131n sevilen dizisi \u2018Kalpazan\u2019 yay\u0131n hayat\u0131na ge\u00e7ti\u011fimiz ay ba\u015flam\u0131\u015ft\u0131. Yay\u0131mland\u0131\u011f\u0131 g\u00fcnden bu yana seyircinin ilgisini ve be\u011fenisini toplayan Kalpazan dizisi, g\u00fc\u00e7l\u00fc oyuncu kadrosu ve konusuyla da dikkatleri \u00fczerine \u00e7ekiyor. Ba\u015frollerinde Timu\u00e7in Esen, \u00c7a\u011flar Ertu\u011frul, Deniz Baysal ve \u015e\u00fckran Oval\u0131\u2019n\u0131n yer ald\u0131\u011f\u0131 dizi g\u00fc\u00e7l\u00fc oyuncu kadrosuyla izleyicinin be\u011fenisini topluyor.<\/p>\n<p>Oyuncu kadrosuyla dikkatleri \u00fczerine toplayan dizide Adem karakterine can veren Timu\u00e7in Esen\u2019in performans\u0131 da olduk\u00e7a dikkat \u00e7ekiyor. Sadece televizyonda de\u011fil ayn\u0131 zamanda sosyal medyada da yo\u011fun bir ilgi g\u00f6ren dizinin son b\u00f6l\u00fcm\u00fcne Adem karakterine can veren Timu\u00e7in Esen damga vurdu. Peki, Timu\u00e7in Esen kimdir? Timu\u00e7in Esen ka\u00e7 ya\u015f\u0131nda, evli mi? \u0130\u015fte Timu\u00e7in Esen hakk\u0131nda merak edilenler\u2026<\/p>\n<h3>T\u0130MU\u00c7\u0130N ESEN K\u0130MD\u0130R?<\/h3>\n<p>Timu\u00e7in Esen, 14 A\u011fustos 1973 y\u0131l\u0131nda Adana\u2019da d\u00fcnyaya geldi. \u0130lkokul, ortaokul ve lise e\u011fitimini tamamlayan Esen, Ankara Ted Koleji mezunudur. Esen, Hacettepe \u00dcniversitesi Devlet Konservatuvar\u0131 Tiyatro B\u00f6l\u00fcm\u00fc&#8217;nde iki y\u0131l okumu\u015f daha sonras\u0131nda ise \u0130stanbul Mimar Sinan \u00dcniversitesi Tiyatro B\u00f6l\u00fcm\u00fc&#8217;ne ge\u00e7i\u015f yaparak y\u00fcksek\u00f6\u011frenimini tamamlam\u0131\u015ft\u0131r.<\/p>\n<p><img loading=\"lazy\" decoding=\"async\" class=\"size-full wp-image-95313\" src=\"https:\/\/www.tgrthaber.com\/mavikadin\/wp-content\/uploads\/Adsiz-tasarim-16-1.jpg\" alt=\"Timu\u00e7in Esen kimdir?\" width=\"1600\" height=\"900\" title=\"\" srcset=\"https:\/\/www.tgrthaber.com\/mavikadin\/wp-content\/uploads\/Adsiz-tasarim-16-1.jpg 1600w, https:\/\/www.tgrthaber.com\/mavikadin\/wp-content\/uploads\/Adsiz-tasarim-16-1-300x169.jpg 300w, https:\/\/www.tgrthaber.com\/mavikadin\/wp-content\/uploads\/Adsiz-tasarim-16-1-1024x576.jpg 1024w, https:\/\/www.tgrthaber.com\/mavikadin\/wp-content\/uploads\/Adsiz-tasarim-16-1-768x432.jpg 768w, https:\/\/www.tgrthaber.com\/mavikadin\/wp-content\/uploads\/Adsiz-tasarim-16-1-1536x864.jpg 1536w\" sizes=\"(max-width: 1600px) 100vw, 1600px\" \/><\/p>\n<p>Oyunculuk alan\u0131nda kendini geli\u015ftirmek isteyen Timu\u00e7in Esen, \u0130talya ve ABD\u2019de tiyatro e\u011fitimi alm\u0131\u015ft\u0131r. Los Angeles&#8217;taki California Insitute of the Arts \u00dcniversitesi&#8217;nde 7 y\u0131l sinema ve y\u00f6netmenlik \u00fczerine master yapan Esen, ABD&#8217;deki \u00fcnl\u00fc oyuncu ko\u00e7u Larry Moss&#8217;un \u00f6\u011frencileri aras\u0131nda yer almaktad\u0131r.<\/p>\n<h3>OYUNCULUK KAR\u0130YER\u0130NDE NASIL \u0130LERLED\u0130?<\/h3>\n<p>Yurt d\u0131\u015f\u0131nda \u00e7e\u015fitli e\u011fitimler alan ve kendini geli\u015ftiren Timu\u00e7in Esen, \u00f6\u011frencilik y\u0131llar\u0131nda \u2018\u00c7\u0131kmaz Sokak\u2019 ad\u0131nda bir film yapm\u0131\u015ft\u0131r. Esen, oyunculuk kariyerine ilk ad\u0131m\u0131n\u0131 \u2018Gurbet Kad\u0131n\u0131\u2019 dizisindeki \u2018Hakk\u0131 A\u011fa\u2019 karakteriyle atm\u0131\u015ft\u0131r. Bu karakterle izleyici taraf\u0131ndan \u00e7ok sevilen Esen, daha sonra Meltem Cumbul ve \u015eener \u015een gibi \u00f6nemli isimlerle \u2018G\u00f6n\u00fcl Yaras\u0131\u2019 adl\u0131 filmde birlikte rol alm\u0131\u015ft\u0131r. Esen, G\u00f6n\u00fcl yaras\u0131 filminde canland\u0131rd\u0131\u011f\u0131 \u2018Halil\u2019 karakteriyle 42. Antalya Alt\u0131n Portakal Film Festivali&#8217;nde ve S\u0130YAD (Sinema Yazarlar\u0131 Derne\u011fi)&#8217;da En iyi Yard\u0131mc\u0131 Erkek oyuncu \u00f6d\u00fcl\u00fcn\u00fc almaya hak kazanm\u0131\u015ft\u0131r.<\/p>\n<p><img loading=\"lazy\" decoding=\"async\" class=\"size-full wp-image-95314\" src=\"https:\/\/www.tgrthaber.com\/mavikadin\/wp-content\/uploads\/Adsiz-tasarim-18-2.jpg\" alt=\"Timu\u00e7in Esen kimdir?\" width=\"1600\" height=\"900\" title=\"\" srcset=\"https:\/\/www.tgrthaber.com\/mavikadin\/wp-content\/uploads\/Adsiz-tasarim-18-2.jpg 1600w, https:\/\/www.tgrthaber.com\/mavikadin\/wp-content\/uploads\/Adsiz-tasarim-18-2-300x169.jpg 300w, https:\/\/www.tgrthaber.com\/mavikadin\/wp-content\/uploads\/Adsiz-tasarim-18-2-1024x576.jpg 1024w, https:\/\/www.tgrthaber.com\/mavikadin\/wp-content\/uploads\/Adsiz-tasarim-18-2-768x432.jpg 768w, https:\/\/www.tgrthaber.com\/mavikadin\/wp-content\/uploads\/Adsiz-tasarim-18-2-1536x864.jpg 1536w\" sizes=\"(max-width: 1600px) 100vw, 1600px\" \/><\/p>\n<p>Bir\u00e7ok dizi ve filmde boy g\u00f6steren Timu\u00e7in Esen, \u2018Yaz\u0131 Tura\u2019 adl\u0131 filmde asker karakterini canland\u0131rm\u0131\u015f, \u2018H\u0131rs\u0131z Polis\u2019 adl\u0131 dizide ise \u00c7\u0131nar karakteriyle haf\u0131zlara kaz\u0131nm\u0131\u015ft\u0131r. Esen\u2019in bu rol\u00fc onun bir\u00e7ok \u00f6d\u00fcl kazanmas\u0131n\u0131 sa\u011flam\u0131\u015f ve oyunculuk kariyerinde zirveye \u00e7\u0131kmas\u0131na neden olmu\u015ftur. Esen hem tiyatro hem dizi hem de film projelerinde boy g\u00f6stermi\u015f ve ba\u015far\u0131l\u0131 bir oyunculuk performans\u0131 sergilemi\u015ftir. Esen, ba\u015far\u0131l\u0131 oyunculuk performans\u0131yla da bir\u00e7ok \u00f6d\u00fcle lay\u0131k g\u00f6r\u00fclm\u00fc\u015ft\u00fcr.<\/p>\n<h3>T\u0130MU\u00c7\u0130N ESEN KA\u00c7 YA\u015eINDA, EVL\u0130 M\u0130?<\/h3>\n<p>\u015eimdilerde 51 ya\u015f\u0131nda olan ba\u015far\u0131l\u0131 oyuncu, 2012 y\u0131l\u0131nda Bilge T\u00fcre ile d\u00fcnyaevine girmi\u015ftir. 2012 y\u0131l\u0131ndan bu yana mutlu beraberlikleri devam eden \u00e7iftin Ayda ve G\u00f6ky\u00fcz\u00fc ad\u0131n\u0131 verdikleri iki \u00e7ocuklar\u0131 d\u00fcnyaya gelmi\u015ftir.<\/p>\n<p>Ayn\u0131 zamanda uzun s\u00fcredir birlikte olan ve mutlu beraberliklerini devam ettiren Timu\u00e7in Esen ve Bilge T\u00fcre\u2019nin \u2018H\u0131rs\u0131z Polis\u2019 dizisinin setinde tan\u0131\u015ft\u0131klar\u0131 daha sonra ise evlenme karar\u0131 ald\u0131klar\u0131 biliniyor.<\/p>\n<p><img loading=\"lazy\" decoding=\"async\" class=\"size-full wp-image-95319\" src=\"https:\/\/www.tgrthaber.com\/mavikadin\/wp-content\/uploads\/Adsiz-tasarim-20-2.jpg\" alt=\"Timu\u00e7in Esen kimdir?\" width=\"1600\" height=\"900\" title=\"\" srcset=\"https:\/\/www.tgrthaber.com\/mavikadin\/wp-content\/uploads\/Adsiz-tasarim-20-2.jpg 1600w, https:\/\/www.tgrthaber.com\/mavikadin\/wp-content\/uploads\/Adsiz-tasarim-20-2-300x169.jpg 300w, https:\/\/www.tgrthaber.com\/mavikadin\/wp-content\/uploads\/Adsiz-tasarim-20-2-1024x576.jpg 1024w, https:\/\/www.tgrthaber.com\/mavikadin\/wp-content\/uploads\/Adsiz-tasarim-20-2-768x432.jpg 768w, https:\/\/www.tgrthaber.com\/mavikadin\/wp-content\/uploads\/Adsiz-tasarim-20-2-1536x864.jpg 1536w\" sizes=\"(max-width: 1600px) 100vw, 1600px\" \/><\/p>\n<p>Timu\u00e7in Esen, yaln\u0131zca oyunculuk sekt\u00f6r\u00fcnde de\u011fil ayn\u0131 zamanda m\u00fczik camias\u0131nda da kendini g\u00f6steriyor. M\u00fczi\u011fe tutkusu olan ba\u015far\u0131l\u0131 oyuncunun 2011 y\u0131l\u0131nda \u00e7\u0131kard\u0131\u011f\u0131 \u2018Mayho\u015f\u2019 adl\u0131 bir alb\u00fcm\u00fc bulunuyor.<\/p>\n<h3>KALPAZAN D\u0130Z\u0130S\u0130NDE ADEM KARAKTER\u0130N\u0130 CANLANDIRIYOR!<\/h3>\n<p>Timu\u00e7in Esen, 2016-2017 y\u0131llar\u0131 aras\u0131nda \u2018Bodrum Masal\u0131\u2019 adl\u0131 dizide canland\u0131rd\u0131\u011f\u0131 \u2018Faryal\u0131\u2019 karakteriyle seyircinin b\u00fcy\u00fck be\u011fenisini toplam\u0131\u015f ve y\u0131ld\u0131z\u0131n\u0131 daha \u00e7ok parlatm\u0131\u015ft\u0131r. Esen, ayn\u0131 zamanda \u2018Hekimo\u011flu\u2019 dizisinde canland\u0131rd\u0131\u011f\u0131 \u2018Ate\u015f Hekimo\u011flu\u2019 karakteriyle de izleyicinin be\u011fenisini toplam\u0131\u015ft\u0131.<\/p>\n<p><img loading=\"lazy\" decoding=\"async\" class=\"size-full wp-image-95320\" src=\"https:\/\/www.tgrthaber.com\/mavikadin\/wp-content\/uploads\/Adsiz-tasarim-19-2.jpg\" alt=\"Timu\u00e7in Esen kimdir?\" width=\"1600\" height=\"900\" title=\"\" srcset=\"https:\/\/www.tgrthaber.com\/mavikadin\/wp-content\/uploads\/Adsiz-tasarim-19-2.jpg 1600w, https:\/\/www.tgrthaber.com\/mavikadin\/wp-content\/uploads\/Adsiz-tasarim-19-2-300x169.jpg 300w, https:\/\/www.tgrthaber.com\/mavikadin\/wp-content\/uploads\/Adsiz-tasarim-19-2-1024x576.jpg 1024w, https:\/\/www.tgrthaber.com\/mavikadin\/wp-content\/uploads\/Adsiz-tasarim-19-2-768x432.jpg 768w, https:\/\/www.tgrthaber.com\/mavikadin\/wp-content\/uploads\/Adsiz-tasarim-19-2-1536x864.jpg 1536w\" sizes=\"(max-width: 1600px) 100vw, 1600px\" \/><\/p>\n<p>\u015eimdilerde Show TV ekranlar\u0131nda izleyici ile bulu\u015fan \u2018Kalpazan\u2019 dizisinde canland\u0131rd\u0131\u011f\u0131 \u2018Adem\u2019 karakteriyle b\u00fcy\u00fck be\u011feni topluyor. Adem karakterine can veren Esen, dizide darphanede \u00e7al\u0131\u015fan namuslu ve s\u0131radan bir memurdur. Fakat Adem, dizinin ilerleyen b\u00f6l\u00fcmlerinde o\u011flu Arda\u2019n\u0131n g\u00f6nl\u00fcn\u00fc alabilmek i\u00e7in haz\u0131rlad\u0131\u011f\u0131 masum s\u00fcrpriz, hayat\u0131n\u0131n alt\u00fcst olmas\u0131na sebep olur.<\/p>\n<p>Dizinin yay\u0131mlanan son b\u00f6l\u00fcm\u00fcnde de b\u00fcy\u00fck bir hayal k\u0131r\u0131kl\u0131\u011f\u0131na u\u011frayan Adem\u2019in ilerleyen b\u00f6l\u00fcmlerde neler ya\u015fayaca\u011f\u0131 da merak ediliyor.<\/p>\n","protected":false},"excerpt":{"rendered":"<p>Show TV ekranlar\u0131nda izleyici ile bulu\u015fan Kalpazan dizisi yay\u0131mland\u0131\u011f\u0131 g\u00fcnden bu yana ilgi g\u00f6rmeye devam ediyor. G\u00fc\u00e7l\u00fc oyuncu kadrosu ve konusuyla dikkatleri \u00fczerine \u00e7eken dizide oyuncular\u0131n kim oldu\u011fu da merak ediliyor. Ge\u00e7ti\u011fimiz b\u00f6l\u00fcme damga vuran Adem karakterine can veren Timu\u00e7in Esen\u2019in de kim oldu\u011fu merak edildi. Peki, Timu\u00e7in Esen kimdir? Timu\u00e7in Esen ka\u00e7 ya\u015f\u0131nda, evli mi? \u0130\u015fte Timu\u00e7in Esen hakk\u0131nda bilinmeyenler\u2026 <\/p>\n","protected":false},"author":26,"featured_media":95322,"comment_status":"closed","ping_status":"closed","sticky":false,"template":"","format":"standard","meta":{"rank_math_lock_modified_date":false,"footnotes":""},"categories":[491],"tags":[2328,2327],"class_list":["post-95307","post","type-post","status-publish","format-standard","has-post-thumbnail","hentry","category-biyografi","tag-kalpazan","tag-timucin-esen"],"_links":{"self":[{"href":"https:\/\/www.tgrthaber.com\/mavikadin\/wp-json\/wp\/v2\/posts\/95307"}],"collection":[{"href":"https:\/\/www.tgrthaber.com\/mavikadin\/wp-json\/wp\/v2\/posts"}],"about":[{"href":"https:\/\/www.tgrthaber.com\/mavikadin\/wp-json\/wp\/v2\/types\/post"}],"author":[{"embeddable":true,"href":"https:\/\/www.tgrthaber.com\/mavikadin\/wp-json\/wp\/v2\/users\/26"}],"replies":[{"embeddable":true,"href":"https:\/\/www.tgrthaber.com\/mavikadin\/wp-json\/wp\/v2\/comments?post=95307"}],"version-history":[{"count":1,"href":"https:\/\/www.tgrthaber.com\/mavikadin\/wp-json\/wp\/v2\/posts\/95307\/revisions"}],"predecessor-version":[{"id":95324,"href":"https:\/\/www.tgrthaber.com\/mavikadin\/wp-json\/wp\/v2\/posts\/95307\/revisions\/95324"}],"wp:featuredmedia":[{"embeddable":true,"href":"https:\/\/www.tgrthaber.com\/mavikadin\/wp-json\/wp\/v2\/media\/95322"}],"wp:attachment":[{"href":"https:\/\/www.tgrthaber.com\/mavikadin\/wp-json\/wp\/v2\/media?parent=95307"}],"wp:term":[{"taxonomy":"category","embeddable":true,"href":"https:\/\/www.tgrthaber.com\/mavikadin\/wp-json\/wp\/v2\/categories?post=95307"},{"taxonomy":"post_tag","embeddable":true,"href":"https:\/\/www.tgrthaber.com\/mavikadin\/wp-json\/wp\/v2\/tags?post=95307"}],"curies":[{"name":"wp","href":"https:\/\/api.w.org\/{rel}","templated":true}]}}