{"id":95362,"date":"2024-11-19T13:55:30","date_gmt":"2024-11-19T10:55:30","guid":{"rendered":"https:\/\/www.tgrthaber.com\/mavikadin\/?p=95362"},"modified":"2024-11-19T17:34:08","modified_gmt":"2024-11-19T14:34:08","slug":"buse-varol-photoshopun-dozunu-kacirdi-olan-esi-alisana-oldu","status":"publish","type":"post","link":"https:\/\/www.tgrthaber.com\/mavikadin\/buse-varol-photoshopun-dozunu-kacirdi-olan-esi-alisana-oldu\/","title":{"rendered":"Buse Varol foto\u015fopun dozunu ka\u00e7\u0131rd\u0131! Olan e\u015fi Ali\u015fan\u2019a oldu"},"content":{"rendered":"<p>\u00dcnl\u00fc \u015fark\u0131c\u0131 ve oyuncu Ali\u015fan, 2018 y\u0131l\u0131nda kendisi gibi oyuncu olan e\u015fi Buse Varol ile d\u00fcnyaevine girdi. \u2018Dostlar Mahallesi\u2019 adl\u0131 dizinin setinde tan\u0131\u015farak evlenme karar\u0131 alan \u00fcnl\u00fc \u00e7ift, 2018 y\u0131l\u0131ndan bu yana mutlu beraberliklerini devam ettiriyor.<\/p>\n<p>Mutlu beraberliklerinden iki \u00e7ocuk d\u00fcnyaya getiren \u00e7ift, \u015fimdilerde Paris\u2019te ba\u015f ba\u015fa tatil yap\u0131yor. \u00c7\u0131kt\u0131klar\u0131 tatilden s\u0131k\u00e7a payla\u015f\u0131mlar yapan Buse Varol, e\u015fi Ali\u015fan ile \u00e7ekildi\u011fi foto\u011fraf\u0131 sosyal medya hesab\u0131ndan payla\u015ft\u0131. Varol\u2019un yapt\u0131\u011f\u0131 payla\u015f\u0131m takip\u00e7ilerini g\u00fcld\u00fcrd\u00fc. Varol, yapt\u0131\u011f\u0131 payla\u015f\u0131mla sosyal medyan\u0131n diline d\u00fc\u015ft\u00fc.<\/p>\n<h3>BUSE VAROL PHOTOSHOPUN AYARINI DOZUNU KA\u00c7IRDI!<\/h3>\n<p>\u2018Dostlar Mahallesi\u2019 dizisinin setinde tan\u0131\u015farak birlikteliklerini evlilikle ta\u00e7land\u0131ran Ali\u015fan ve Buse Varol \u00e7ifti, 2018 y\u0131l\u0131nda nikah masas\u0131na oturmu\u015ftu. 2018 y\u0131l\u0131ndan bu yana mutlu beraberliklerini devam ettiren \u00e7ift, annelik ve babal\u0131k duygusunu ilk olarak 2019 y\u0131l\u0131nda kucaklar\u0131na ald\u0131klar\u0131 Burak ad\u0131ndaki o\u011fullar\u0131yla tatt\u0131.<\/p>\n<p><img loading=\"lazy\" decoding=\"async\" class=\"size-full wp-image-95366\" src=\"https:\/\/www.tgrthaber.com\/mavikadin\/wp-content\/uploads\/Adsiz-tasarim-27-1.jpg\" alt=\"Ali\u015fan ve Buse Varol \u00e7ifti\" width=\"1600\" height=\"900\" title=\"\" srcset=\"https:\/\/www.tgrthaber.com\/mavikadin\/wp-content\/uploads\/Adsiz-tasarim-27-1.jpg 1600w, https:\/\/www.tgrthaber.com\/mavikadin\/wp-content\/uploads\/Adsiz-tasarim-27-1-300x169.jpg 300w, https:\/\/www.tgrthaber.com\/mavikadin\/wp-content\/uploads\/Adsiz-tasarim-27-1-1024x576.jpg 1024w, https:\/\/www.tgrthaber.com\/mavikadin\/wp-content\/uploads\/Adsiz-tasarim-27-1-768x432.jpg 768w, https:\/\/www.tgrthaber.com\/mavikadin\/wp-content\/uploads\/Adsiz-tasarim-27-1-1536x864.jpg 1536w\" sizes=\"(max-width: 1600px) 100vw, 1600px\" \/><\/p>\n<p>Daha sonra \u00e7iftin 2021 y\u0131l\u0131nda Eliz ad\u0131n\u0131 koyduklar\u0131 k\u0131z \u00e7ocuklar\u0131 d\u00fcnyaya geldi. \u015eimdilerde annelik ve babal\u0131k duygusunu yo\u011fun bir \u015fekilde ya\u015fayan \u00e7ift, uzun s\u00fcren birliktelikleriyle magazin d\u00fcnyas\u0131n\u0131n g\u00fcndemine oturuyor.<\/p>\n<p>Mutlu evlilikleriyle herkesin dilinde olan \u00fcnl\u00fc \u00e7ift, ba\u015f ba\u015fa Paris tatiline \u00e7\u0131kt\u0131. Sosyal medyay\u0131 aktif olarak kullanan Ali\u015fan ve Buse Varol \u00e7ifti, yapt\u0131klar\u0131 payla\u015f\u0131mlarla takip\u00e7ilerini yaln\u0131z b\u0131rakm\u0131yor. Buse Varol, \u00e7\u0131kt\u0131klar\u0131 Paris tatilinden kareleri sosyal medya hesab\u0131ndan payla\u015f\u0131yor. Varol, son olarak e\u015fi Ali\u015fan ile Eyfel Kulesi\u2019nin \u00f6n\u00fcnde \u00e7ekildi\u011fi foto\u011fraf\u0131 Instagram \u00fczerinden takip\u00e7ileriyle payla\u015ft\u0131. Varol, yapt\u0131\u011f\u0131 payla\u015f\u0131mla takip\u00e7ilerinin diline d\u00fc\u015ft\u00fc.<\/p>\n<h3>OLAN E\u015e\u0130 AL\u0130\u015eAN\u2019A OLDU<\/h3>\n<p>Sosyal medya hesaplar\u0131n\u0131 aktif olarak kullanan Buse Varol\u2019un Instagram\u2019da 1,5 milyondan fazla takip\u00e7isi var. Sosyal medya hesab\u0131nda yapt\u0131\u011f\u0131 payla\u015f\u0131mlarla ad\u0131ndan s\u00f6z ettiren Varol, e\u015fi Ali\u015fan ile \u00e7\u0131kt\u0131klar\u0131 Paris tatilinden kareleri Instagram hesab\u0131ndan takip\u00e7ileriyle payla\u015ft\u0131.<\/p>\n<p><img loading=\"lazy\" decoding=\"async\" class=\"size-full wp-image-95372\" src=\"https:\/\/www.tgrthaber.com\/mavikadin\/wp-content\/uploads\/Adsiz-tasarim-24-2.jpg\" alt=\"Ali\u015fan ve Buse Varol \u00e7ifti\" width=\"1600\" height=\"900\" title=\"\" srcset=\"https:\/\/www.tgrthaber.com\/mavikadin\/wp-content\/uploads\/Adsiz-tasarim-24-2.jpg 1600w, https:\/\/www.tgrthaber.com\/mavikadin\/wp-content\/uploads\/Adsiz-tasarim-24-2-300x169.jpg 300w, https:\/\/www.tgrthaber.com\/mavikadin\/wp-content\/uploads\/Adsiz-tasarim-24-2-1024x576.jpg 1024w, https:\/\/www.tgrthaber.com\/mavikadin\/wp-content\/uploads\/Adsiz-tasarim-24-2-768x432.jpg 768w, https:\/\/www.tgrthaber.com\/mavikadin\/wp-content\/uploads\/Adsiz-tasarim-24-2-1536x864.jpg 1536w\" sizes=\"(max-width: 1600px) 100vw, 1600px\" \/><\/p>\n<p>Buse Varol, Paris\u2019te Eyfel Kulesi\u2019nin \u00f6n\u00fcnde e\u015fi Ali\u015fan ile \u00e7ekildi\u011fi foto\u011fraflar\u0131 sosyal medya hesab\u0131ndan payla\u015ft\u0131. Photoshopun dozunu art\u0131ran Varol, takip\u00e7ilerinin diline d\u00fc\u015ft\u00fc. Yapt\u0131\u011f\u0131 payla\u015f\u0131mla takip\u00e7ilerini g\u00fcld\u00fcren Varol, sosyal medya kullan\u0131c\u0131lar\u0131n\u0131n esprili yorumlar\u0131yla kar\u015f\u0131 kar\u015f\u0131ya kald\u0131.<\/p>\n<h3>BUSE VAROL E\u015e\u0130 AL\u0130\u015eAN\u2019I YAPTI\u011eI PAYLA\u015eIMLA HARCADI!<\/h3>\n<p>Varol, photoshopun dozunu ka\u00e7\u0131rarak, e\u015fi Ali\u015fan\u2019\u0131 harcad\u0131. Yapt\u0131\u011f\u0131 boy uzatma shopuyla takip\u00e7ilerinin diline d\u00fc\u015fen Varol, sosyal medya kullan\u0131c\u0131lar\u0131n\u0131n komik yorumlar\u0131yla kar\u015f\u0131 kar\u015f\u0131ya kald\u0131.<\/p>\n<p><img loading=\"lazy\" decoding=\"async\" class=\"size-full wp-image-95376\" src=\"https:\/\/www.tgrthaber.com\/mavikadin\/wp-content\/uploads\/Adsiz-tasarim-25-1.jpg\" alt=\"Ali\u015fan ve Buse Varol \u00e7ifti\" width=\"1600\" height=\"900\" title=\"\" srcset=\"https:\/\/www.tgrthaber.com\/mavikadin\/wp-content\/uploads\/Adsiz-tasarim-25-1.jpg 1600w, https:\/\/www.tgrthaber.com\/mavikadin\/wp-content\/uploads\/Adsiz-tasarim-25-1-300x169.jpg 300w, https:\/\/www.tgrthaber.com\/mavikadin\/wp-content\/uploads\/Adsiz-tasarim-25-1-1024x576.jpg 1024w, https:\/\/www.tgrthaber.com\/mavikadin\/wp-content\/uploads\/Adsiz-tasarim-25-1-768x432.jpg 768w, https:\/\/www.tgrthaber.com\/mavikadin\/wp-content\/uploads\/Adsiz-tasarim-25-1-1536x864.jpg 1536w\" sizes=\"(max-width: 1600px) 100vw, 1600px\" \/><\/p>\n<p>Photoshopun dozunu ka\u00e7\u0131ran Varol, e\u015fi Ali\u015fan\u2019\u0131n bacaklar\u0131n\u0131n oldu\u011funda da uzun g\u00f6z\u00fckmesine sebep oldu. Bunun \u00fczerine sosyal medya kullan\u0131c\u0131lar\u0131 Varol\u2019un foto\u011fraf\u0131n\u0131n alt\u0131na: \u201cBu nas\u0131l filtre\u201d, \u201cAli\u015fan iki metre olmu\u015f\u201d, \u201cAli\u015fan\u2019\u0131n bacaklar\u0131na ne olmu\u015f?\u201d, \u201cKukla bacak olmu\u015f\u201d, \u201cAli\u015fan basket\u00e7i olmu\u015f\u201d, \u201cBuse Ali abiye ne yapt\u0131n?\u201d, \u201cAli\u015fan g\u00f6\u011fe de\u011fmi\u015f\u201d, \u201cEyfel Kulesi ile ayn\u0131 boy olmu\u015fsunuz\u201d tarz\u0131nda komik yorumlar yap\u0131ld\u0131.<\/p>\n<p>\u0130\u015fte Buse Varol\u2019un sosyal medya hesab\u0131ndan yapt\u0131\u011f\u0131 ve herkesin diline d\u00fc\u015ft\u00fc\u011f\u00fc o payla\u015f\u0131m\u2026<\/p>\n<p><img loading=\"lazy\" decoding=\"async\" class=\"size-full wp-image-95378\" src=\"https:\/\/www.tgrthaber.com\/mavikadin\/wp-content\/uploads\/Adsiz-tasarim-29-1.jpg\" alt=\"Buse Varol&#039;un Paris tatili payla\u015f\u0131m\u0131 \" width=\"310\" height=\"553\" title=\"\" srcset=\"https:\/\/www.tgrthaber.com\/mavikadin\/wp-content\/uploads\/Adsiz-tasarim-29-1.jpg 310w, https:\/\/www.tgrthaber.com\/mavikadin\/wp-content\/uploads\/Adsiz-tasarim-29-1-168x300.jpg 168w\" sizes=\"(max-width: 310px) 100vw, 310px\" \/><\/p>\n","protected":false},"excerpt":{"rendered":"<p>Mutlu beraberliklerini 2018 y\u0131l\u0131ndan bu yana devam ettiren Ali\u015fan ve Buse Varol \u00e7ifti, Paris\u2019e tatile \u00e7\u0131kt\u0131. Paris tatilinde sosyal medya hesab\u0131ndan s\u0131k\u00e7a payla\u015f\u0131m yapan Buse Varol, e\u015fi Ali\u015fan ile olan foto\u011fraf\u0131n\u0131 takip\u00e7ileriyle payla\u015ft\u0131. Varol\u2019un payla\u015f\u0131m\u0131n\u0131n alt\u0131na binlerce yorum ya\u011fd\u0131\u2026 <\/p>\n","protected":false},"author":26,"featured_media":95382,"comment_status":"closed","ping_status":"closed","sticky":false,"template":"","format":"standard","meta":{"rank_math_lock_modified_date":false,"footnotes":""},"categories":[76],"tags":[147,2342],"class_list":["post-95362","post","type-post","status-publish","format-standard","has-post-thumbnail","hentry","category-magazin","tag-alisan","tag-buse-varol"],"_links":{"self":[{"href":"https:\/\/www.tgrthaber.com\/mavikadin\/wp-json\/wp\/v2\/posts\/95362"}],"collection":[{"href":"https:\/\/www.tgrthaber.com\/mavikadin\/wp-json\/wp\/v2\/posts"}],"about":[{"href":"https:\/\/www.tgrthaber.com\/mavikadin\/wp-json\/wp\/v2\/types\/post"}],"author":[{"embeddable":true,"href":"https:\/\/www.tgrthaber.com\/mavikadin\/wp-json\/wp\/v2\/users\/26"}],"replies":[{"embeddable":true,"href":"https:\/\/www.tgrthaber.com\/mavikadin\/wp-json\/wp\/v2\/comments?post=95362"}],"version-history":[{"count":2,"href":"https:\/\/www.tgrthaber.com\/mavikadin\/wp-json\/wp\/v2\/posts\/95362\/revisions"}],"predecessor-version":[{"id":95517,"href":"https:\/\/www.tgrthaber.com\/mavikadin\/wp-json\/wp\/v2\/posts\/95362\/revisions\/95517"}],"wp:featuredmedia":[{"embeddable":true,"href":"https:\/\/www.tgrthaber.com\/mavikadin\/wp-json\/wp\/v2\/media\/95382"}],"wp:attachment":[{"href":"https:\/\/www.tgrthaber.com\/mavikadin\/wp-json\/wp\/v2\/media?parent=95362"}],"wp:term":[{"taxonomy":"category","embeddable":true,"href":"https:\/\/www.tgrthaber.com\/mavikadin\/wp-json\/wp\/v2\/categories?post=95362"},{"taxonomy":"post_tag","embeddable":true,"href":"https:\/\/www.tgrthaber.com\/mavikadin\/wp-json\/wp\/v2\/tags?post=95362"}],"curies":[{"name":"wp","href":"https:\/\/api.w.org\/{rel}","templated":true}]}}