{"id":95363,"date":"2024-11-19T14:20:21","date_gmt":"2024-11-19T11:20:21","guid":{"rendered":"https:\/\/www.tgrthaber.com\/mavikadin\/?p=95363"},"modified":"2024-11-19T16:16:20","modified_gmt":"2024-11-19T13:16:20","slug":"95363-2","status":"publish","type":"post","link":"https:\/\/www.tgrthaber.com\/mavikadin\/95363-2\/","title":{"rendered":"\u015eevval Sam&#8217;\u0131n 29 Ekim konserinin \u00fccreti olay olmu\u015ftu! G\u00fcnler sonra ilk kez konu\u015ftu"},"content":{"rendered":"<p>29 Ekim Cumhuriyet Bayram\u0131nda 2 saat sahnede konser vermek kar\u015f\u0131l\u0131\u011f\u0131nda belediyelerden \u00e7ok u\u00e7uk miktarda \u00fccret istedikleri i\u00e7in g\u00fcndeme gelen \u00fcnl\u00fc isimler magazin g\u00fcndeminde en \u00e7ok tart\u0131\u015f\u0131lan konulardan biri olmu\u015ftu.<\/p>\n<p>Sevilen pop\u00e7u Hadise ve \u015eevval Sam gibi birka\u00e7 \u00fcnl\u00fc ismin de bu konuya dahil oldu\u011fu biliniyor ve \u00f6zellikle de \u015fark\u0131c\u0131 \u015eevval Sam&#8217;\u0131n iddialara g\u00f6re istedi\u011fi \u00fccret olay olmu\u015ftu.<\/p>\n<p>\u015eevval Sam&#8217;\u0131n \u0130zmir Konak Belediyesi&#8217;nden 29 Ekim Cumhuriyet Bayram\u0131 kutlamalar\u0131 i\u00e7in sahne almaya y\u00f6nelik tam\u00a0 5 milyon TL \u00f6deme alaca\u011f\u0131 \u00f6ne s\u00fcr\u00fclm\u00fc\u015ft\u00fc.<\/p>\n<p>\u00dcnl\u00fc \u015fark\u0131c\u0131 \u015eevval Sam&#8217;\u0131n sahne i\u00e7in alaca\u011f\u0131 \u00fccret sosyal medyaya damga vururken ard\u0131 arkas\u0131 kesilmeden gelen ele\u015ftiri ve tepkilerin bir di\u011fer odak noktas\u0131 da \u00f6zellikle Cumhuriyet Bayram\u0131 gibi \u00f6nemli bir g\u00fcnde istenen \u00fccretin fahi\u015f rakam olmas\u0131yd\u0131&#8230;<\/p>\n<h3>29 EK\u0130M KONSER\u0130 \u0130\u00c7\u0130N \u0130STED\u0130\u011e\u0130 \u00dcCRETLE G\u00dcNDEM OLAN \u015eEVVAM SAM&#8217;DAN A\u00c7IKLAMA<\/h3>\n<p>\u015eevval Sam&#8217;\u0131n \u0130zmir Konak Belediyesi&#8217;nin 29 Ekim Cumhuriyet Bayram\u0131 kutlamalar\u0131 kapsam\u0131nda planlad\u0131\u011f\u0131 konserden 5 milyon 300 bin TL istedi\u011fi \u00f6ne s\u00fcr\u00fclm\u00fc\u015ft\u00fc.<\/p>\n<p>Konsere y\u00f6nelik ayr\u0131lan b\u00fct\u00e7enin belgesi oldu\u011fu \u00f6ne s\u00fcr\u00fclen g\u00f6rsel bir \u015fekilde sosyal medyaya yay\u0131lm\u0131\u015f, alaca\u011f\u0131 y\u00fcksek miktardaki para sebebiyle de ele\u015ftiri oklar\u0131n hedefi haline gelen \u015fark\u0131c\u0131 \u015eevval Sam iyiden iyiye ele\u015ftirilerin odak noktas\u0131 haline gelmi\u015fti.<\/p>\n<p><img loading=\"lazy\" decoding=\"async\" class=\"size-full wp-image-95400\" src=\"https:\/\/www.tgrthaber.com\/mavikadin\/wp-content\/uploads\/Adsiz-tasarim-2024-11-19T141206.663.jpg\" alt=\"\u015eevval Sam 29 ekim konseri\" width=\"1920\" height=\"1080\" title=\"\" srcset=\"https:\/\/www.tgrthaber.com\/mavikadin\/wp-content\/uploads\/Adsiz-tasarim-2024-11-19T141206.663.jpg 1920w, https:\/\/www.tgrthaber.com\/mavikadin\/wp-content\/uploads\/Adsiz-tasarim-2024-11-19T141206.663-300x169.jpg 300w, https:\/\/www.tgrthaber.com\/mavikadin\/wp-content\/uploads\/Adsiz-tasarim-2024-11-19T141206.663-1024x576.jpg 1024w, https:\/\/www.tgrthaber.com\/mavikadin\/wp-content\/uploads\/Adsiz-tasarim-2024-11-19T141206.663-768x432.jpg 768w, https:\/\/www.tgrthaber.com\/mavikadin\/wp-content\/uploads\/Adsiz-tasarim-2024-11-19T141206.663-1536x864.jpg 1536w\" sizes=\"(max-width: 1920px) 100vw, 1920px\" \/><\/p>\n<p>Sosyal medyada giderek artan ve temize \u00e7\u0131kamad\u0131\u011f\u0131 tepkiler ve ele\u015ftiriler sonras\u0131nda \u015eevval Sam, ajans\u0131 ile ortak bir g\u00f6nderi payla\u015farak sosyal medyada gezen belgenin standart teklif belgesi oldu\u011fu ve s\u00f6z konusu rakam\u0131n da total organizasyon b\u00fct\u00e7esi oldu\u011funu dile getirmi\u015fti.<\/p>\n<h3>\u015eEVVAL SAM: SERBEST P\u0130YASADA HERKES \u0130STED\u0130\u011e\u0130 RAKAMI ALAB\u0130L\u0130R ANCAK&#8230;<\/h3>\n<p>Konser i\u00e7in yurtd\u0131\u015f\u0131na \u00e7\u0131kan \u015eevval Sam, ge\u00e7ti\u011fimiz saatlerde KKTC d\u00f6n\u00fc\u015f\u00fc \u0130stanbul Havaliman\u0131\u2019nda kameralara yans\u0131yan \u015eam, ge\u00e7mi\u015f zamanda olay olan o konuya dair yeni bir a\u00e7\u0131klamada bulundu.<\/p>\n<p>5 Milyon TL alaca\u011f\u0131 \u00f6ne s\u00fcr\u00fclerek topa tutulan \u015eevval Sam, &#8220;Bahsedilen rakamlar kesinlikle do\u011fru de\u011fil. Piyasa ara\u015ft\u0131rmas\u0131 yap\u0131l\u0131rsa kimin ne kadar ald\u0131\u011f\u0131 \u00e7ok net g\u00f6r\u00fcl\u00fcr. Ayr\u0131ca serbest piyasada herkes istedi\u011fi rakam\u0131 alabilir. Ancak bizim bu rakamlarla uzaktan yak\u0131ndan alakam\u0131z yok. Bahsi ge\u00e7en rakamlar, t\u00fcm organizasyonun toplam maliyetidir ve benimle bir ilgisi yok&#8221; a\u00e7\u0131klamalar\u0131nda bulundu.<\/p>\n<p><img loading=\"lazy\" decoding=\"async\" class=\"alignnone size-full wp-image-95404\" src=\"https:\/\/www.tgrthaber.com\/mavikadin\/wp-content\/uploads\/Adsiz-tasarim-2024-11-19T141247.493.jpg\" alt=\"\" width=\"1920\" height=\"1080\" title=\"\" srcset=\"https:\/\/www.tgrthaber.com\/mavikadin\/wp-content\/uploads\/Adsiz-tasarim-2024-11-19T141247.493.jpg 1920w, https:\/\/www.tgrthaber.com\/mavikadin\/wp-content\/uploads\/Adsiz-tasarim-2024-11-19T141247.493-300x169.jpg 300w, https:\/\/www.tgrthaber.com\/mavikadin\/wp-content\/uploads\/Adsiz-tasarim-2024-11-19T141247.493-1024x576.jpg 1024w, https:\/\/www.tgrthaber.com\/mavikadin\/wp-content\/uploads\/Adsiz-tasarim-2024-11-19T141247.493-768x432.jpg 768w, https:\/\/www.tgrthaber.com\/mavikadin\/wp-content\/uploads\/Adsiz-tasarim-2024-11-19T141247.493-1536x864.jpg 1536w\" sizes=\"(max-width: 1920px) 100vw, 1920px\" \/><\/p>\n","protected":false},"excerpt":{"rendered":"<p>Ge\u00e7ti\u011fimiz aylarda 29 Ekim kutlamas\u0131 i\u00e7in istedi\u011fi rekor fiyatla g\u00fcndeme damga vuran \u015fark\u0131c\u0131 \u015eevval Sam&#8217;\u0131n \u0130zmir Belediyesi&#8217;nden konser i\u00e7in 5 milyon TL kazand\u0131\u011f\u0131 iddias\u0131na \u015fark\u0131c\u0131dan ilk kez a\u00e7\u0131klama geldi.<\/p>\n","protected":false},"author":27,"featured_media":95405,"comment_status":"closed","ping_status":"closed","sticky":false,"template":"","format":"standard","meta":{"rank_math_lock_modified_date":false,"footnotes":""},"categories":[76],"tags":[2344,2343],"class_list":["post-95363","post","type-post","status-publish","format-standard","has-post-thumbnail","hentry","category-magazin","tag-29-ekim-konserleri","tag-sevval-sam"],"_links":{"self":[{"href":"https:\/\/www.tgrthaber.com\/mavikadin\/wp-json\/wp\/v2\/posts\/95363"}],"collection":[{"href":"https:\/\/www.tgrthaber.com\/mavikadin\/wp-json\/wp\/v2\/posts"}],"about":[{"href":"https:\/\/www.tgrthaber.com\/mavikadin\/wp-json\/wp\/v2\/types\/post"}],"author":[{"embeddable":true,"href":"https:\/\/www.tgrthaber.com\/mavikadin\/wp-json\/wp\/v2\/users\/27"}],"replies":[{"embeddable":true,"href":"https:\/\/www.tgrthaber.com\/mavikadin\/wp-json\/wp\/v2\/comments?post=95363"}],"version-history":[{"count":6,"href":"https:\/\/www.tgrthaber.com\/mavikadin\/wp-json\/wp\/v2\/posts\/95363\/revisions"}],"predecessor-version":[{"id":95482,"href":"https:\/\/www.tgrthaber.com\/mavikadin\/wp-json\/wp\/v2\/posts\/95363\/revisions\/95482"}],"wp:featuredmedia":[{"embeddable":true,"href":"https:\/\/www.tgrthaber.com\/mavikadin\/wp-json\/wp\/v2\/media\/95405"}],"wp:attachment":[{"href":"https:\/\/www.tgrthaber.com\/mavikadin\/wp-json\/wp\/v2\/media?parent=95363"}],"wp:term":[{"taxonomy":"category","embeddable":true,"href":"https:\/\/www.tgrthaber.com\/mavikadin\/wp-json\/wp\/v2\/categories?post=95363"},{"taxonomy":"post_tag","embeddable":true,"href":"https:\/\/www.tgrthaber.com\/mavikadin\/wp-json\/wp\/v2\/tags?post=95363"}],"curies":[{"name":"wp","href":"https:\/\/api.w.org\/{rel}","templated":true}]}}